{"id":688070,"date":"2026-01-25T11:25:12","date_gmt":"2026-01-25T11:25:12","guid":{"rendered":"https:\/\/www.europesays.com\/fr\/688070\/"},"modified":"2026-01-25T11:25:12","modified_gmt":"2026-01-25T11:25:12","slug":"video-a-paris-des-dinosaures-geants-envahissent-latelier-des-lumieres-avec-une-experience-immersive-inedite","status":"publish","type":"post","link":"https:\/\/www.europesays.com\/fr\/688070\/","title":{"rendered":"VID\u00c9O. \u00c0 Paris, des dinosaures g\u00e9ants envahissent l\u2019Atelier des Lumi\u00e8res avec une exp\u00e9rience immersive in\u00e9dite"},"content":{"rendered":"<p>                    Par<br \/>\n        <strong><br \/>\n            <a href=\"https:\/\/actu.fr\/auteur\/thomas-rideau\" title=\"Consulter tous les articles de Thomas Rideau\" target=\"_blank\" rel=\"noopener\">Thomas Rideau<\/a><br \/>\n                    <\/strong><\/p>\n<p>        Publi\u00e9 le<\/p>\n<p>            25 janv. 2026 \u00e0 11h51        <\/p>\n<p>Une id\u00e9e de sortie<strong> pour ce weekend\u2009?<\/strong> Propos\u00e9e jusqu\u2019au d\u00e9but du mois de mars\u00a02026, \u00ab\u2009l\u2019exp\u00e9rience immersive\u2009\u00bb Plan\u00e8te Pr\u00e9historique\u2009: Dinosaures se tient actuellement \u00e0 l<a href=\"https:\/\/actu.fr\/ile-de-france\/paris_75056\/l-atelier-des-lumieres-va-rouvrir-ses-portes-a-paris_33808753.html\" target=\"_blank\" rel=\"noopener\">\u2019Atelier des Lumi\u00e8res<\/a>, dans le 11\u1d49 arrondissement de <a href=\"https:\/\/actu.fr\/ile-de-france\/paris_75056\" target=\"_blank\" rel=\"noopener\">Paris<\/a>. Sur quelques milliers de m\u00e8tres carr\u00e9s, des \u00e9crans g\u00e9ants montrent des dinosaures g\u00e9ants dans diff\u00e9rents contextes. Impressionnant et immersif.<strong> L\u2019exp\u00e9rience vaut le coup d\u2019\u0153il<\/strong>.<\/p>\n<p>\u00ab\u2009Une exp\u00e9rience totale\u2009\u00bb<\/p>\n<p class=\" wall-content\"><strong>\u00ab\u2009C\u2019est fascinant\u2009\u00bb<\/strong>, r\u00e9sume Simon Eyri\u00e8s, le directeur de l\u2019atelier des Lumi\u00e8res. \u00ab\u2009On entre dans une machine \u00e0 remonter le temps, <strong>66\u00a0millions d\u2019ann\u00e9es en arri\u00e8re<\/strong>\u2009\u00bb, indique-t-il. Dans le vaste hall de l\u2019atelier, sur les immenses \u00e9crans, les dinosaures surgissent. Des sc\u00e8nes diff\u00e9rentes s\u2019encha\u00eenent. \u00ab\u2009Avec la voix de <strong>G\u00e9rard Lanvin<\/strong> et la musique d\u2019Hans Zimmer\u2009\u00bb, glisse le responsable. C\u2019est un vrai spectacle, \u00ab\u2009une exp\u00e9rience totale\u2009\u00bb.<\/p>\n<blockquote class=\"tiktok-embed\" cite=\"https:\/\/www.tiktok.com\/@actu.paris\/video\/7597872724588891414\" data-video-id=\"7597872724588891414\" data-embed-from=\"oembed\" style=\"max-width:605px; min-width:325px;\"><p>\n<a target=\"_blank\" title=\"@actu.paris\" href=\"https:\/\/www.tiktok.com\/@actu.paris?refer=embed\" rel=\"noopener\">@actu.paris<\/a> <\/p>\n<p>\ud83e\udd96 Les dinosaures d\u00e9barquent dans le 11e arrondissement de Paris, \u00e0 l\u2019Atelier des Lumi\u00e8res. L\u2019exp\u00e9rience immersive est disponible jusqu\u2019au 8 mars. <a title=\"dinosaure\" target=\"_blank\" href=\"https:\/\/www.tiktok.com\/tag\/dinosaure?refer=embed\" rel=\"noopener\">#dinosaure<\/a> <a title=\"paris\" target=\"_blank\" href=\"https:\/\/www.tiktok.com\/tag\/paris?refer=embed\" rel=\"noopener\">#paris<\/a> <a title=\"sortiesparis\" target=\"_blank\" href=\"https:\/\/www.tiktok.com\/tag\/sortiesparis?refer=embed\" rel=\"noopener\">#sortiesparis<\/a> <a title=\"exp\u00e9rience\" target=\"_blank\" href=\"https:\/\/www.tiktok.com\/tag\/exp%C3%A9rience?refer=embed\" rel=\"noopener\">#exp\u00e9rience<\/a> <a title=\"atelierdeslumieres\" target=\"_blank\" href=\"https:\/\/www.tiktok.com\/tag\/atelierdeslumieres?refer=embed\" rel=\"noopener\">#atelierdeslumieres<\/a> <\/p>\n<p> <a target=\"_blank\" title=\"\u266c Chill Vibes - Febri Handika\" href=\"https:\/\/www.tiktok.com\/music\/Chill-Vibes-7323194262220621825?refer=embed\" rel=\"noopener\">\u266c Chill Vibes \u2013 Febri Handika<\/a> <\/p>\n<\/blockquote>\n<p class=\" wall-content\">L\u2019exp\u00e9rience s\u2019adresse \u00ab\u2009aux familles\u2009\u00bb, assure Simon Eyri\u00e8s. \u00ab\u2009C\u2019est pour tout le monde. Un adulte ne va pas s\u2019ennuyer\u2009\u00bb, pr\u00e9cise-t-il. T-rex g\u00e9ant, monstres marins\u2026 Certaines images peuvent peut-\u00eatre impressionner les plus jeunes. Pour ces derniers, <strong>un espace entier leur est r\u00e9serv\u00e9<\/strong>. Dans une salle de l\u2019Atelier, il est possible de dessiner son propre dinosaure, de le scanner, et de le voir s\u2019animer sur un \u00e9cran g\u00e9ant (pas d\u2019inqui\u00e9tude, on a vu des adultes se prendre au jeu).<\/p>\n<p>La Renaissance \u00e0 l&rsquo;honneur en mars<\/p>\n<p>\u00c0 partir du 13\u00a0mars, l\u2019Atelier des Lumi\u00e8res, qui accueille un million de visiteurs par an, va proposer une nouvelle exp\u00e9rience avec le sujet \u00ab\u2009La Renaissance\u2009\u00bb. Elle mettra \u00e0 l\u2019honneur des peintres de renom comme L\u00e9onard De Vinci, Rapha\u00ebl, Michel-Ange\u2026 Surtout, l\u2019immersion va \u00eatre pouss\u00e9e avec de la fum\u00e9e, des lasers\u2026 Un spectacle qui va marquer un avant et un apr\u00e8s dans l\u2019histoire de l\u2019Atelier des Lumi\u00e8res d\u2019apr\u00e8s le directeur.<\/p>\n<p class=\" wall-content\">\u00ab\u2009On voit des dinosaures sur des th\u00e9matiques un peu insoup\u00e7onn\u00e9es\u2009\u00bb, se r\u00e9jouit le directeur. \u00ab\u2009On fait aussi des d\u00e9couvertes.<strong> On n\u2019est pas un mus\u00e9e<\/strong>, mais on estime que nous sommes une porte d\u2019entr\u00e9e pour les personnes qui n\u2019ont pas l\u2019habitude d\u2019aller voir des expositions.\u2009\u00bb Et la proposition\u00a0Pr\u00e9historique\u00a0entre parfaitement dans ce cadre. C\u2019est ludique, avec la taille r\u00e9elle des m\u00e9chants l\u00e9zards et quelques panneaux d\u2019informations \u00e9tonnantes. Le d\u00e9tour rue Saint-Maur vaut le coup.<\/p>\n<p>Atelier des Lumi\u00e8res, 38, rue Saint-Maur 75011. Tarifs\u2009: de 11 \u00e0 18\u00a0euros. Ouvert du lundi au dimanche, de 10\u2009h \u00e0 18\u2009h. Vendredi et samedi\u2009: de 10h \u00e0 21h.<\/p>\n<p class=\" wall-content\">Personnalisez votre actualit\u00e9 en ajoutant vos villes et m\u00e9dias en favori avec <a href=\"https:\/\/moncompte.actu.fr\" title=\"D\u00e9couvez Mon Actu\" rel=\"nofollow noopener\" data-trk=\"{&quot;cta&quot;:{&quot;action&quot;:&quot;https:\\\/\\\/moncompte.actu.fr&quot;,&quot;category&quot;:&quot;mon compte&quot;,&quot;from&quot;:&quot;article footer&quot;,&quot;name&quot;:&quot;Mon actu&quot;,&quot;type&quot;:&quot;cta&quot;}}\" target=\"_blank\">Mon Actu<\/a>.<\/p>\n<p>                    <script async src=\"\/\/www.tiktok.com\/embed.js\"><\/script><\/p>\n","protected":false},"excerpt":{"rendered":"Par Thomas Rideau Publi\u00e9 le 25 janv. 2026 \u00e0 11h51 Une id\u00e9e de sortie pour ce weekend\u2009? Propos\u00e9e&hellip;\n","protected":false},"author":2,"featured_media":688071,"comment_status":"","ping_status":"","sticky":false,"template":"","format":"standard","meta":{"footnotes":""},"categories":[1888],"tags":[1111,1928,11,1927,1867,1719,1777,674,1011,27,1652,12,1926,626,1925,25],"class_list":{"0":"post-688070","1":"post","2":"type-post","3":"status-publish","4":"format-standard","5":"has-post-thumbnail","7":"category-paris","8":"tag-actu","9":"tag-actu-paris","10":"tag-actualites","11":"tag-actualites-paris","12":"tag-animaux","13":"tag-enfants","14":"tag-eu","15":"tag-europe","16":"tag-fr","17":"tag-france","18":"tag-loisirs-culture","19":"tag-news","20":"tag-news-paris","21":"tag-paris","22":"tag-paris-news","23":"tag-republique-francaise"},"share_on_mastodon":{"url":"https:\/\/pubeurope.com\/@fr\/115955494363773798","error":""},"_links":{"self":[{"href":"https:\/\/www.europesays.com\/fr\/wp-json\/wp\/v2\/posts\/688070","targetHints":{"allow":["GET"]}}],"collection":[{"href":"https:\/\/www.europesays.com\/fr\/wp-json\/wp\/v2\/posts"}],"about":[{"href":"https:\/\/www.europesays.com\/fr\/wp-json\/wp\/v2\/types\/post"}],"author":[{"embeddable":true,"href":"https:\/\/www.europesays.com\/fr\/wp-json\/wp\/v2\/users\/2"}],"replies":[{"embeddable":true,"href":"https:\/\/www.europesays.com\/fr\/wp-json\/wp\/v2\/comments?post=688070"}],"version-history":[{"count":0,"href":"https:\/\/www.europesays.com\/fr\/wp-json\/wp\/v2\/posts\/688070\/revisions"}],"wp:featuredmedia":[{"embeddable":true,"href":"https:\/\/www.europesays.com\/fr\/wp-json\/wp\/v2\/media\/688071"}],"wp:attachment":[{"href":"https:\/\/www.europesays.com\/fr\/wp-json\/wp\/v2\/media?parent=688070"}],"wp:term":[{"taxonomy":"category","embeddable":true,"href":"https:\/\/www.europesays.com\/fr\/wp-json\/wp\/v2\/categories?post=688070"},{"taxonomy":"post_tag","embeddable":true,"href":"https:\/\/www.europesays.com\/fr\/wp-json\/wp\/v2\/tags?post=688070"}],"curies":[{"name":"wp","href":"https:\/\/api.w.org\/{rel}","templated":true}]}}