{"id":68810,"date":"2025-05-02T07:45:06","date_gmt":"2025-05-02T07:45:06","guid":{"rendered":"https:\/\/www.europesays.com\/fr\/68810\/"},"modified":"2025-05-02T07:45:06","modified_gmt":"2025-05-02T07:45:06","slug":"toulouse-rescapee-des-camps-de-concentration-et-temoin-de-la-shoah-marie-vaislic-est-morte-a-94-ans","status":"publish","type":"post","link":"https:\/\/www.europesays.com\/fr\/68810\/","title":{"rendered":"Toulouse. Rescap\u00e9e des camps de concentration, et t\u00e9moin de la Shoah, Marie Vaislic est morte \u00e0 94 ans"},"content":{"rendered":"<p>            Par<br \/>\n        <strong><br \/>\n            <a href=\"https:\/\/actu.fr\/auteur\/guillaume-laurens\" title=\"Consulter tous les articles de Guillaume Laurens\" target=\"_blank\" rel=\"noopener\">Guillaume Laurens<\/a><br \/>\n        <\/strong><\/p>\n<p>        Publi\u00e9 le<\/p>\n<p>            2 mai 2025 \u00e0 9h27        <\/p>\n<p><strong>Marie Vaislic<\/strong>, rescap\u00e9e de la Shoah qui se battait pour que ne soit pas oubli\u00e9e l\u2019horreur de l\u2019Holocauste, est d\u00e9c\u00e9d\u00e9e jeudi 1er mai 2025 \u00e0 <strong>Toulouse<\/strong> \u00e0 l\u2019\u00e2ge de 94 ans, a indiqu\u00e9 \u00e0 l\u2019AFP son fils Claude Vaislic, confirmant <a href=\"https:\/\/www.lepoint.fr\/societe\/marie-vaislic-rescapee-de-la-shoah-est-morte-a-94-ans-01-05-2025-2588631_23.php#11\" target=\"_blank\" rel=\"noopener\">une information du magazine Le Point. <\/a>Sa mort survient trois ans apr\u00e8s celle de son \u00e9poux Jean, lui aussi d\u00e9port\u00e9. Tous deux t\u00e9moignaient r\u00e9guli\u00e8rement devant les coll\u00e9giens et lyc\u00e9ens de l\u2019horreur nazie.<\/p>\n<p>Arr\u00eat\u00e9 par un milicien rue Sainte-Catherine, elle est d\u00e9port\u00e9e<\/p>\n<p class=\" wall-content\">Arr\u00eat\u00e9e le 24 juillet 1944 par un milicien dans la <strong>rue Sainte-Catherine<\/strong> de Toulouse, alors qu\u2019elle n\u2019a que <strong>14 ans<\/strong>, Marie Vaislic-Rafalovitch est d\u00e9port\u00e9e, au cours d\u2019un interminable et insoutenable trajet en train, au <strong>camp de Ravensbr\u00fcck<\/strong>, \u00e0 80 km au nord de Berlin. Elle y passe quelques mois, confront\u00e9e \u00e0 des sc\u00e8nes d\u2019horreur.<\/p>\n<p>Autrice d\u2019un livre sur son histoire en 2024<\/p>\n<p class=\" wall-content\">\u00ab\u00a0La mort, la vie, cela ne voulait plus rien dire\u00a0\u00bb, a-t-elle racont\u00e9 \u00e0 l\u2019AFP en mars 2024, apr\u00e8s la sortie de son livre \u00ab\u00a0Il n\u2019y aura bient\u00f4t plus personne\u00a0\u00bb (Grasset), auquel elle s\u2019\u00e9tait attel\u00e9e, avec l\u2019aide d\u2019une journaliste de l\u2019hebdomadaire Le Point, pour que ce pan de l\u2019Histoire ne devienne pas \u00ab\u00a0aussi abstrait et lointain que la guerre de Cent Ans\u00a0\u00bb.<\/p>\n<p>Transf\u00e9r\u00e9e au camp de Bergen-Belsen<\/p>\n<p class=\" wall-content\">Puis, alors que le camp est sur le point d\u2019\u00eatre lib\u00e9r\u00e9 par les forces russes d\u00e9but 1945, elle est transf\u00e9r\u00e9e 350 km plus vers l\u2019ouest, au <strong>camp de Bergen-Belsen<\/strong>, o\u00f9 elle est finalement <strong>lib\u00e9r\u00e9e le 15 avril 1945<\/strong>, aux c\u00f4t\u00e9s de 60 000 survivants, par les <strong>troupes britanniques<\/strong>.<\/p>\n<p class=\" wall-content\">Ce camp, o\u00f9 pr\u00e8s de 70 000 personnes, dont l\u2019adolescente allemande <strong>Anne Frank<\/strong>, ont \u00e9t\u00e9 assassin\u00e9es par les nazis entre 1940 et 1945, \u00ab\u00a0a emport\u00e9 ce que j\u2019\u00e9tais avant\u00a0\u00bb, \u00e9crit-elle dans son livre.<\/p>\n<p>Vid\u00e9os : en ce moment sur ActuHommages unanimes \u00e0 la derni\u00e8re enfant d\u00e9port\u00e9e encore en vie<\/p>\n<p class=\" wall-content\">Sur les r\u00e9seaux sociaux, de nombreuses voix se sont \u00e9lev\u00e9es pour rendre hommage \u00e0 la <strong>derni\u00e8re enfant d\u00e9port\u00e9e<\/strong> <strong>encore en vie<\/strong> en France, qui se battait inlassablement pour que l\u2019horreur de l\u2019Holocauste ne tombe pas dans l\u2019oubli.<\/p>\n<p class=\" wall-content\">\u00ab\u00a0Inlassable t\u00e9moin de la Shoah, elle a d\u00e9di\u00e9 sa vie \u00e0 la transmission de la m\u00e9moire et \u00e0 la lutte contre l\u2019antis\u00e9mitisme\u00a0\u00bb, rappelle notamment <strong>Patricia Miralles<\/strong>, Ministre d\u00e9l\u00e9gu\u00e9e charg\u00e9e de la M\u00e9moire. \u00ab\u00a0Son courage, ses \u00e9crits et ses interventions dans les \u00e9coles resteront dans nos m\u00e9moires, pour l\u2019avenir\u00a0\u00bb.\u00a0<\/p>\n<p class=\" wall-content\">\n<p class=\" wall-content\">\n<p class=\" wall-content\">\n<p class=\" wall-content\"><strong>Avec AFP<\/strong><\/p>\n<p class=\" wall-content\">Suivez toute l\u2019actualit\u00e9 de vos villes et m\u00e9dias favoris en vous inscrivant \u00e0 <a href=\"https:\/\/moncompte.actu.fr\" title=\"D\u00e9couvez Mon Actu\" rel=\"nofollow noopener\" data-trk=\"{&quot;cta&quot;:{&quot;action&quot;:&quot;https:\\\/\\\/moncompte.actu.fr&quot;,&quot;category&quot;:&quot;mon compte&quot;,&quot;from&quot;:&quot;article footer&quot;,&quot;name&quot;:&quot;Mon actu&quot;,&quot;type&quot;:&quot;cta&quot;}}\" target=\"_blank\">Mon Actu<\/a>.<\/p>\n<ul class=\"ac-article-tag wall-content\">\n<li><a href=\"https:\/\/actu.fr\/tag\/memorial-de-la-shoah\" data-trk=\"{&quot;cta&quot;:{&quot;action&quot;:&quot;M\\u00e9morial de la Shoah&quot;,&quot;category&quot;:&quot;tag&quot;,&quot;from&quot;:&quot;article footer&quot;,&quot;name&quot;:&quot;M\\u00e9morial de la Shoah&quot;,&quot;type&quot;:&quot;cta&quot;}}\" target=\"_blank\" rel=\"noopener\">#M\u00e9morial de la Shoah<\/a><\/li>\n<li><a href=\"https:\/\/actu.fr\/tag\/seconde-guerre-mondiale\" data-trk=\"{&quot;cta&quot;:{&quot;action&quot;:&quot;Seconde Guerre mondiale&quot;,&quot;category&quot;:&quot;tag&quot;,&quot;from&quot;:&quot;article footer&quot;,&quot;name&quot;:&quot;Seconde Guerre mondiale&quot;,&quot;type&quot;:&quot;cta&quot;}}\" target=\"_blank\" rel=\"noopener\">#Seconde Guerre mondiale<\/a><\/li>\n<\/ul>\n","protected":false},"excerpt":{"rendered":"Par Guillaume Laurens Publi\u00e9 le 2 mai 2025 \u00e0 9h27 Marie Vaislic, rescap\u00e9e de la Shoah qui se&hellip;\n","protected":false},"author":2,"featured_media":68811,"comment_status":"","ping_status":"","sticky":false,"template":"","format":"standard","meta":{"footnotes":""},"categories":[2816],"tags":[1111,11,1777,674,1011,27,17056,12,2680,25,935,104,2312],"class_list":{"0":"post-68810","1":"post","2":"type-post","3":"status-publish","4":"format-standard","5":"has-post-thumbnail","7":"category-toulouse","8":"tag-actu","9":"tag-actualites","10":"tag-eu","11":"tag-europe","12":"tag-fr","13":"tag-france","14":"tag-memorial-de-la-shoah","15":"tag-news","16":"tag-occitanie","17":"tag-republique-francaise","18":"tag-seconde-guerre-mondiale","19":"tag-societe","20":"tag-toulouse"},"share_on_mastodon":{"url":"https:\/\/pubeurope.com\/@fr\/114437130194912923","error":""},"_links":{"self":[{"href":"https:\/\/www.europesays.com\/fr\/wp-json\/wp\/v2\/posts\/68810","targetHints":{"allow":["GET"]}}],"collection":[{"href":"https:\/\/www.europesays.com\/fr\/wp-json\/wp\/v2\/posts"}],"about":[{"href":"https:\/\/www.europesays.com\/fr\/wp-json\/wp\/v2\/types\/post"}],"author":[{"embeddable":true,"href":"https:\/\/www.europesays.com\/fr\/wp-json\/wp\/v2\/users\/2"}],"replies":[{"embeddable":true,"href":"https:\/\/www.europesays.com\/fr\/wp-json\/wp\/v2\/comments?post=68810"}],"version-history":[{"count":0,"href":"https:\/\/www.europesays.com\/fr\/wp-json\/wp\/v2\/posts\/68810\/revisions"}],"wp:featuredmedia":[{"embeddable":true,"href":"https:\/\/www.europesays.com\/fr\/wp-json\/wp\/v2\/media\/68811"}],"wp:attachment":[{"href":"https:\/\/www.europesays.com\/fr\/wp-json\/wp\/v2\/media?parent=68810"}],"wp:term":[{"taxonomy":"category","embeddable":true,"href":"https:\/\/www.europesays.com\/fr\/wp-json\/wp\/v2\/categories?post=68810"},{"taxonomy":"post_tag","embeddable":true,"href":"https:\/\/www.europesays.com\/fr\/wp-json\/wp\/v2\/tags?post=68810"}],"curies":[{"name":"wp","href":"https:\/\/api.w.org\/{rel}","templated":true}]}}