{"id":688139,"date":"2026-01-25T12:10:11","date_gmt":"2026-01-25T12:10:11","guid":{"rendered":"https:\/\/www.europesays.com\/fr\/688139\/"},"modified":"2026-01-25T12:10:11","modified_gmt":"2026-01-25T12:10:11","slug":"lounes-matoub-chanteur-engage-assassine-en-algerie-durant-la-decennie-noire-a-desormais-une-plaque-a-son-nom-a-montpellier","status":"publish","type":"post","link":"https:\/\/www.europesays.com\/fr\/688139\/","title":{"rendered":"Loun\u00e8s Matoub, chanteur engag\u00e9 assassin\u00e9 en Alg\u00e9rie durant la d\u00e9cennie noire, a d\u00e9sormais une plaque \u00e0 son nom \u00e0 Montpellier"},"content":{"rendered":"<p>\n                                                                La plaque m\u00e9morielle a \u00e9t\u00e9 d\u00e9voil\u00e9e samedi 24\u00a0janvier au sud de la ville en pr\u00e9sence de Nadia Matoub son \u00e9pouse.\n                            <\/p>\n<p>Loun\u00e8s Matoub, chanteur, po\u00e8te et militant kabyle, a d\u00e9sormais une plaque \u00e0 son nom \u00e0 Montpellier. Elle a \u00e9t\u00e9 d\u00e9voil\u00e9e, samedi 24\u00a0janvier, au sud de la ville, en pr\u00e9sence du maire Micha\u00ebl Delafosse, de Nadia Matoub son \u00e9pouse et de Nadir Bettache, pr\u00e9sident de l\u2019association Identit\u00e9 Partage.<\/p>\n<p>Assassin\u00e9 en 1998<\/p>\n<p>Tour \u00e0 tour, chacun a pris la parole pour rendre hommage \u00e0 l\u2019artiste qui a consacr\u00e9 sa vie \u00e0 la d\u00e9fense de la libert\u00e9, la la\u00efcit\u00e9 et des droits fondamentaux. Il s\u2019est oppos\u00e9 avec courage \u00e0 l\u2019autoritarisme et au fanatisme religieux. Malgr\u00e9 les menaces, un enl\u00e8vement en 1994 et la violence de guerre civile alg\u00e9rienne, il n\u2019a jamais renonc\u00e9 \u00e0 s\u2019exprimer. Assassin\u00e9 en 1998, il demeure un symbole de r\u00e9sistance, de dignit\u00e9 et de libert\u00e9, dont l\u2019\u0153uvre et le message continuent d\u2019inspirer bien au-del\u00e0 de la Kabylie.<\/p>\n<p>\u00ab\u00a0Donner son nom \u00e0 une rue, un acte fort<\/p>\n<p>D\u00e9fenseur de la la\u00efcit\u00e9, Micha\u00ebl Delafosse a rappel\u00e9 l\u2019importance d\u2019inscrire le nom de Loun\u00e8s Matoub dans l\u2019espace public. \u00ab\u00a0Donner son nom \u00e0 une rue est un acte fort, \u00e0 la fois m\u00e9moriel et politique, qui affirme les valeurs r\u00e9publicaines port\u00e9es par Montpellier. Ville attach\u00e9e \u00e0 la r\u00e9sistance et \u00e0 l\u2019oppression, Montpellier inscrit ainsi Loun\u00e8s\u00a0Matoub dans une histoire universelle du courage et de la libert\u00e9.\u00a0\u00bb<\/p>\n<\/p>\n<p>                    <img decoding=\"async\" class=\"responsive-img\" src=\"https:\/\/www.europesays.com\/fr\/wp-content\/uploads\/2026\/01\/1769343011_540_hqdefault.jpg\"\/><br \/>\n                <a class=\"stretched-link\" href=\"#paywall\" rel=\"js-anchor\"><\/p>\n<p>        <\/a><\/p>\n","protected":false},"excerpt":{"rendered":"La plaque m\u00e9morielle a \u00e9t\u00e9 d\u00e9voil\u00e9e samedi 24\u00a0janvier au sud de la ville en pr\u00e9sence de Nadia Matoub&hellip;\n","protected":false},"author":2,"featured_media":688140,"comment_status":"","ping_status":"","sticky":false,"template":"","format":"standard","meta":{"footnotes":""},"categories":[9599],"tags":[1111,11,1777,674,1011,27,7089,937,2208,12,2680,25,1857],"class_list":{"0":"post-688139","1":"post","2":"type-post","3":"status-publish","4":"format-standard","5":"has-post-thumbnail","7":"category-montpellier","8":"tag-actu","9":"tag-actualites","10":"tag-eu","11":"tag-europe","12":"tag-fr","13":"tag-france","14":"tag-herault","15":"tag-histoire","16":"tag-montpellier","17":"tag-news","18":"tag-occitanie","19":"tag-republique-francaise","20":"tag-sociu00e9tu00e9"},"share_on_mastodon":{"url":"https:\/\/pubeurope.com\/@fr\/115955671084500757","error":""},"_links":{"self":[{"href":"https:\/\/www.europesays.com\/fr\/wp-json\/wp\/v2\/posts\/688139","targetHints":{"allow":["GET"]}}],"collection":[{"href":"https:\/\/www.europesays.com\/fr\/wp-json\/wp\/v2\/posts"}],"about":[{"href":"https:\/\/www.europesays.com\/fr\/wp-json\/wp\/v2\/types\/post"}],"author":[{"embeddable":true,"href":"https:\/\/www.europesays.com\/fr\/wp-json\/wp\/v2\/users\/2"}],"replies":[{"embeddable":true,"href":"https:\/\/www.europesays.com\/fr\/wp-json\/wp\/v2\/comments?post=688139"}],"version-history":[{"count":0,"href":"https:\/\/www.europesays.com\/fr\/wp-json\/wp\/v2\/posts\/688139\/revisions"}],"wp:featuredmedia":[{"embeddable":true,"href":"https:\/\/www.europesays.com\/fr\/wp-json\/wp\/v2\/media\/688140"}],"wp:attachment":[{"href":"https:\/\/www.europesays.com\/fr\/wp-json\/wp\/v2\/media?parent=688139"}],"wp:term":[{"taxonomy":"category","embeddable":true,"href":"https:\/\/www.europesays.com\/fr\/wp-json\/wp\/v2\/categories?post=688139"},{"taxonomy":"post_tag","embeddable":true,"href":"https:\/\/www.europesays.com\/fr\/wp-json\/wp\/v2\/tags?post=688139"}],"curies":[{"name":"wp","href":"https:\/\/api.w.org\/{rel}","templated":true}]}}