{"id":688177,"date":"2026-01-25T12:34:11","date_gmt":"2026-01-25T12:34:11","guid":{"rendered":"https:\/\/www.europesays.com\/fr\/688177\/"},"modified":"2026-01-25T12:34:11","modified_gmt":"2026-01-25T12:34:11","slug":"il-y-aura-une-demande-en-mariage-lhumoriste-va-bientot-faire-le-show-au-dome","status":"publish","type":"post","link":"https:\/\/www.europesays.com\/fr\/688177\/","title":{"rendered":"\u00ab\u00a0Il y aura une demande en mariage\u00a0\u00bb, l&rsquo;humoriste va bient\u00f4t faire le show au D\u00f4me"},"content":{"rendered":"<p>Elle est arriv\u00e9e en France sans parler la langue et n\u2019a commenc\u00e9 le stand-up qu\u2019en 2021. Et pourtant, Elena Nagapetyan s\u2019appr\u00eate \u00e0 lancer une tourn\u00e9e de 29\u00a0Z\u00e9nith. \u00c0 Marseille, le public l\u2019a d\u00e9j\u00e0 vue dans quasi tous les com\u00e9dies clubs de la ville, puis dans un <a href=\"https:\/\/www.laprovence.com\/article\/culture-loisirs\/2418366303001714\/on-a-vu-au-cepac-silo-redouane-bougheraba-3-om-0\" target=\"_blank\" rel=\"noopener\">Cepac\u00a0Silo<\/a> complet l\u2019an dernier. Ce samedi 31\u00a0janvier, elle s\u2019attaque au D\u00f4me avec son show \u00c7a\u00a0valait le coup. Une introspection au ton frontal et sans complexe que la com\u00e9dienne d\u2019origine arm\u00e9nienne assure \u00eatre \u00ab\u00a0\u00e0 mon image\u00a0: si on me cherche, on me trouve. Mais parfois je suis tr\u00e8s g\u00e9n\u00e9reuse et sympa.\u00a0\u00bb<\/p>\n<p>Son parcours de vie de l\u2019Ouzb\u00e9kistan \u00e0 la France, en passant par la Russie, le quotidien des femmes, le divorce et la maternit\u00e9 rythment la partie \u00e9crite du spectacle. Et quand arrivent les interactions avec le public, qui cartonnent sur les r\u00e9seaux sociaux, Elena\u00a0Nagapetyan jongle entre provoc et bienveillance. En guise d\u2019\u00e9chauffement, le public pourra la retrouver quelques heures avant son show <a href=\"https:\/\/www.laprovence.com\/article\/culture-loisirs\/80807182014289\/stevie-van-zandt-guitariste-de-bruce-springsteen-a-rencontre-les-fans-avant-le-show-a-l-orange-velodrome\" target=\"_blank\" rel=\"noopener\">\u00e0 la Fnac Marseille Centre Bourse<\/a>, o\u00f9 elle d\u00e9dicacera son premier livre La\u00a0bible d\u2019une Milf (\u00ab\u00a0Mother I\u2019d like to fuck\u00a0\u00bb, NDLR), paru ce jeudi 22\u00a0janvier aux \u00e9ditions Michel Lafon.<\/p>\n<p><strong>Vous avez souvent jou\u00e9 \u00e0 Marseille depuis vos d\u00e9buts\u00a0: simples opportunit\u00e9s ou relation sp\u00e9ciale \u00e0 la ville\u00a0?<\/strong>&#13;\n<\/p>\n<p>J\u2019adore cet endroit, c\u2019est un des rares o\u00f9 je me repose vraiment. Le m\u00e9lange entre bienveillance et nonchalance rend \u00e0 part cette ville o\u00f9 mon copain habite depuis des ann\u00e9es, donc je passe beaucoup de temps ici. Mais c\u2019\u00e9tait d\u00e9j\u00e0 le cas avant notre rencontre, je pouvais y passer un week-end seule pour \u00e9crire, me balader sur la Corniche et recharger mes batteries.<\/p>\n<p><strong>Vous revenez avec \u00ab\u00a0\u00c7a\u00a0valait le coup\u00a0\u00bb, qui \u00e0 travers vous aborde la vie des femmes, la maternit\u00e9, la charge mentale. Pourquoi ces sujets, aussi port\u00e9s par <a href=\"https:\/\/www.laprovence.com\/article\/culture-loisirs\/7867824476864414\/je-me-suis-priorisee-marine-leonardi-une-mere-devenue-sensation-du-stand-up\" target=\"_blank\" rel=\"noopener\">Marine Leonardi<\/a>, ont tant d\u2019\u00e9cho aujourd\u2019hui\u00a0?<\/strong>&#13;\n<\/p>\n<p>Parce que c\u2019est encore r\u00e9cent de voir des femmes en parler, nos mamans n\u2019avaient pas cette habitude. Aujourd\u2019hui, certaines ont la chance d\u2019\u00eatre avec quelqu\u2019un qui les soutient, mais ce n\u2019est pas le cas de tout le monde. Si on est seule \u00e0 s\u2019occuper de la maison et des enfants en plus de son travail, il ne faut pas s\u2019\u00e9tonner que le soir une femme n\u2019ait pas envie de faire la courtisane. Et pourtant, on trouve encore des hommes qui disent \u00ab\u00a0bah alors, elles se plaignaient pas avant\u00a0\u00bb. Tant qu\u2019on entendra \u00e7a, on en parlera. Pour autant, il ne faut pas tout m\u00e9langer\u00a0: j\u2019adore les mecs, certains sont extraordinaires et s\u2019occupent tr\u00e8s bien de leur foyer en plus de leur travail, ce qui n\u2019est facile pour personne.<\/p>\n<p><strong>Vos interactions avec le public, qui cartonnent sur les r\u00e9seaux sociaux, sont tr\u00e8s attendues. Car certaines personnes avouent des choses tr\u00e8s intimes\u2026<\/strong>&#13;\n<\/p>\n<p>Je pense que les gens se sentent \u00e0 l\u2019aise car je suis dans la bienveillance. Je peux taquiner, mais jamais je ne vais les juger ou les insulter, et je suis tr\u00e8s heureuse de cette confiance qui s\u2019est cr\u00e9\u00e9e naturellement. Maintenant que je joue dans des grandes salles, certains sont un peu plus frileux mais on n\u2019est jamais \u00e0 l\u2019abri d\u2019une folie. De toute fa\u00e7on, il y a une bonne heure de sketchs \u00e9crits dans le spectacle, donc m\u00eame si personne dans le public ne vient raconter qu\u2019il a tromp\u00e9 sa femme avec sa cousine, il y a quand m\u00eame de quoi rire. En revanche je peux d\u00e9j\u00e0 vous le dire, Il y aura une demande en mariage \u00e0 Marseille\u00a0: le monsieur m\u2019a contact\u00e9e et bien s\u00fbr la fille n\u2019est pas au courant.<\/p>\n<p><strong>La derni\u00e8re fois que vous vous \u00eates dit \u00ab\u00a0\u00c7a valait le coup\u00a0\u00bb\u00a0?<\/strong>&#13;\n<\/p>\n<p>Quand j\u2019ai amen\u00e9 mon fils \u00e0 l\u2019\u00e9cole ce matin, j\u2019ai encore vu \u00e0 quel point il grandit vite, ce qui me rend triste. Mais chaque fois que je le vois, je me dis que \u00e7a valait le coup de faire un enfant.<\/p>\n<p><strong>Et \u00ab\u00a0\u00c7a valait pas le coup\u00a0\u00bb\u00a0?<\/strong>&#13;\n<\/p>\n<p>Difficile \u00e0 dire, en g\u00e9n\u00e9ral je n\u2019ai pas de regrets concernant mes d\u00e9cisions, si je les ai prises c\u2019est qu\u2019il y avait une raison. Parfois je m\u2019\u00e9nerve trop peut-\u00eatre, mais je redescends tr\u00e8s vite et personne ne meurt. Je dois \u00eatre un peu m\u00e9diterran\u00e9enne\u00a0! C\u2019est tout simplement li\u00e9 \u00e0 mes <a href=\"https:\/\/www.laprovence.com\/article\/region\/105054736343915\/aux-accates-a-marseille-le-jardin-de-larmenie-prend-vie\" target=\"_blank\" rel=\"noopener\">origines arm\u00e9niennes<\/a>. Mon p\u00e8re l\u2019est et ma m\u00e8re est arm\u00e9nienne-russe, et un peu ukrainienne. Nous ne sommes pas les gens les plus calmes.<\/p>\n<p><strong>Vous venez aussi \u00e0 Marseille pour \u00ab\u00a0La\u00a0bible d\u2019une MILF\u00a0\u00bb. \u00c9crire un livre \u00e9tait votre premier r\u00eave artistique, est-ce le prolongement du spectacle\u00a0?<\/strong>&#13;\n<\/p>\n<p>Oui car je ne mets \u00e9videmment pas tous les extraits du show en ligne, et ce format permet de parler autrement de la maternit\u00e9, du divorce, de raconter mes conversations avec le psy. Tout \u00e7a am\u00e8ne de la profondeur, des \u00e9motions, un peu d\u2019humour bien s\u00fbr. Avec les textes, il y a les illustrations de Mathilde\u00a0Ducrest qui est vraiment excellente pour accompagner des mots. Je suis fi\u00e8re de pr\u00e9senter ce bouquin, il valait mieux d\u2019ailleurs vu qu\u2019il y a ma t\u00eate sur la couverture. J\u2019ai maintenant h\u00e2te d\u2019aller rencontrer les lecteurs.<\/p>\n<p><strong>Vous faites par ailleurs des chroniques sur RTL et avez d\u2019autres projets d\u2019\u00e9criture\u2026<\/strong>&#13;\n<\/p>\n<p>J\u2019ai beaucoup de chance, d\u2019autant plus que <a href=\"https:\/\/www.laprovence.com\/article\/culture-loisirs\/2883184305712714\/oh-putain-laurent-laurent-baffie-arrive-sur-rtl-pour-une-libre-antenne-ce-29-janvier\" target=\"_blank\" rel=\"noopener\">sur RTL<\/a> je suis libre de choisir les sujets, alors qu\u2019ils m\u2019\u00e9taient impos\u00e9s sur France\u00a0Inter. Je travaille trois jours sur ces formats de trois-quatre minutes et j\u2019aime beaucoup, c\u2019est efficace. Par ailleurs, je suis en train d\u2019\u00e9crire une com\u00e9die pour le th\u00e9\u00e2tre, qui va parler des choses que les gens de 40\u00a0ans peuvent vivre, comme la s\u00e9paration. Et je travaille aussi sur une s\u00e9rie, chose dont je r\u00eavais depuis longtemps.<\/p>\n<p>L\u2019Ouzb\u00e9kistan, la Russie et la France depuis\u00a02009<\/p>\n<p>Elle n\u2019a que 38\u00a0ans mais son parcours de vie pourrait inspirer un roman. N\u00e9e en Ouzb\u00e9kistan sous l\u2019Union sovi\u00e9tique, Elena\u00a0Nagapetyan y a grandi avant de s\u2019installer en Russie pendant plusieurs ann\u00e9es, o\u00f9 elle a exerc\u00e9 plusieurs m\u00e9tiers. Tomb\u00e9e amoureuse de Nice lors d\u2019un voyage en\u00a02009, elle d\u00e9cide de d\u00e9m\u00e9nager en France sans parler un mot de notre langue, qu\u2019elle a notamment apprise en regardant les \u00e9missions t\u00e9l\u00e9 de Cristina\u00a0C\u00f3rdula, dictionnaire en main. Pendant son union avec un homme rencontr\u00e9 sur Tinder, et dont elle s\u2019est s\u00e9par\u00e9e depuis, elle a donn\u00e9 naissance \u00e0 son fils, David. C\u2019est en commen\u00e7ant \u00e0 \u00e9crire un livre, en\u00a02021, que l\u2019id\u00e9e de monter sur sc\u00e8ne est venue. Ce qu\u2019elle a fait \u00e0 Paris, et tr\u00e8s vite partout en France. Car dans les com\u00e9die clubs comme sur internet, le succ\u00e8s fut imm\u00e9diat.<\/p>\n<p>En d\u00e9dicace le 31\u00a0janvier 2026 \u00e0 15\u00a0h \u00e0 la Fnac Marseille Centre Bourse. Puis en spectacle le soir m\u00eame \u00e0 20\u00a0h\u00a030 au D\u00f4me, \u00e0 Marseille. De 32 \u00e0 38\u00a0\u20ac, dome.marseille.fr<\/p>\n","protected":false},"excerpt":{"rendered":"Elle est arriv\u00e9e en France sans parler la langue et n\u2019a commenc\u00e9 le stand-up qu\u2019en 2021. Et pourtant,&hellip;\n","protected":false},"author":2,"featured_media":688178,"comment_status":"","ping_status":"","sticky":false,"template":"","format":"standard","meta":{"footnotes":""},"categories":[2814],"tags":[5734,1111,11,1998,251,7650,40135,1777,674,1011,27,3707,884,78476,12,882,25,96],"class_list":{"0":"post-688177","1":"post","2":"type-post","3":"status-publish","4":"format-standard","5":"has-post-thumbnail","7":"category-marseille","8":"tag-5734","9":"tag-actu","10":"tag-actualites","11":"tag-aura","12":"tag-culture","13":"tag-demande","14":"tag-elena","15":"tag-eu","16":"tag-europe","17":"tag-fr","18":"tag-france","19":"tag-il","20":"tag-marseille","21":"tag-nagapetyan","22":"tag-news","23":"tag-provence-alpes-cote-dazur","24":"tag-republique-francaise","25":"tag-une"},"share_on_mastodon":{"url":"https:\/\/pubeurope.com\/@fr\/115955765509914267","error":""},"_links":{"self":[{"href":"https:\/\/www.europesays.com\/fr\/wp-json\/wp\/v2\/posts\/688177","targetHints":{"allow":["GET"]}}],"collection":[{"href":"https:\/\/www.europesays.com\/fr\/wp-json\/wp\/v2\/posts"}],"about":[{"href":"https:\/\/www.europesays.com\/fr\/wp-json\/wp\/v2\/types\/post"}],"author":[{"embeddable":true,"href":"https:\/\/www.europesays.com\/fr\/wp-json\/wp\/v2\/users\/2"}],"replies":[{"embeddable":true,"href":"https:\/\/www.europesays.com\/fr\/wp-json\/wp\/v2\/comments?post=688177"}],"version-history":[{"count":0,"href":"https:\/\/www.europesays.com\/fr\/wp-json\/wp\/v2\/posts\/688177\/revisions"}],"wp:featuredmedia":[{"embeddable":true,"href":"https:\/\/www.europesays.com\/fr\/wp-json\/wp\/v2\/media\/688178"}],"wp:attachment":[{"href":"https:\/\/www.europesays.com\/fr\/wp-json\/wp\/v2\/media?parent=688177"}],"wp:term":[{"taxonomy":"category","embeddable":true,"href":"https:\/\/www.europesays.com\/fr\/wp-json\/wp\/v2\/categories?post=688177"},{"taxonomy":"post_tag","embeddable":true,"href":"https:\/\/www.europesays.com\/fr\/wp-json\/wp\/v2\/tags?post=688177"}],"curies":[{"name":"wp","href":"https:\/\/api.w.org\/{rel}","templated":true}]}}