{"id":688225,"date":"2026-01-25T13:06:19","date_gmt":"2026-01-25T13:06:19","guid":{"rendered":"https:\/\/www.europesays.com\/fr\/688225\/"},"modified":"2026-01-25T13:06:19","modified_gmt":"2026-01-25T13:06:19","slug":"ils-ont-fait-revivre-pink-floyd-au-grand-hall-a-tours","status":"publish","type":"post","link":"https:\/\/www.europesays.com\/fr\/688225\/","title":{"rendered":"Ils ont fait revivre Pink Floyd au Grand Hall \u00e0 Tours"},"content":{"rendered":"<p>Un petit millier de personnes se sont retrouv\u00e9es jeudi 22\u00a0janvier 2026\u00a0au Grand Hall de <a target=\"_blank\" href=\"https:\/\/www.lanouvellerepublique.fr\/tours\" rel=\"noopener\">Tours<\/a> pour assister au concert \u00ab\u00a0So Floyd\u00a0\u00bb, qui rend hommage au mythique groupe Pink Floyd.<\/p>\n<p>Durant deux heures de repr\u00e9sentation, le \u00ab\u00a0cover band\u00a0\u00bb a livr\u00e9 un spectacle de grande qualit\u00e9, offrant au public de fans un saut dans le temps avec l\u2019interpr\u00e9tation des \u0153uvres les plus connues du groupe anglais l\u00e9gendaire.<\/p>\n<p>D\u00e8s les premi\u00e8res notes, les airs iconiques de l\u2019album The Dark Side of the Moon ont r\u00e9sonn\u00e9 avec intensit\u00e9, emmenant le public dans une odyss\u00e9e sonore et visuelle impressionnante. On d\u00e9couvrait une boule \u00e0 facettes hors du commun, de 2,4\u00a0m de diam\u00e8tre s\u2019ouvrant, inspir\u00e9e par celle pr\u00e9sent\u00e9e lors de la tourn\u00e9e \u00ab\u00a0Pulse\u00a0\u00bb de Pink Floyd en 1994.<\/p>\n<p>L\u2019esth\u00e9tique psych\u00e9d\u00e9lique respect\u00e9e<\/p>\n<p>Les jeux de lumi\u00e8re et les projections, qui respectent l\u2019esth\u00e9tique psych\u00e9d\u00e9lique du groupe d\u2019origine, ont magnifi\u00e9 des morceaux embl\u00e9matiques tels qu\u2019Another brick In the wall, Money, Wish you were here, Time\u00a0ou encore Comfortably numb.<\/p>\n<p>Les artistes sont parvenus \u00e0 combiner virtuosit\u00e9 et \u00e9motion, cr\u00e9ant une ambiance \u00e0 la fois intime et grandiose, qui a m\u00eame\u00a0r\u00e9ussi \u00e0 impressionner les puristes et les admirateurs de Pink Floyd.<\/p>\n","protected":false},"excerpt":{"rendered":"Un petit millier de personnes se sont retrouv\u00e9es jeudi 22\u00a0janvier 2026\u00a0au Grand Hall de Tours pour assister au&hellip;\n","protected":false},"author":2,"featured_media":688226,"comment_status":"","ping_status":"","sticky":false,"template":"","format":"standard","meta":{"footnotes":""},"categories":[1355],"tags":[1392,4156,58,59,1011,27,78484,1387,1393,1361,873,1698,29899,1390],"class_list":{"0":"post-688225","1":"post","2":"type-post","3":"status-publish","4":"format-standard","5":"has-post-thumbnail","7":"category-musique","8":"tag-a-la-une-local","9":"tag-concerts","10":"tag-divertissement","11":"tag-entertainment","12":"tag-fr","13":"tag-france","14":"tag-grand-hall","15":"tag-indre-et-loire","16":"tag-loisirs","17":"tag-music","18":"tag-musique","19":"tag-musiques","20":"tag-pop-rock","21":"tag-tours"},"share_on_mastodon":{"url":"https:\/\/pubeurope.com\/@fr\/115955891445071521","error":""},"_links":{"self":[{"href":"https:\/\/www.europesays.com\/fr\/wp-json\/wp\/v2\/posts\/688225","targetHints":{"allow":["GET"]}}],"collection":[{"href":"https:\/\/www.europesays.com\/fr\/wp-json\/wp\/v2\/posts"}],"about":[{"href":"https:\/\/www.europesays.com\/fr\/wp-json\/wp\/v2\/types\/post"}],"author":[{"embeddable":true,"href":"https:\/\/www.europesays.com\/fr\/wp-json\/wp\/v2\/users\/2"}],"replies":[{"embeddable":true,"href":"https:\/\/www.europesays.com\/fr\/wp-json\/wp\/v2\/comments?post=688225"}],"version-history":[{"count":0,"href":"https:\/\/www.europesays.com\/fr\/wp-json\/wp\/v2\/posts\/688225\/revisions"}],"wp:featuredmedia":[{"embeddable":true,"href":"https:\/\/www.europesays.com\/fr\/wp-json\/wp\/v2\/media\/688226"}],"wp:attachment":[{"href":"https:\/\/www.europesays.com\/fr\/wp-json\/wp\/v2\/media?parent=688225"}],"wp:term":[{"taxonomy":"category","embeddable":true,"href":"https:\/\/www.europesays.com\/fr\/wp-json\/wp\/v2\/categories?post=688225"},{"taxonomy":"post_tag","embeddable":true,"href":"https:\/\/www.europesays.com\/fr\/wp-json\/wp\/v2\/tags?post=688225"}],"curies":[{"name":"wp","href":"https:\/\/api.w.org\/{rel}","templated":true}]}}