{"id":688229,"date":"2026-01-25T13:08:10","date_gmt":"2026-01-25T13:08:10","guid":{"rendered":"https:\/\/www.europesays.com\/fr\/688229\/"},"modified":"2026-01-25T13:08:10","modified_gmt":"2026-01-25T13:08:10","slug":"pate-a-crepe-toute-prete-auchan-frappe-fort-avec-cette-bouteille-a-petit-prix-pour-la-chandeleur-2026","status":"publish","type":"post","link":"https:\/\/www.europesays.com\/fr\/688229\/","title":{"rendered":"\u00ab\u00a0P\u00e2te \u00e0 cr\u00eape toute pr\u00eate\u00a0\u00bb : Auchan frappe fort avec cette bouteille \u00e0 petit prix pour la Chandeleur 2026"},"content":{"rendered":"<p>La Chandeleur 2026 se profile, avec son cort\u00e8ge de po\u00eales qui<br \/>\nchauffent et de p\u00e2te qui \u00e9clabousse le plan de travail. Pour celles<br \/>\net ceux qui n&rsquo;ont ni le temps ni l&rsquo;envie de sortir la balance,<br \/>\nAuchan mise sur une nouveaut\u00e9 tr\u00e8s visible au rayon frais : une<br \/>\nbouteille de 1 litre de p\u00e2te \u00e0 cr\u00eapes d\u00e9j\u00e0 pr\u00eate \u00e0 cuire.<\/p>\n<p>Dans les magasins de l&rsquo;enseigne, un grand bandeau \u00ab\u00a0Sp\u00e9cial<br \/>\nChandeleur\u00a0\u00bb encadre ce produit estampill\u00e9 \u00ab\u00a0La p\u00e2te \u00e0 cr\u00eape toute<br \/>\npr\u00eate\u00a0\u00bb. Tout est pens\u00e9 pour parler aux familles press\u00e9es, de<br \/>\nl&rsquo;\u00e9tiquette humoristique au calcul du prix par cr\u00eape, mais cette<br \/>\nbouteille cache plusieurs d\u00e9tails int\u00e9ressants pour pr\u00e9parer la<br \/>\nsoir\u00e9e du 2 f\u00e9vrier.<\/p>\n<p>P\u00e2te \u00e0 cr\u00eapes toute pr\u00eate Auchan : la bouteille 1 L pour la<br \/>\nChandeleur 2026<\/p>\n<p>La bouteille, en plastique transparent avec bouchon orange,<br \/>\nlaisse appara\u00eetre une p\u00e2te jaune p\u00e2le pr\u00eate \u00e0 \u00eatre vers\u00e9e<br \/>\ndirectement dans la po\u00eale. L&rsquo;\u00e9tiquette \u00ab\u00a0Les Halles Auchan\u00a0\u00bb met en<br \/>\nsc\u00e8ne une situation parlante : \u00ab\u00a0Quand la famille passe juste pour<br \/>\nle caf\u00e9 et que \u00e7a dure\u00a0\u00bb, clin d&rsquo;\u0153il aux visites improvis\u00e9es o\u00f9 l&rsquo;on<br \/>\nfinit souvent par faire des cr\u00eapes.<\/p>\n<p>C\u00f4t\u00e9 prix, Auchan affiche 2,50 \u20ac la bouteille de 1 litre, avec<br \/>\nune pastille orange qui annonce \u00ab\u00a0soit 0,21\u20ac la cr\u00eape\u00a0\u00bb sur la base<br \/>\nde 12 cr\u00eapes par contenant. Le discours se veut rassurant, avec les<br \/>\nmentions \u00ab\u00a0Fabriqu\u00e9e en France\u00a0\u00bb, \u00ab\u00a0Faite par nos p\u00e2tissiers\u00a0\u00bb et<br \/>\n\u00ab\u00a0ingr\u00e9dients origine France\u00a0\u00bb soulign\u00e9es par un trait tricolore,<br \/>\npour donner \u00e0 cette <strong>p\u00e2te \u00e0 cr\u00eapes toute pr\u00eate en<br \/>\nbouteille<\/strong> une image presque artisanale.<\/p>\n<p>Ingr\u00e9dients, valeurs nutritionnelles et frais : ce que contient<br \/>\nla bouteille Auchan<\/p>\n<p>Derri\u00e8re le design ludique, la liste d&rsquo;ingr\u00e9dients reste<br \/>\nclassique pour une p\u00e2te \u00e0 cr\u00eapes pr\u00eate \u00e0 l&#8217;emploi : lait<br \/>\ndemi-\u00e9cr\u00e9m\u00e9, farine de bl\u00e9, gluten de bl\u00e9, farine de bl\u00e9 malt\u00e9,<br \/>\nlevure d\u00e9sactiv\u00e9e, additif E300, \u0153uf, sucre, huile de tournesol<br \/>\nraffin\u00e9e, sel avec antiagglom\u00e9rant E535. Les principaux allerg\u00e8nes<br \/>\nsont donc le lait, le bl\u00e9, le gluten et l&rsquo;\u0153uf, pour une<br \/>\nd\u00e9nomination l\u00e9gale toute simple : \u00ab\u00a0p\u00e2te \u00e0 cr\u00eape\u00a0\u00bb.<\/p>\n<p>C\u00f4t\u00e9 nutrition, 100 g de produit apportent 891 kJ, soit 212<br \/>\nkcal, avec 9,9 g de mati\u00e8res grasses dont 1,9 g satur\u00e9es, 24 g de<br \/>\nglucides dont 2 g de sucres, 1 g de fibres, 7 g de prot\u00e9ines et<br \/>\n0,12 g de sel. Le tout se conserve au rayon frais, entre 0 et 4<br \/>\n\u00b0C.<\/p>\n<p>Comment utiliser cette p\u00e2te \u00e0 cr\u00eapes en<br \/>\nbouteille pour la Chandeleur 2026<\/p>\n<p>Au moment de la Chandeleur, la bouteille s&rsquo;utilise comme une<br \/>\np\u00e2te maison d\u00e9j\u00e0 pr\u00eate : on la sort du r\u00e9frig\u00e9rateur puis on verse<br \/>\nla p\u00e2te dans une po\u00eale chaude et l\u00e9g\u00e8rement graiss\u00e9e. L&rsquo;enseigne<br \/>\nannonce un rendement moyen d&rsquo;environ 12 cr\u00eapes par bouteille, de<br \/>\nquoi assurer un go\u00fbter ou une fin de repas.<\/p>\n<p>Pour varier les plaisirs, Auchan d\u00e9cline aussi cette<br \/>\n<strong>p\u00e2te \u00e0 cr\u00eapes toute pr\u00eate<\/strong> en trois versions :<br \/>\nclassique nature, nouveaut\u00e9 \u00e0 la fleur d&rsquo;oranger et parfum rhum,<br \/>\nplut\u00f4t destin\u00e9 aux cr\u00eapes dessert. Dans un rayon o\u00f9 cohabitent<br \/>\npr\u00e9parations en poudre comme celles de Francine et bouteilles bio<br \/>\nplus haut de gamme chez Locavor, cette bouteille fra\u00eeche \u00e0 2,50 \u20ac,<br \/>\nsoit 0,21 \u20ac la cr\u00eape, se positionne comme une option tr\u00e8s<br \/>\naccessible pour improviser la Chandeleur 2026.<\/p>\n","protected":false},"excerpt":{"rendered":"La Chandeleur 2026 se profile, avec son cort\u00e8ge de po\u00eales qui chauffent et de p\u00e2te qui \u00e9clabousse le&hellip;\n","protected":false},"author":2,"featured_media":688230,"comment_status":"","ping_status":"","sticky":false,"template":"","format":"standard","meta":{"footnotes":""},"categories":[10],"tags":[258,1134,1102,1003,21303,902,1011,27,72,71,18632],"class_list":{"0":"post-688229","1":"post","2":"type-post","3":"status-publish","4":"format-standard","5":"has-post-thumbnail","7":"category-sante","8":"tag-alimentation","9":"tag-bon-plan","10":"tag-breakingnews","11":"tag-budget","12":"tag-buzz_nonli","13":"tag-cuisine","14":"tag-fr","15":"tag-france","16":"tag-health","17":"tag-sante","18":"tag-supermarches"},"share_on_mastodon":{"url":"https:\/\/pubeurope.com\/@fr\/115955898987645960","error":""},"_links":{"self":[{"href":"https:\/\/www.europesays.com\/fr\/wp-json\/wp\/v2\/posts\/688229","targetHints":{"allow":["GET"]}}],"collection":[{"href":"https:\/\/www.europesays.com\/fr\/wp-json\/wp\/v2\/posts"}],"about":[{"href":"https:\/\/www.europesays.com\/fr\/wp-json\/wp\/v2\/types\/post"}],"author":[{"embeddable":true,"href":"https:\/\/www.europesays.com\/fr\/wp-json\/wp\/v2\/users\/2"}],"replies":[{"embeddable":true,"href":"https:\/\/www.europesays.com\/fr\/wp-json\/wp\/v2\/comments?post=688229"}],"version-history":[{"count":0,"href":"https:\/\/www.europesays.com\/fr\/wp-json\/wp\/v2\/posts\/688229\/revisions"}],"wp:featuredmedia":[{"embeddable":true,"href":"https:\/\/www.europesays.com\/fr\/wp-json\/wp\/v2\/media\/688230"}],"wp:attachment":[{"href":"https:\/\/www.europesays.com\/fr\/wp-json\/wp\/v2\/media?parent=688229"}],"wp:term":[{"taxonomy":"category","embeddable":true,"href":"https:\/\/www.europesays.com\/fr\/wp-json\/wp\/v2\/categories?post=688229"},{"taxonomy":"post_tag","embeddable":true,"href":"https:\/\/www.europesays.com\/fr\/wp-json\/wp\/v2\/tags?post=688229"}],"curies":[{"name":"wp","href":"https:\/\/api.w.org\/{rel}","templated":true}]}}