{"id":688325,"date":"2026-01-25T14:15:19","date_gmt":"2026-01-25T14:15:19","guid":{"rendered":"https:\/\/www.europesays.com\/fr\/688325\/"},"modified":"2026-01-25T14:15:19","modified_gmt":"2026-01-25T14:15:19","slug":"on-a-utilise-un-joker-laurent-david-reagit-apres-la-defaite-des-herbiers-a-saumur","status":"publish","type":"post","link":"https:\/\/www.europesays.com\/fr\/688325\/","title":{"rendered":"\u00ab\u00a0On a utilis\u00e9 un joker\u00a0\u00bb : Laurent David r\u00e9agit apr\u00e8s la d\u00e9faite des Herbiers \u00e0 Saumur"},"content":{"rendered":"<p><img decoding=\"async\" src=\"https:\/\/www.europesays.com\/fr\/wp-content\/uploads\/2026\/01\/671_4a5420801ff50cf30b2082c8781af1f8.jpg\" alt=\"&quot;On a utilis\u00e9 un joker&quot; : Laurent David r\u00e9agit apr\u00e8s la d\u00e9faite des Herbiers \u00e0 Saumur\" class=\"img-responsive mt-3\"\/><\/p>\n<p class=\"text-center mb-3\" style=\"font-size: 14px\">\u00a9 Iconsport<\/p>\n<p>      <strong>Course \u00e0 la mont\u00e9e : Les Herbiers tr\u00e9buchent, les Girondins de Bordeaux prennent de l\u2019avance<\/strong><\/p>\n<p style=\"text-align: justify;\">Dans les colonnes de Ouest-France, leur entra\u00eeneur, Laurent David, a reconnu un manque de r\u00e9action de son \u00e9quipe. Le technicien herbretais pr\u00e9f\u00e8re toutefois parler de \u201cjoker\u201d utilis\u00e9 dans un championnat qu\u2019il juge encore tr\u00e8s long.<\/p>\n<p style=\"text-align: justify;\">\u00ab\u00a0On savait que le match serait compliqu\u00e9, mais nous n\u2019avons pas eu de r\u00e9action. S\u2019imaginait-on gagner facilement et apr\u00e8s la premi\u00e8re p\u00e9riode, le mal \u00e9tait fait. On a utilis\u00e9 un joker, le championnat est long, \u00e0 nous de nous montrer constants.\u00a0\u00bb<\/p>\n<p style=\"text-align: justify;\">&gt;\u00a0<strong><a href=\"https:\/\/www.webgirondins.com\/classement-girondins-national-2\" target=\"_blank\" rel=\"noopener\">Voir le classement de National 2<\/a><br \/><\/strong><strong><br \/><\/strong><\/p>\n<p class=\"px-0\">\u00c0 lire &gt;&gt; <a href=\"https:\/\/www.webgirondins.com\/actualite-girondins-n2-reaction-de-bruno-irles-apres-la-victoire-des-girondins-face-a-granville-2-3-131930\" target=\"_blank\" rel=\"noopener\"><strong>N2 : R\u00e9action de Bruno Irl\u00e8s apr\u00e8s la victoire des Girondins face \u00e0 Granville (2-3)<\/strong><\/a><br \/><strong><br \/><\/strong><\/p>\n<p style=\"text-align: justify;\">Notre podcast court sur l&rsquo;actu des Girondins :<\/p>\n","protected":false},"excerpt":{"rendered":"\u00a9 Iconsport Course \u00e0 la mont\u00e9e : Les Herbiers tr\u00e9buchent, les Girondins de Bordeaux prennent de l\u2019avance Dans&hellip;\n","protected":false},"author":2,"featured_media":688326,"comment_status":"","ping_status":"","sticky":false,"template":"","format":"standard","meta":{"footnotes":""},"categories":[1410],"tags":[150,26774,1997,19697,6466,40454,8842,8484,42258,63,1011,27,1987,14979,37355,3955,17297,3238,4565,32699,5241,7914,3470,71183,60,20381,21157,28034,7680],"class_list":{"0":"post-688325","1":"post","2":"type-post","3":"status-publish","4":"format-standard","5":"has-post-thumbnail","7":"category-football","8":"tag-apres","9":"tag-battus","10":"tag-bordeaux","11":"tag-connu","12":"tag-course","13":"tag-creuser","14":"tag-david","15":"tag-defaite","16":"tag-ecart","17":"tag-football","18":"tag-fr","19":"tag-france","20":"tag-girondins","21":"tag-herbiers","22":"tag-joker","23":"tag-laurent","24":"tag-montee","25":"tag-national","26":"tag-nouveau","27":"tag-olympique","28":"tag-on","29":"tag-reagit","30":"tag-saumur","31":"tag-sechement","32":"tag-sports","33":"tag-tournant","34":"tag-utilise","35":"tag-voient","36":"tag-week"},"share_on_mastodon":{"url":"https:\/\/pubeurope.com\/@fr\/115956162484231757","error":""},"_links":{"self":[{"href":"https:\/\/www.europesays.com\/fr\/wp-json\/wp\/v2\/posts\/688325","targetHints":{"allow":["GET"]}}],"collection":[{"href":"https:\/\/www.europesays.com\/fr\/wp-json\/wp\/v2\/posts"}],"about":[{"href":"https:\/\/www.europesays.com\/fr\/wp-json\/wp\/v2\/types\/post"}],"author":[{"embeddable":true,"href":"https:\/\/www.europesays.com\/fr\/wp-json\/wp\/v2\/users\/2"}],"replies":[{"embeddable":true,"href":"https:\/\/www.europesays.com\/fr\/wp-json\/wp\/v2\/comments?post=688325"}],"version-history":[{"count":0,"href":"https:\/\/www.europesays.com\/fr\/wp-json\/wp\/v2\/posts\/688325\/revisions"}],"wp:featuredmedia":[{"embeddable":true,"href":"https:\/\/www.europesays.com\/fr\/wp-json\/wp\/v2\/media\/688326"}],"wp:attachment":[{"href":"https:\/\/www.europesays.com\/fr\/wp-json\/wp\/v2\/media?parent=688325"}],"wp:term":[{"taxonomy":"category","embeddable":true,"href":"https:\/\/www.europesays.com\/fr\/wp-json\/wp\/v2\/categories?post=688325"},{"taxonomy":"post_tag","embeddable":true,"href":"https:\/\/www.europesays.com\/fr\/wp-json\/wp\/v2\/tags?post=688325"}],"curies":[{"name":"wp","href":"https:\/\/api.w.org\/{rel}","templated":true}]}}