{"id":68835,"date":"2025-05-02T07:59:14","date_gmt":"2025-05-02T07:59:14","guid":{"rendered":"https:\/\/www.europesays.com\/fr\/68835\/"},"modified":"2025-05-02T07:59:14","modified_gmt":"2025-05-02T07:59:14","slug":"le-secretaire-general-to-lam-effectuera-une-visite-detat-au-kazakhstan-en-azerbaidjan-en-bielorussie-et-une-visite-officielle-en-federation-de-russie","status":"publish","type":"post","link":"https:\/\/www.europesays.com\/fr\/68835\/","title":{"rendered":"Le secr\u00e9taire g\u00e9n\u00e9ral To Lam effectuera une visite d&rsquo;\u00c9tat au Kazakhstan, en Azerba\u00efdjan, en Bi\u00e9lorussie et une visite officielle en F\u00e9d\u00e9ration de Russie."},"content":{"rendered":"<p><strong>Les visites du Secr\u00e9taire g\u00e9n\u00e9ral To Lam ont \u00e9t\u00e9 effectu\u00e9es \u00e0 l&rsquo;invitation du Pr\u00e9sident de la R\u00e9publique du Kazakhstan, du Pr\u00e9sident de la R\u00e9publique d&rsquo;Azerba\u00efdjan, du Pr\u00e9sident de la F\u00e9d\u00e9ration de Russie et du Pr\u00e9sident de la R\u00e9publique de Bi\u00e9lorussie.<\/strong> <\/p>\n<p><img decoding=\"async\" src=\"https:\/\/www.europesays.com\/fr\/wp-content\/uploads\/2025\/05\/203769d01e1249fcae96d60e7a0f3c8a.webp\" data-allow-ads=\"true\" width=\"600\" class=\"image-600-gray\"\/> Secr\u00e9taire g\u00e9n\u00e9ral To Lam. (Photo : Thong Nhat\/VNA)<\/p>\n<p> Le secr\u00e9taire g\u00e9n\u00e9ral du Comit\u00e9 central du Parti communiste du Vietnam, To Lam, et son \u00e9pouse, accompagn\u00e9s d&rsquo;une d\u00e9l\u00e9gation vietnamienne de haut rang, effectueront une visite d&rsquo;\u00c9tat en R\u00e9publique du Kazakhstan, une visite d&rsquo;\u00c9tat en R\u00e9publique d&rsquo;Azerba\u00efdjan, une visite officielle en F\u00e9d\u00e9ration de Russie et assisteront au 80e anniversaire du Jour de la Victoire dans la Grande Guerre patriotique, ainsi qu&rsquo;une visite d&rsquo;\u00c9tat en R\u00e9publique de Bi\u00e9lorussie.<\/p>\n<p> Les visites ont lieu du 5 au 12 mai 2025.<\/p>\n<p> Selon l&rsquo;annonce du minist\u00e8re des Affaires \u00e9trang\u00e8res, la visite a \u00e9t\u00e9 effectu\u00e9e \u00e0 l&rsquo;invitation du pr\u00e9sident de la R\u00e9publique du Kazakhstan Kassym-Jormat Tokayev, du pr\u00e9sident de la R\u00e9publique d&rsquo;Azerba\u00efdjan Ilham Aliyev, du pr\u00e9sident de la F\u00e9d\u00e9ration de Russie Vladimir Poutine et du pr\u00e9sident de la R\u00e9publique de Bi\u00e9lorussie Alexandre Loukachenko.\/. <\/p>\n","protected":false},"excerpt":{"rendered":"Les visites du Secr\u00e9taire g\u00e9n\u00e9ral To Lam ont \u00e9t\u00e9 effectu\u00e9es \u00e0 l&rsquo;invitation du Pr\u00e9sident de la R\u00e9publique du&hellip;\n","protected":false},"author":2,"featured_media":68836,"comment_status":"","ping_status":"","sticky":false,"template":"","format":"standard","meta":{"footnotes":""},"categories":[1591],"tags":[11,15149,17059,1887,4955,12,1885,1886,132,17058],"class_list":{"0":"post-68835","1":"post","2":"type-post","3":"status-publish","4":"format-standard","5":"has-post-thumbnail","7":"category-russie","8":"tag-actualites","9":"tag-azerbaidjan","10":"tag-bielorussie","11":"tag-federation-de-russie","12":"tag-kazakhstan","13":"tag-news","14":"tag-russia","15":"tag-russian-federation","16":"tag-russie","17":"tag-secretaire-general-to-lam"},"share_on_mastodon":{"url":"https:\/\/pubeurope.com\/@fr\/114437184799919190","error":""},"_links":{"self":[{"href":"https:\/\/www.europesays.com\/fr\/wp-json\/wp\/v2\/posts\/68835","targetHints":{"allow":["GET"]}}],"collection":[{"href":"https:\/\/www.europesays.com\/fr\/wp-json\/wp\/v2\/posts"}],"about":[{"href":"https:\/\/www.europesays.com\/fr\/wp-json\/wp\/v2\/types\/post"}],"author":[{"embeddable":true,"href":"https:\/\/www.europesays.com\/fr\/wp-json\/wp\/v2\/users\/2"}],"replies":[{"embeddable":true,"href":"https:\/\/www.europesays.com\/fr\/wp-json\/wp\/v2\/comments?post=68835"}],"version-history":[{"count":0,"href":"https:\/\/www.europesays.com\/fr\/wp-json\/wp\/v2\/posts\/68835\/revisions"}],"wp:featuredmedia":[{"embeddable":true,"href":"https:\/\/www.europesays.com\/fr\/wp-json\/wp\/v2\/media\/68836"}],"wp:attachment":[{"href":"https:\/\/www.europesays.com\/fr\/wp-json\/wp\/v2\/media?parent=68835"}],"wp:term":[{"taxonomy":"category","embeddable":true,"href":"https:\/\/www.europesays.com\/fr\/wp-json\/wp\/v2\/categories?post=68835"},{"taxonomy":"post_tag","embeddable":true,"href":"https:\/\/www.europesays.com\/fr\/wp-json\/wp\/v2\/tags?post=68835"}],"curies":[{"name":"wp","href":"https:\/\/api.w.org\/{rel}","templated":true}]}}