{"id":688368,"date":"2026-01-25T14:43:18","date_gmt":"2026-01-25T14:43:18","guid":{"rendered":"https:\/\/www.europesays.com\/fr\/688368\/"},"modified":"2026-01-25T14:43:18","modified_gmt":"2026-01-25T14:43:18","slug":"7eme-ville-de-france-pour-le-temps-perdu-dans-les-bouchons","status":"publish","type":"post","link":"https:\/\/www.europesays.com\/fr\/688368\/","title":{"rendered":"7\u00c8ME VILLE DE FRANCE POUR LE TEMPS PERDU DANS LES BOUCHONS"},"content":{"rendered":"<p>Posted On 25 janvier 2026 <\/p>\n<p style=\"text-align: justify;\">En perdant 5000 habitants sous les mandats Piolle &#8211; des Grenoblois qui ont fuit &#8211; la ville est pass\u00e9e de la 16 \u00e8me \u00e0 la 19 \u00e8me place, <a href=\"https:\/\/grenoble-le-changement.fr\/2025\/12\/19\/population-lhemorragie-continue-grenoble-bientot-hors-du-top-20\/\" target=\"_blank\" rel=\"noopener\">s&rsquo;appr\u00eatant pour la premi\u00e8re fois \u00e0 sortir du top 20 des villes Fran\u00e7aises<\/a>.<\/p>\n<p style=\"text-align: justify;\">Par contre en mati\u00e8re de temps perdu dans les bouchons elle s&rsquo;accroche \u00e0 une place enviable : elle est 7 \u00e8me de France, c&rsquo;est \u00e0 dire bien au dessus du rapport <a href=\"https:\/\/grenoble-le-changement.fr\/2025\/03\/11\/deplacements-dans-la-metropole-ces-chiffres-qui-derangent\/\" target=\"_blank\" rel=\"noopener\">d\u00e9placements\/population qui devrait \u00eatre le sien.<\/a><\/p>\n<p><a href=\"https:\/\/grenoble-le-changement.fr\/wp-content\/uploads\/2026\/01\/Capture-de\u0301cran-2026-01-24-a\u0300-16.01.27.png\" rel=\"lightbox[87376] noopener\" target=\"_blank\"><img decoding=\"async\" data-id=\"87377\" src=\"https:\/\/grenoble-le-changement.fr\/wp-content\/uploads\/2026\/01\/Capture-de\u0301cran-2026-01-24-a\u0300-16.01.27-1024x661.png\" alt=\"\" class=\"wp-image-87377 jetpack-lazy-image\" data-lazy-src=\"https:\/\/www.europesays.com\/fr\/wp-content\/uploads\/2026\/01\/Capture-de\u0301cran-2026-01-24-a\u0300-16.01.27-1024x661.png\" \/><\/a><br \/>\n<a target=\"_blank\" href=\"https:\/\/www.grenoblemag.com\/article\/2529\/grenoble-12e-ville-francaise-la-plus-congestionnee-81-heures-perdues-dans-les-bouchons-en-2025\" rel=\"noopener\">GrenobleMag<\/a><\/p>\n<p><strong>LES EMBOUTEILLAGES SONT REPARTI \u00c0 LA HAUSSE <\/strong><\/p>\n<p style=\"text-align: justify;\">Le TomTom Traffic Index vient de r\u00e9v\u00e9ler son classement des villes les plus embouteill\u00e9es. En 2025, les automobilistes auront une nouvelle fois d\u00fb prendre leur mal en patience. D&rsquo;apr\u00e8s la <a target=\"_blank\" href=\"https:\/\/www.tomtom.com\/traffic-index\/ranking\/\" rel=\"noopener\">15\u00e8me \u00e9dition du TomTom Traffic Index<\/a>,\u00a0les embouteillages sont repartis \u00e0 la hausse l&rsquo;ann\u00e9e derni\u00e8re dans la plupart des grandes villes fran\u00e7aises.<\/p>\n<p style=\"text-align: justify;\"><strong>LES VILLES G\u00c9R\u00c9ES PAR LES ROUGE\/VERTS EN T\u00caTE\u00a0<\/strong><\/p>\n<p style=\"text-align: justify;\">Taux de congestion (pourcentage de temps additionnel pour effectuer un trajet), temps perdu dans les bouchons, vitesse moyenne&#8230; Le sp\u00e9cialiste n\u00e9erlandais de la cartographie et des technologies a d\u00e9voil\u00e9 son classement des villes les plus embouteill\u00e9es de France.<\/p>\n<p style=\"text-align: justify;\">En mati\u00e8re de \u00ab\u00a0congestion\u00a0\u00bb, sans surprise se sont les villes g\u00e9r\u00e9es par les Rouge\/Verts et leurs alli\u00e9s qui remportent le pompon.\u00a0<\/p>\n<p style=\"text-align: justify;\"><strong>LYON, BORDEAUX, PARIS, MARSEILLE &#8230;<\/strong><\/p>\n<p style=\"text-align: justify;\">D&rsquo;abord Lyon avec 121 heures de perdues dans les bouchons en 2025 et un taux de congestion de 47,2% (+0,7 par rapport \u00e0 2024) suivie de&#8230; Bordeaux, Paris, Marseille, Avignon&#8230; Sur ce crit\u00e8re Grenoble est quasiment stable (- 0,7%) et se classe 12 \u00e8me. En effet les automobilistes chass\u00e9s de la ville ne la congestionne \u00e9videmment pas plus !\u00a0<\/p>\n<p><img decoding=\"async\" data-id=\"67455\" src=\"https:\/\/grenoble-le-changement.fr\/wp-content\/uploads\/2023\/09\/Bouchon-rue-Hoche-copie.png\" alt=\"\" class=\"wp-image-67455 jetpack-lazy-image\" data-lazy-src=\"https:\/\/www.europesays.com\/fr\/wp-content\/uploads\/2026\/01\/Bouchon-rue-Hoche-copie.png\" \/><br \/>\nL&rsquo;art de cr\u00e9er des bouchons et de la<a href=\"https:\/\/grenoble-le-changement.fr\/2024\/11\/21\/place-aux-enfants-les-verites-de-grenoble-a-coeur\/\" target=\"_blank\" rel=\"noopener\"> pollution, ici devant l&rsquo;\u00e9cole Marianne Cohn rue Hoche<\/a> <\/p>\n<p><strong>GRENOBLE EST BIEN LA 7 \u00c8ME VILLE POUR LE TEMPS PERDU DANS LES BOUCHONS<\/strong><\/p>\n<p style=\"text-align: justify;\">Par contre en revanche, les automobilistes perdent encore en moyenne 81 heures par an aux heures de pointe, un chiffre qui classe la ville comme la 7\u00e8me fran\u00e7aise dans cette statistique. Un chiffre accablant quand on le ram\u00e8ne au temps perdu et aux effets sur la pollution. \u00c0 l\u2019\u00e9chelle mondiale, Grenoble figure comme la 191e ville dont les usagers de la route perdent le plus de temps dans les bouchons.<\/p>\n<p style=\"margin-top: 0cm; background: white; text-align: justify;\">Le chiffre de 47,5%, qui repr\u00e9sente les trajets effectu\u00e9s sur autoroute, qui classe Grenoble 4 \u00e8me parmi les grandes villes fran\u00e7aises, refl\u00e8te la forte d\u00e9pendance aux axes p\u00e9riph\u00e9riques de l\u2019agglom\u00e9ration.<\/p>\n<p style=\"text-align: justify;\"><strong>LE CENTRE VILLE SE D\u00c9PLUME DANGEREUSEMENT<\/strong><\/p>\n<p style=\"text-align: justify;\">Tous ces \u00e9l\u00e9ments confirment <a href=\"https:\/\/grenoble-le-changement.fr\/2025\/02\/03\/deplacements-le-grand-fiasco-de-lecologie-punitive\/\" target=\"_blank\" rel=\"noopener\">l&rsquo;absurdit\u00e9 des politiques choisies<\/a> qui ne servent aucune cause. Ni \u00e9videmment l&rsquo;attractivit\u00e9 de la ville centre qui est en train <a href=\"https:\/\/grenoble-le-changement.fr\/2025\/10\/20\/comment-la-pauperisation-de-la-ville-impacte-le-commerce-a-grenoble\/\" target=\"_blank\" rel=\"noopener\">de se d\u00e9plumer dangereusement de son activit\u00e9 commerciale,<\/a> ce facteur \u00ab\u00a0d\u00e9placements\u00a0\u00bb s&rsquo;ajoutant aux autres : stationnement, ins\u00e9curit\u00e9, salet\u00e9 de l&rsquo;espace public &#8230;<\/p>\n<p><a href=\"https:\/\/grenoble-le-changement.fr\/wp-content\/uploads\/2026\/01\/Capture-de\u0301cran-2026-01-24-a\u0300-16.27.57.png\" rel=\"lightbox[87376] noopener\" target=\"_blank\"><img decoding=\"async\" data-id=\"87379\" src=\"https:\/\/grenoble-le-changement.fr\/wp-content\/uploads\/2026\/01\/Capture-de\u0301cran-2026-01-24-a\u0300-16.27.57-1024x699.png\" alt=\"\" class=\"wp-image-87379 jetpack-lazy-image\" data-lazy-src=\"https:\/\/www.europesays.com\/fr\/wp-content\/uploads\/2026\/01\/Capture-de\u0301cran-2026-01-24-a\u0300-16.27.57-1024x699.png\" \/><\/a><br \/>\nUne politique de d\u00e9placements catastrophique, une partie des commerces ferm\u00e9s au centre ville : l&rsquo;inventaire n&rsquo;est pas \u00e0 jour <\/p>\n<p><strong>ALAIN CARIGNON AVAIT DEMAND\u00c9 DES \u00c9TUDES D&rsquo;IMPACT <\/strong><\/p>\n<p style=\"text-align: justify;\">Tous les collectifs, <a href=\"https:\/\/grenoble-le-changement.fr\/2025\/12\/06\/mort-du-centre-ville-laccablant-rapport-de-grenoble-a-coeur\/\" target=\"_blank\" rel=\"noopener\">tel \u00ab\u00a0Grenoble \u00e0 coeur\u00a0\u00bb qui ont alert\u00e9<\/a> en temps et en heure, Alain Carignon qui a demand\u00e9 de r\u00e9aliser des \u00e9tudes d&rsquo;impact pr\u00e9alables avant les d\u00e9cisions pour en mesurer les cons\u00e9quences et adapter les mesures n&rsquo;ont jamais \u00e9t\u00e9 \u00e9cout\u00e9s. Pas une seule fois.<\/p>\n<p style=\"text-align: justify;\"><strong>LA SECTE POLITIQUE DES VERTS\/ADES RECROQUEVILL\u00c9E SUR ELLE-M\u00caME<\/strong><\/p>\n<p style=\"text-align: justify;\">La majorit\u00e9 municipale a impos\u00e9 sa politique, sure d&rsquo;elle m\u00eame, donnant des le\u00e7ons au monde Urbi et Orbi&#8230; Le Grand Timonier qui termine ses mandats rejet\u00e9 par son camp localement et nationalement et la secte politique <a href=\"https:\/\/grenoble-le-changement.fr\/raymond-avrillier-le-tartuffe-rouge-verts-bouge-encore\/\" target=\"_blank\" rel=\"noopener\">de Raymond Avrillier, les \u00e9lus Verts\/Ades<\/a> qui tiennent <a href=\"https:\/\/grenoble-le-changement.fr\/2017\/10\/28\/guy-tuscher-ex-piolle-leve-le-voile-sur-le-clan-avrilliercomparat-vertsades\/\" target=\"_blank\" rel=\"noopener\">les manettes de la ville<\/a> depuis 30 ans se sont <a href=\"https:\/\/grenoble-le-changement.fr\/2026\/01\/19\/ruffin-la-secte-veut-se-maintenir-au-pouvoir-%ef%bf%bc\/\" target=\"_blank\" rel=\"noopener\">recroquevill\u00e9s sur eux-m\u00eames.<\/a>\u00a0<\/p>\n<p style=\"text-align: justify;\"><strong>L. RUFFIN VOUDRAIT CACHER LA MARCHANDISE<\/strong><\/p>\n<p style=\"text-align: justify;\">Laurence Ruffin voudrait \u00e9chapper \u00e0 ce bilan en se r\u00e9fugiant dans la th\u00e9orie politique et <a href=\"https:\/\/grenoble-le-changement.fr\/2026\/01\/23\/panique-a-bord-laurence-ruffin-craque-sur-son-programme\/\" target=\"_blank\" rel=\"noopener\">les g\u00e9n\u00e9ralit\u00e9s<\/a> qui ne d\u00e9rangent personne. Histoire de recommencer l&rsquo;op\u00e9ration mensong\u00e8re de Piolle de 2014 : cacher la marchandise r\u00e9elle qu&rsquo;elle transporte. \u00c0 cet \u00e9gard la venue de Benoit Hamon jeudi soir \u00e0 la Maison du Tourisme confirme bien cette tactique d&rsquo;\u00e9vitement.\u00a0<\/p>\n<p style=\"text-align: justify;\">Le militant socialiste recas\u00e9 pr\u00e9sident d\u2019ESS France, organisation \u00ab\u00a0de l\u2019\u00e9conomie sociale et solidaire\u00a0\u00bb dont il vit, est bien repr\u00e9sentatif de ces Rouge\/Verts : brasser du vide. \u00c7a ne brasse plus les foules et l&rsquo;ennui gagne m\u00eame dans les rangs de la vieille garde qui veille.\u00a0<\/p>\n<p><img decoding=\"async\" data-id=\"87147\" src=\"https:\/\/grenoble-le-changement.fr\/wp-content\/uploads\/2026\/01\/RUFFIN-Parle-pour-ne-rien-dire.jpg\" alt=\"\" class=\"wp-image-87147 jetpack-lazy-image\" data-lazy-src=\"https:\/\/www.europesays.com\/fr\/wp-content\/uploads\/2026\/01\/RUFFIN-Parle-pour-ne-rien-dire.jpg\" \/><\/p>\n<p><strong>DEPUIS 20 ANS L. RUFFIN N&rsquo;A JAMAIS D\u00c9FENDU UN DOSSIER GRENOBLOIS<\/strong><\/p>\n<p style=\"text-align: justify;\">Les nouveaux chiffres de la congestion de Grenoble et du temps perdu dans les bouchons tombent mal pour la candidate qui <a href=\"https:\/\/grenoble-le-changement.fr\/2026\/01\/09\/la-solution-de-laurence-ruffin-colorier-le-sol-pour-aider-le-commerce\/\" target=\"_blank\" rel=\"noopener\">voulait \u00ab\u00a0colorier les sols\u00a0\u00bb pour faire repartir le commerce<\/a> Grenoblois. La com\u00e9die qu&rsquo;elle joue n&rsquo;amuse plus personne.\u00a0<\/p>\n<p style=\"text-align: justify;\">Le faux du montage devient de plus en plus visible : son d\u00e9m\u00e9nagement pr\u00e9cipit\u00e9 de Meylan pour habiter tout \u00e0 coup Grenoble, devenue soudainement pour la campagne \u00e9lectorale \u00ab\u00a0sa ville de coeur\u00a0\u00bb ne peut pas faire oublier la r\u00e9alit\u00e9 : jamais depuis 20 ans qu&rsquo;elle vit sur le territoire Laurence Ruffin n&rsquo;a d\u00e9fendu un grenoblois ou un dossier Grenoblois.\u00a0<\/p>\n<p style=\"text-align: justify;\"><strong>POURTANT SON COMPAGNON AVAIT \u00c9T\u00c9 CAS\u00c9 PAR PIOLLE\u00a0<\/strong><\/p>\n<p style=\"text-align: justify;\">Pourtant son compagnon <a href=\"https:\/\/grenoble-le-changement.fr\/2026\/01\/15\/villeneuve-village-olympique-laurence-ruffin-tuerait-les-correspondants-de-nuit\/\" target=\"_blank\" rel=\"noopener\">Matthieu Gravelier a \u00e9t\u00e9 nomm\u00e9 par Piolle 9 ans Directeur de la R\u00e9gie de Quartier,<\/a> puis \u00e0 la t\u00eate d&rsquo;une mission fumeuse \u00e0 la ville avant de la quitter dans la perspective du lancement de Laurence Ruffin. Que l&rsquo;on sache, la situation du couple ne n\u00e9cessitait pas ce \u00ab\u00a0coup de pouce\u00a0\u00bb &#8230;\u00a0 En tout cas, elle \u00e9tait, au moins par ce biais, au contact de certaines probl\u00e9matiques de \u00ab\u00a0sa ville de coeur\u00a0\u00bb.\u00a0<\/p>\n<p style=\"text-align: justify;\">Les grenoblois sont donc amen\u00e9s \u00e0 se prononcer sur les faits, les r\u00e9sultats. Ils ne vont pas se satisfaire des d\u00e9clarations d&rsquo;amour. Ils n&rsquo;en ont en effet re\u00e7u aucune preuve.\u00a0<\/p>\n","protected":false},"excerpt":{"rendered":"Posted On 25 janvier 2026 En perdant 5000 habitants sous les mandats Piolle &#8211; des Grenoblois qui ont&hellip;\n","protected":false},"author":2,"featured_media":688369,"comment_status":"","ping_status":"","sticky":false,"template":"","format":"standard","meta":{"footnotes":""},"categories":[9566],"tags":[1111,11,9601,2430,35937,9607,78504,1777,674,1011,27,2731,69561,14004,10136,25227,12,25,77866],"class_list":{"0":"post-688368","1":"post","2":"type-post","3":"status-publish","4":"format-standard","5":"has-post-thumbnail","7":"category-grenoble","8":"tag-actu","9":"tag-actualites","10":"tag-alain-carignon","11":"tag-auvergne-rhone-alpes","12":"tag-benoit-hamon","13":"tag-eric-piolle","14":"tag-ess-france","15":"tag-eu","16":"tag-europe","17":"tag-fr","18":"tag-france","19":"tag-grenoble","20":"tag-grenoble-a-coeur","21":"tag-grenoblemag","22":"tag-laurence-ruffin","23":"tag-matthieu-gravelier","24":"tag-news","25":"tag-republique-francaise","26":"tag-tomtom"},"share_on_mastodon":{"url":"https:\/\/pubeurope.com\/@fr\/115956272719990803","error":""},"_links":{"self":[{"href":"https:\/\/www.europesays.com\/fr\/wp-json\/wp\/v2\/posts\/688368","targetHints":{"allow":["GET"]}}],"collection":[{"href":"https:\/\/www.europesays.com\/fr\/wp-json\/wp\/v2\/posts"}],"about":[{"href":"https:\/\/www.europesays.com\/fr\/wp-json\/wp\/v2\/types\/post"}],"author":[{"embeddable":true,"href":"https:\/\/www.europesays.com\/fr\/wp-json\/wp\/v2\/users\/2"}],"replies":[{"embeddable":true,"href":"https:\/\/www.europesays.com\/fr\/wp-json\/wp\/v2\/comments?post=688368"}],"version-history":[{"count":0,"href":"https:\/\/www.europesays.com\/fr\/wp-json\/wp\/v2\/posts\/688368\/revisions"}],"wp:featuredmedia":[{"embeddable":true,"href":"https:\/\/www.europesays.com\/fr\/wp-json\/wp\/v2\/media\/688369"}],"wp:attachment":[{"href":"https:\/\/www.europesays.com\/fr\/wp-json\/wp\/v2\/media?parent=688368"}],"wp:term":[{"taxonomy":"category","embeddable":true,"href":"https:\/\/www.europesays.com\/fr\/wp-json\/wp\/v2\/categories?post=688368"},{"taxonomy":"post_tag","embeddable":true,"href":"https:\/\/www.europesays.com\/fr\/wp-json\/wp\/v2\/tags?post=688368"}],"curies":[{"name":"wp","href":"https:\/\/api.w.org\/{rel}","templated":true}]}}