{"id":688374,"date":"2026-01-25T14:48:10","date_gmt":"2026-01-25T14:48:10","guid":{"rendered":"https:\/\/www.europesays.com\/fr\/688374\/"},"modified":"2026-01-25T14:48:10","modified_gmt":"2026-01-25T14:48:10","slug":"le-suspect-mis-en-examen-pour-assassinat-et-ecroue","status":"publish","type":"post","link":"https:\/\/www.europesays.com\/fr\/688374\/","title":{"rendered":"le suspect mis en examen pour assassinat et \u00e9crou\u00e9"},"content":{"rendered":"<p>L&rsquo;homme de 45 ans arr\u00eat\u00e9 samedi \u00e0 Grasse pour <a href=\"https:\/\/www.laprovence.com\/article\/faits-divers-justice\/72336392220888\/nice-ne-doit-en-aucun-cas-devenir-marseille-ce-que-lon-sait-sur-le-meurtre-dune-jeune-mere-executee-par-balles-devant-son-bebe\" target=\"_blank\" rel=\"noopener\">l&rsquo;assassinat par balles mercredi \u00e0 Nice<\/a> de Lizabete, une jeune m\u00e8re de 23 ans qui se trouvait avec son b\u00e9b\u00e9 dans une voiture, a \u00e9t\u00e9 mis en examen et \u00e9crou\u00e9, a annonc\u00e9 ce dimanche 25 janvier le procureur de Nice.<\/p>\n<p>Le suspect a \u00e9t\u00e9 mis en examen et plac\u00e9 en d\u00e9tention provisoire pour \u00ab\u00a0assassinat\u00a0\u00bb par un juge d&rsquo;instruction, devant lequel \u00ab\u00a0il a gard\u00e9 le silence\u00a0\u00bb, a pr\u00e9cis\u00e9 le procureur Damien Martinelli dans un communiqu\u00e9. L&rsquo;homme, n\u00e9 au Portugal et qui serait un ancien compagnon de la belle-m\u00e8re de la victime, avait \u00e9t\u00e9 arr\u00eat\u00e9 samedi en d\u00e9but d\u2019apr\u00e8s-midi sur les hauteurs de Grasse, par des policiers de la Brigade de recherche et d&rsquo;intervention (BRI) et du Raid.<\/p>\n<p>2 gardes \u00e0 vue lev\u00e9es<\/p>\n<p>La garde \u00e0 vue a en revanche \u00e9t\u00e9 lev\u00e9e pour deux autres personnes qui avait \u00e9galement \u00e9t\u00e9 interpell\u00e9es samedi et \u00e9taient initialement soup\u00e7onn\u00e9es d&rsquo;avoir apport\u00e9 de l&rsquo;aide \u00e0 l&rsquo;homme mis en examen, en le logeant pour l&rsquo;une d&rsquo;elles, a ajout\u00e9 le procureur.<\/p>\n<p><a href=\"https:\/\/www.laprovence.com\/article\/faits-divers-justice\/12038086638575\/meurtre-de-la-jeune-mere-a-nice-un-suspect-en-garde-a-vue-la-piste-intrafamiliale-privilegiee\" target=\"_blank\" rel=\"noopener\">L&rsquo;assassinat de Lizabete<\/a>, qui a suscit\u00e9 une forte \u00e9motion \u00e0 Nice, a eu lieu mercredi en d\u00e9but de soir\u00e9e, \u00e0 une intersection proche d&rsquo;un lyc\u00e9e dans l&rsquo;ouest de la ville. Un homme circulant \u00e0 scooter s&rsquo;est port\u00e9 \u00e0 la hauteur de la jeune femme, qui \u00e9tait au volant de son v\u00e9hicule, et a tir\u00e9 \u00e0 une dizaine de reprises \u00e0 bout portant au travers de la vitre.<\/p>\n<p>Arriv\u00e9s rapidement sur les lieux, les pompiers ne sont pas parvenus \u00e0 r\u00e9animer la jeune femme. Miraculeusement, la petite fille de la victime, Ayla, \u00e2g\u00e9e de 7 mois, qui \u00e9tait sangl\u00e9e \u00e0 c\u00f4t\u00e9 dans un si\u00e8ge b\u00e9b\u00e9, n&rsquo;a pas \u00e9t\u00e9 bless\u00e9e.<\/p>\n<p>Les soup\u00e7ons des enqu\u00eateurs s&rsquo;\u00e9taient tr\u00e8s vite port\u00e9s sur l&rsquo;homme arr\u00eat\u00e9 \u00e0 Grasse, qui avait, quelques jours avant l&rsquo;assassinat de mercredi, \u00e9t\u00e9 plac\u00e9 en garde \u00e0 vue pour des violences aggrav\u00e9es sur son ex-compagne.<\/p>\n<p>Il avait \u00e9t\u00e9 ensuite plac\u00e9 sous contr\u00f4le judiciaire avec interdiction d&rsquo;approcher cette femme.<\/p>\n","protected":false},"excerpt":{"rendered":"L&rsquo;homme de 45 ans arr\u00eat\u00e9 samedi \u00e0 Grasse pour l&rsquo;assassinat par balles mercredi \u00e0 Nice de Lizabete, une&hellip;\n","protected":false},"author":2,"featured_media":688375,"comment_status":"","ping_status":"","sticky":false,"template":"","format":"standard","meta":{"footnotes":""},"categories":[2819],"tags":[5734,34637,1111,11,3493,13413,1777,674,274,1011,27,5875,12,2401,882,25,3711,16022],"class_list":{"0":"post-688374","1":"post","2":"type-post","3":"status-publish","4":"format-standard","5":"has-post-thumbnail","7":"category-nice","8":"tag-5734","9":"tag-abattue","10":"tag-actu","11":"tag-actualites","12":"tag-bebe","13":"tag-devant","14":"tag-eu","15":"tag-europe","16":"tag-faits-divers-justice","17":"tag-fr","18":"tag-france","19":"tag-mere","20":"tag-news","21":"tag-nice","22":"tag-provence-alpes-cote-dazur","23":"tag-republique-francaise","24":"tag-son","25":"tag-suspect"},"share_on_mastodon":{"url":"https:\/\/pubeurope.com\/@fr\/115956292241453182","error":""},"_links":{"self":[{"href":"https:\/\/www.europesays.com\/fr\/wp-json\/wp\/v2\/posts\/688374","targetHints":{"allow":["GET"]}}],"collection":[{"href":"https:\/\/www.europesays.com\/fr\/wp-json\/wp\/v2\/posts"}],"about":[{"href":"https:\/\/www.europesays.com\/fr\/wp-json\/wp\/v2\/types\/post"}],"author":[{"embeddable":true,"href":"https:\/\/www.europesays.com\/fr\/wp-json\/wp\/v2\/users\/2"}],"replies":[{"embeddable":true,"href":"https:\/\/www.europesays.com\/fr\/wp-json\/wp\/v2\/comments?post=688374"}],"version-history":[{"count":0,"href":"https:\/\/www.europesays.com\/fr\/wp-json\/wp\/v2\/posts\/688374\/revisions"}],"wp:featuredmedia":[{"embeddable":true,"href":"https:\/\/www.europesays.com\/fr\/wp-json\/wp\/v2\/media\/688375"}],"wp:attachment":[{"href":"https:\/\/www.europesays.com\/fr\/wp-json\/wp\/v2\/media?parent=688374"}],"wp:term":[{"taxonomy":"category","embeddable":true,"href":"https:\/\/www.europesays.com\/fr\/wp-json\/wp\/v2\/categories?post=688374"},{"taxonomy":"post_tag","embeddable":true,"href":"https:\/\/www.europesays.com\/fr\/wp-json\/wp\/v2\/tags?post=688374"}],"curies":[{"name":"wp","href":"https:\/\/api.w.org\/{rel}","templated":true}]}}