{"id":688378,"date":"2026-01-25T14:50:09","date_gmt":"2026-01-25T14:50:09","guid":{"rendered":"https:\/\/www.europesays.com\/fr\/688378\/"},"modified":"2026-01-25T14:50:09","modified_gmt":"2026-01-25T14:50:09","slug":"au-sud-de-nantes-des-habitants-font-tout-pour-eviter-que-des-familles-ne-se-retrouvent-a-la-rue","status":"publish","type":"post","link":"https:\/\/www.europesays.com\/fr\/688378\/","title":{"rendered":"Au sud de Nantes, des habitants font tout pour \u00e9viter que des familles ne se retrouvent \u00e0 la rue"},"content":{"rendered":"<p>                    Par<br \/>\n        <strong><br \/>\n            <a href=\"https:\/\/actu.fr\/auteur\/journaliste-cp\" title=\"Consulter tous les articles de R\u00e9daction Courrier du Pays de Retz\" target=\"_blank\" rel=\"noopener\">R\u00e9daction Courrier du Pays de Retz<\/a><br \/>\n                    <\/strong><\/p>\n<p>        Publi\u00e9 le<\/p>\n<p>            25 janv. 2026 \u00e0 15h16        <\/p>\n<p>Une nouvelle association solidaire a vu le jour sur le secteur <b>La Montagne, Saint-Jean-de-Boiseau, Le Pellerin<\/b> <b>(Loire-Atlantique)<\/b>: Cent pour un toit.<\/p>\n<blockquote class=\"ac-article-quote wall-content\">\n<p>Depuis huit ans, deux familles, en attente de r\u00e9gularisation de leurs papiers par la pr\u00e9fecture, sont soutenues financi\u00e8rement et accompagn\u00e9es par deux associations locales, le collectif d\u2019accueil des r\u00e9fugi\u00e9s sur La Montagne (Carlam) et Accordances, une association culturelle ayant dans ses statuts un volet solidarit\u00e9.\u00a0\u00ab\u00a0<\/p>\n<p>Farida Tehib, membre du Carlam.<\/p><\/blockquote>\n<p>Les parents occupent des emplois tr\u00e8s pr\u00e9caires<\/p>\n<p class=\" wall-content\">Dans chaque famille, les enfants et adolescents suivent leur scolarit\u00e9 dans les \u00e9tablissements montagnards. Les parents occupent des emplois tr\u00e8s pr\u00e9caires ne leur permettant pas de subvenir \u00e0 leur besoin.<\/p>\n<p>Plus d\u2019appartements fin mars<\/p>\n<p class=\" wall-content\">Ces deux familles sont log\u00e9es dans deux appartements mis \u00e0 disposition par la mairie. Une convention liant le Carlam et la mairie arrive \u00e0 \u00e9ch\u00e9ance fin mars.<\/p>\n<blockquote class=\"ac-article-quote wall-content\">\n<p>Le Carlam prend en charge les factures d\u2019eau, de gaz et d\u2019\u00e9lectricit\u00e9, mais, compte tenu de ses ressources, le Carlam ne sera plus en mesure de subvenir \u00e0 ces d\u00e9penses \u00ab\u00a0<\/p>\n<\/blockquote>\n<p class=\" wall-content\">Fadida Tehib.<\/p>\n<p>Vid\u00e9os : en ce moment sur Actu<\/p>\n<p class=\" wall-content\">Conscient de l\u2019urgence, et pour \u00e9viter que ces familles ne se retrouvent \u00e0 la rue, un petit groupe d\u2019habitants s\u2019est r\u00e9uni en collectif pour envisager les pistes possibles.<\/p>\n<p class=\" wall-content\">\u00a0\u00bb Nous proposons de cr\u00e9er une association Cent pour un toit local, \u00e0 l\u2019image de ce qui se fait \u00e0 Nantes\u00a0\u00a0\u00bb explique Marie Kayser, une des fondatrices.<\/p>\n<p>Votre r\u00e9gion, votre actu !<\/p>\n<p>Recevez chaque jour les infos qui comptent pour vous.<\/p>\n<p>\t<a href=\"https:\/\/actu.fr\/newsletter\" class=\"ac-btn ac-btn--corner ac-btn--medium ac-btn--blue800\" target=\"_blank\" rel=\"noopener\">S&rsquo;incrire<\/a><br \/>\n\u00ab\u00a0Loger temporairement\u00a0\u00bb<\/p>\n<p class=\" wall-content\">Soixante-huit associations similaires existent d\u00e9j\u00e0 en France. L\u2019association se donne pour objet de \u00a0\u00bb\u00a0loger temporairement et d\u2019accompagner des familles ou personnes isol\u00e9es, en pr\u00e9carit\u00e9 de logement ou sans abri \u00ab\u00a0.<\/p>\n<p class=\" wall-content\">R\u00e9unis en assembl\u00e9e constitutive, trente-cinq habitants de La Montagne, Saint-Jean-de-Boiseau et du Pellerin ont cr\u00e9\u00e9 l\u2019association, Cent pour un toit, La Montagne, Saint-Jean-de-Boiseau, Le Pellerin.<\/p>\n<p class=\" wall-content\">Marc Bul\u00e9on, Anne Gu\u00e9gan, Marie Kayser, Catherine Jaunait, Annick Masson, Fran\u00e7oise Salmon et Farida Tehib composent le conseil d\u2019administration.<\/p>\n<p>\u00ab\u00a0Chaque don est d\u00e9ductible des imp\u00f4ts\u00a0\u00bb<\/p>\n<p class=\" wall-content\">Pour accompagner ces deux familles, l\u2019association a besoin de 7\u00a0500 \u20ac \u00e0 15\u00a0000 \u20ac par an. Elle s\u2019engage \u00e0 payer les factures de la vie quotidienne et une partie du loyer.<\/p>\n<p class=\" wall-content\">Pour mener \u00e0 bien son projet, l\u2019association mise sur la solidarit\u00e9 des donateurs. \u00a0\u00bb\u00a0Nous proposons \u00e0 chaque donateur de verser un minimum de 5 \u20ac par mois. Chaque don est d\u00e9ductible des imp\u00f4ts \u00e0 hauteur de 66 %\u00a0\u00a0\u00bb insiste Anne Gu\u00e9gan une autre fondatrice.<\/p>\n<p>Contact\u00a0: <a href=\"https:\/\/actu.fr\/cdn-cgi\/l\/email-protection\" class=\"__cf_email__\" data-cfemail=\"9eafaeaeeef1ebecafeaf1f7eaf3f4eedee4fffdf2e7edb0f0fbeab0cef1ebec\" target=\"_blank\" rel=\"noopener\">[email\u00a0protected]<\/a> amplifier le nombre des donateurs, une r\u00e9union d\u2019information est organis\u00e9e mardi 3 f\u00e9vrier \u00e0 20 h au Chalet, 153 Route de Bouguenais.<\/p>\n<p class=\" wall-content\">Personnalisez votre actualit\u00e9 en ajoutant vos villes et m\u00e9dias en favori avec <a href=\"https:\/\/moncompte.actu.fr\" title=\"D\u00e9couvez Mon Actu\" rel=\"nofollow noopener\" data-trk=\"{&quot;cta&quot;:{&quot;action&quot;:&quot;https:\\\/\\\/moncompte.actu.fr&quot;,&quot;category&quot;:&quot;mon compte&quot;,&quot;from&quot;:&quot;article footer&quot;,&quot;name&quot;:&quot;Mon actu&quot;,&quot;type&quot;:&quot;cta&quot;}}\" target=\"_blank\">Mon Actu<\/a>.<\/p>\n","protected":false},"excerpt":{"rendered":"Par R\u00e9daction Courrier du Pays de Retz Publi\u00e9 le 25 janv. 2026 \u00e0 15h16 Une nouvelle association solidaire&hellip;\n","protected":false},"author":2,"featured_media":688379,"comment_status":"","ping_status":"","sticky":false,"template":"","format":"standard","meta":{"footnotes":""},"categories":[2818],"tags":[1111,11,1777,674,1011,27,766,12,2636,25,104,3400],"class_list":{"0":"post-688378","1":"post","2":"type-post","3":"status-publish","4":"format-standard","5":"has-post-thumbnail","7":"category-nantes","8":"tag-actu","9":"tag-actualites","10":"tag-eu","11":"tag-europe","12":"tag-fr","13":"tag-france","14":"tag-nantes","15":"tag-news","16":"tag-pays-de-la-loire","17":"tag-republique-francaise","18":"tag-societe","19":"tag-solidarite"},"share_on_mastodon":{"url":"https:\/\/pubeurope.com\/@fr\/115956300129673893","error":""},"_links":{"self":[{"href":"https:\/\/www.europesays.com\/fr\/wp-json\/wp\/v2\/posts\/688378","targetHints":{"allow":["GET"]}}],"collection":[{"href":"https:\/\/www.europesays.com\/fr\/wp-json\/wp\/v2\/posts"}],"about":[{"href":"https:\/\/www.europesays.com\/fr\/wp-json\/wp\/v2\/types\/post"}],"author":[{"embeddable":true,"href":"https:\/\/www.europesays.com\/fr\/wp-json\/wp\/v2\/users\/2"}],"replies":[{"embeddable":true,"href":"https:\/\/www.europesays.com\/fr\/wp-json\/wp\/v2\/comments?post=688378"}],"version-history":[{"count":0,"href":"https:\/\/www.europesays.com\/fr\/wp-json\/wp\/v2\/posts\/688378\/revisions"}],"wp:featuredmedia":[{"embeddable":true,"href":"https:\/\/www.europesays.com\/fr\/wp-json\/wp\/v2\/media\/688379"}],"wp:attachment":[{"href":"https:\/\/www.europesays.com\/fr\/wp-json\/wp\/v2\/media?parent=688378"}],"wp:term":[{"taxonomy":"category","embeddable":true,"href":"https:\/\/www.europesays.com\/fr\/wp-json\/wp\/v2\/categories?post=688378"},{"taxonomy":"post_tag","embeddable":true,"href":"https:\/\/www.europesays.com\/fr\/wp-json\/wp\/v2\/tags?post=688378"}],"curies":[{"name":"wp","href":"https:\/\/api.w.org\/{rel}","templated":true}]}}