{"id":688408,"date":"2026-01-25T15:08:17","date_gmt":"2026-01-25T15:08:17","guid":{"rendered":"https:\/\/www.europesays.com\/fr\/688408\/"},"modified":"2026-01-25T15:08:17","modified_gmt":"2026-01-25T15:08:17","slug":"a-paris-la-mode-masculine-mise-sur-le-raisonnable-actualites","status":"publish","type":"post","link":"https:\/\/www.europesays.com\/fr\/688408\/","title":{"rendered":"\u00c0 Paris, la mode masculine mise sur le raisonnable : Actualit\u00e9s"},"content":{"rendered":"<p class=\"lead \">Des costumes, des pi\u00e8ces fonctionnelles, et peu d&rsquo;extravagance: la semaine de la mode masculine de Paris, qui s&rsquo;ach\u00e8ve dimanche, a consacr\u00e9 une saison hivernale pragmatique et sans grande prise de risque.<\/p>\n<p class=\"lead \">Apr\u00e8s une ann\u00e9e 2025 marqu\u00e9e par un vaste mercato des directeurs artistiques et de nombreux d\u00e9buts, cette \u00e9dition hivernale est plus mesur\u00e9e, tant sur le fond que sur la forme, avec moins de d\u00e9fil\u00e9s et aucune premi\u00e8re fois.<\/p>\n<p class=\"lead \">\u00ab\u00a0C&rsquo;est une saison qui a \u00e9t\u00e9 assez conservatrice, sans propositions incroyables\u00a0\u00bb, analyse pour l&rsquo;AFP Matthieu Morge Zucconi, chef de rubrique mode masculine du Figaro.<\/p>\n<p class=\"lead \">\u00ab\u00a0On est dans une p\u00e9riode o\u00f9 on va droit \u00e0 l&rsquo;essentiel. Cela se ressent sur les d\u00e9fil\u00e9s\u00a0\u00bb, abonde Astrid Faguer, journaliste mode aux \u00c9chos Week-End. <\/p>\n<p class=\"lead \">Sur fond d&rsquo;actualit\u00e9 pesante et de turbulences \u00e9conomiques travers\u00e9es par le secteur du luxe, les marques veulent rassurer et sont peu enclines \u00e0 la prise de risque, estiment les sp\u00e9cialistes.<\/p>\n<p class=\"lead \">La tendance pour l&rsquo;hiver prochain est donc aux valeurs s\u00fbres, voire \u00e0 la nostalgie.<\/p>\n<p class=\"lead \">&#8211; Costume en force &#8211;<\/p>\n<p class=\"lead \">Le duo costume\u2011cravate s&rsquo;impose comme l&rsquo;un des marqueurs forts des podiums. Chez Louis Vuitton, Pharrell Williams en propose une palette prot\u00e9iforme: simple ou double boutonnage, coupes plus ou moins cintr\u00e9es, et m\u00eame une variante associ\u00e9e \u00e0 un bermuda.<\/p>\n<p class=\"lead \">Chez Dior, le costume se la joue tant\u00f4t ann\u00e9es 1940, avec des \u00e9paules rondes et des pantalons amples, tant\u00f4t ann\u00e9es 1960 avec un pantalon cigarette et un blazer raccourci. <\/p>\n<p class=\"lead \">Chez Herm\u00e8s, le tailoring joue la carte des mati\u00e8res nobles, de la flanelle au crocodile, tandis que Sacai s&rsquo;amuse \u00e0 d\u00e9tourner le classique pantalon en l&rsquo;agr\u00e9mentant de volants, donnant l&rsquo;illusion d&rsquo;un short superpos\u00e9. <\/p>\n<p class=\"lead \">Juun.J pr\u00e9sente des versions \u00e0 fleurs, en velours ou m\u00eame avec un ample pantalon de motard. <\/p>\n<p class=\"lead \">Les imprim\u00e9s \u00e0 carreaux se d\u00e9ploient eux aussi \u00e0 grande \u00e9chelle. Ils s&rsquo;invitent aussi bien dans les combinaisons transparentes en tartan de Jeanne Friot que dans les chemises, elles aussi en tartan, de Kolor. <\/p>\n<p class=\"lead \">Chez Dior, l&#8217;embl\u00e9matique veste Bar se r\u00e9invente en pied\u2011de\u2011poule. Louis Vuitton multiplie les costumes en prince\u2011de\u2011galles, tandis que chez Officine G\u00e9n\u00e9rale, il est utilis\u00e9 pour un manteau au classicisme assum\u00e9.<\/p>\n<p class=\"lead \">Saison oblige, les v\u00eatements de pluie sont \u00e9galement l\u00e9gion, notamment chez Balenciaga et ses imperm\u00e9ables assez techniques.<\/p>\n<p class=\"lead \">&#8211; \u00ab\u00a0La fantaisie est ailleurs\u00a0\u00bb &#8211;<\/p>\n<p class=\"lead \">La palette de couleurs reste neutre (noir,gris, beige, brun) avec quelques touches plus vives, comme le violet vu de Dior \u00e0 Vuitton, en passant par Issey Miyake et Etudes Studio. <\/p>\n<p class=\"lead \">Pour Adrien Communier, chef de rubrique mode chez GQ, cette sobri\u00e9t\u00e9 traduit surtout un recentrage sur l&rsquo;essentiel. \u00ab\u00a0Il y a vraiment ce ph\u00e9nom\u00e8ne de cr\u00e9er des v\u00eatements pour maintenant, qui vont \u00eatre capables de durer et d&rsquo;affronter le quotidien\u00a0\u00bb, observe-t-il.<\/p>\n<p class=\"lead \">Selon lui, le public comme les cr\u00e9ateurs n&rsquo;aspirent plus \u00e0 des pi\u00e8ces saisonni\u00e8res vite rel\u00e9gu\u00e9es, mais \u00e0 des silhouettes qui traversent le temps.<\/p>\n<p class=\"lead \">\u00ab\u00a0C&rsquo;est impossible de ne pas y voir une r\u00e9f\u00e9rence au contexte international. Je pense qu&rsquo;il y a quelque chose de tr\u00e8s +responsif+ et pragmatique par rapport \u00e0 \u00e7a\u00a0\u00bb, estime-t-il.<\/p>\n<p class=\"lead \">Dans ce contexte, \u00ab\u00a0la fantaisie va se jouer ailleurs\u00a0\u00bb, constate Astrid Faguer. <\/p>\n<p class=\"lead \">Des perruques punk de Dior aux casquettes en cuir de Vuitton, en passant par les b\u00e9rets port\u00e9s \u00e0 l&rsquo;envers d&rsquo;Officine G\u00e9n\u00e9rale et les masques en macram\u00e9s de Rick Owens, \u00ab\u00a0on n&rsquo;a jamais vu autant de t\u00eates chapeaut\u00e9es\u00a0\u00bb, rel\u00e8ve-t-elle. <\/p>\n<p class=\"lead \">Les lunettes s&rsquo;invitent elles aussi, que ce soit chez Amiri, Dries Van Noten, Juun.J ou encore Willy Chavarria.<\/p>\n<p class=\"lead \">L&rsquo;extravagance se niche dans les d\u00e9tails. Les silhouettes masculines se parent ainsi d&rsquo;ornements \u00e9clatants\u202f: \u00e9paulettes strass\u00e9es \u00e0 franges chez Dior, minuscules bijoux incrust\u00e9s dans un manteau\u2011cape gris chez Dries Van Noten\u2026 <\/p>\n<p class=\"lead \">Autant de touches clinquantes qui rehaussent les ensembles sans pour autant perturber l&rsquo;\u00e9quilibre des silhouettes.<\/p>\n<p class=\"small font-weight-bold text-gray3 \"> publi\u00e9 le 25 janvier \u00e0 15h52, AFP<\/p>\n<p>                             Partager<\/p>\n","protected":false},"excerpt":{"rendered":"Des costumes, des pi\u00e8ces fonctionnelles, et peu d&rsquo;extravagance: la semaine de la mode masculine de Paris, qui s&rsquo;ach\u00e8ve&hellip;\n","protected":false},"author":2,"featured_media":688409,"comment_status":"","ping_status":"","sticky":false,"template":"","format":"standard","meta":{"footnotes":""},"categories":[1888],"tags":[11,2105,1777,674,1011,27,2425,985,12,626,25],"class_list":{"0":"post-688408","1":"post","2":"type-post","3":"status-publish","4":"format-standard","5":"has-post-thumbnail","7":"category-paris","8":"tag-actualites","9":"tag-distribution","10":"tag-eu","11":"tag-europe","12":"tag-fr","13":"tag-france","14":"tag-luxe","15":"tag-mode","16":"tag-news","17":"tag-paris","18":"tag-republique-francaise"},"share_on_mastodon":{"url":"https:\/\/pubeurope.com\/@fr\/115956370883229578","error":""},"_links":{"self":[{"href":"https:\/\/www.europesays.com\/fr\/wp-json\/wp\/v2\/posts\/688408","targetHints":{"allow":["GET"]}}],"collection":[{"href":"https:\/\/www.europesays.com\/fr\/wp-json\/wp\/v2\/posts"}],"about":[{"href":"https:\/\/www.europesays.com\/fr\/wp-json\/wp\/v2\/types\/post"}],"author":[{"embeddable":true,"href":"https:\/\/www.europesays.com\/fr\/wp-json\/wp\/v2\/users\/2"}],"replies":[{"embeddable":true,"href":"https:\/\/www.europesays.com\/fr\/wp-json\/wp\/v2\/comments?post=688408"}],"version-history":[{"count":0,"href":"https:\/\/www.europesays.com\/fr\/wp-json\/wp\/v2\/posts\/688408\/revisions"}],"wp:featuredmedia":[{"embeddable":true,"href":"https:\/\/www.europesays.com\/fr\/wp-json\/wp\/v2\/media\/688409"}],"wp:attachment":[{"href":"https:\/\/www.europesays.com\/fr\/wp-json\/wp\/v2\/media?parent=688408"}],"wp:term":[{"taxonomy":"category","embeddable":true,"href":"https:\/\/www.europesays.com\/fr\/wp-json\/wp\/v2\/categories?post=688408"},{"taxonomy":"post_tag","embeddable":true,"href":"https:\/\/www.europesays.com\/fr\/wp-json\/wp\/v2\/tags?post=688408"}],"curies":[{"name":"wp","href":"https:\/\/api.w.org\/{rel}","templated":true}]}}