{"id":688513,"date":"2026-01-25T16:17:10","date_gmt":"2026-01-25T16:17:10","guid":{"rendered":"https:\/\/www.europesays.com\/fr\/688513\/"},"modified":"2026-01-25T16:17:10","modified_gmt":"2026-01-25T16:17:10","slug":"ratp-et-sncf-les-perturbations-attendues-dans-les-transports-a-paris-et-en-ile-de-france-cette-semaine-35","status":"publish","type":"post","link":"https:\/\/www.europesays.com\/fr\/688513\/","title":{"rendered":"RATP et SNCF. Les perturbations attendues dans les transports \u00e0 Paris et en \u00cele-de-France cette semaine"},"content":{"rendered":"<p>                    Par<br \/>\n        <strong><br \/>\n            <a href=\"https:\/\/actu.fr\/auteur\/antoine-grotteria02\" title=\"Consulter tous les articles de Antoine Grotteria\" target=\"_blank\" rel=\"noopener\">Antoine Grotteria<\/a><br \/>\n                    <\/strong><\/p>\n<p>        Publi\u00e9 le<\/p>\n<p>            25 janv. 2026 \u00e0 17h02        <\/p>\n<p>Les <a href=\"https:\/\/actu.fr\/tag\/transport\" target=\"_blank\" rel=\"noopener\">transports<\/a> seront perturb\u00e9s \u00e0 <a href=\"https:\/\/actu.fr\/paris\/\" target=\"_blank\" rel=\"noopener\">Paris<\/a> et en <a href=\"https:\/\/actu.fr\/ile-de-france\/\" target=\"_blank\" rel=\"noopener\">\u00cele-de-France<\/a>. Du lundi 26 janvier au 1er f\u00e9vrier 2026, le <a href=\"https:\/\/actu.fr\/tag\/metro\" target=\"_blank\" rel=\"noopener\">m\u00e9tro<\/a>, le RER, le Transilien et le tramway circuleront avec parcimonie sur certaines lignes. Pour savoir ce qui vous attend cette semaine du lundi 10 au dimanche 16 f\u00e9vrier 2025, actu Paris a recens\u00e9 les r\u00e9seaux <a href=\"https:\/\/actu.fr\/tag\/sncf\" target=\"_blank\" rel=\"noopener\">SNCF<\/a> et <a href=\"https:\/\/actu.fr\/tag\/ratp\" target=\"_blank\" rel=\"noopener\">RATP<\/a> concern\u00e9es.<\/p>\n<p class=\" wall-content\"><strong>M\u00e9tro\u00a0<\/strong><\/p>\n<ul class=\" wall-content\">\n<li><strong>Ligne 12<\/strong> : jusqu\u2019au 11 mars, le mercredi d\u00e8s 22 heures, le trafic est interrompu sur toute la ligne en raison de travaux de modernisation. Jusqu\u2019au 15 f\u00e9vrier, le dimanche d\u00e8s 22 heures, le trafic est interrompu sur toute la ligne en raison de travaux de modernisation. Jusqu\u2019au 12 avril, d\u00e8s 22 heures, tous les dimanches et certains mercredis et jeudis le trafic est interrompu sur toute la ligne en raison de travaux de modernisation. D\u00e9tails et calendrier complet sur la page d\u00e9di\u00e9e.<\/li>\n<\/ul>\n<p class=\" wall-content\"><strong>RER<\/strong><\/p>\n<ul class=\" wall-content\">\n<li><strong>RER B<\/strong> : samedi 31 janvier, d\u00e8s 22h45, sauf le 7 f\u00e9vrier le trafic est interrompu entre Gare du Nord et A\u00e9roport Charles de Gaulle 2\u2006\u2013\u2006TGV \u2022 Mitry\u2006\u2013\u2006Claye. Toute l\u2019ann\u00e9e, le trafic est interrompu entre Ch\u00e2telet\u2006\u2013\u2006Les Halles et A\u00e9roport Charles de Gaulle 2\u2006\u2013\u2006TGV \u2022 Mitry\u2013Claye, en semaine, \u00e0 partir de 22h45, sauf certains jours (travaux).\u00a0<\/li>\n<li><strong>RER C<\/strong> : du lundi au vendredi d\u00e8s 23h45, le trafic est interrompu entre Javel et Saint-Quentin en Yvelines \u2013 Montigny-le-Bretonneux en raison de travaux. M\u00eame chose entre Versailles Ch\u00e2teau Rive Gauche et Javel en raison de travaux. du lundi au vendredi d\u00e8s 23 heures, le trafic est interrompu entre Gare d\u2019Austerlitz et Juvisy en raison de travaux. M\u00eame chose entre Gare d\u2019Austerlitz et Saint-Martin d\u2019\u00c9tampes en raison de travaux. M\u00eame chose entre Pontoise et Avenue Henri Martin en raison de travaux. Jusqu\u2019au 8 mars, l\u2019arr\u00eat n\u2019est pas desservi \u00e0 Issy en raison de travaux. Du 31 janvier au 1er f\u00e9vrier jusqu\u2019\u00e0 17 heures, le trafic sera interrompu entre Invalides et Juvisy en raison de travaux. Dimanche 1er f\u00e9vrier, d\u00e8s 23 heures, le trafic sera interrompu entre Gare d\u2019Austerlitz et Dourdan en raison de travaux. M\u00eame chose entre Austerlitz et Saint-Martin d\u2019Etampes.\u00a0<\/li>\n<li><strong>RER D<\/strong> : samedi 31 janvier, d\u00e8s 23h35, le trafic est interrompu entre Creil et Gare du Nord en raison de travaux. du lundi au vendredi d\u00e8s 23h15, le trafic est interrompu entre Gare de Lyon et Corbeil-Essonnes \u2022 Melun en raison de travaux. Jusqu\u2019au 31 janvier inclus, du lundi au samedi d\u00e8s 21h30, le trafic est interrompu entre Creil et Orry-la-Ville \u2013 Coye en raison de travaux. Jeudi et vendredi, de 8h30 \u00e0 16h30, le trafic est perturb\u00e9 entre Combs-la-Ville \u2013 Quincy et Melun en raison de travaux. Un service de bus de remplacement est mis en place. Samedi 31 janvier et dimanche 1er f\u00e9vrier, de 22 heures \u00e0 1h15, le trafic sera interrompu entre Gare de Lyon et Combs-la-Ville \u2013 Quincy, et entre Juvisy et Gare de Lyon en raison de travaux.\u00a0<\/li>\n<li><strong>RER E<\/strong> : dimanche 1er f\u00e9vrier d\u00e8s 22h30, le trafic est interrompu sur toute la ligne en raison de travaux. Jusqu\u2019au 30 janvier inclus, du lundi au vendredi d\u00e8s 22h45, le trafic est interrompu entre Nanterre-La-Folie et Chelles \u2013 Gournay en raison de travaux. Jusqu\u2019au 13 f\u00e9vrier inclus, du lundi au vendredi d\u00e8s 20h30, le trafic est interrompu entre Nanterre-La-Folie et Tournan en raison de travaux. Dimanche d\u00e8s 22h45, le trafic sera interrompu entre Nanterre-La-Folie et Chelles \u2013 Gournay en raison de travaux.\u00a0<\/li>\n<\/ul>\n<p class=\" wall-content\"><strong>Transilien<\/strong><\/p>\n<ul class=\" wall-content\">\n<li><strong>Ligne H<\/strong> : Jusqu\u2019au 26 janvier inclus, le trafic est perturb\u00e9 entre Montsoult et Luzarches (mouvement social) en raison de travaux. Du 26 janvier au 30 janvier inclus, du lundi au vendredi d\u00e8s 0h50, le trafic sera interrompu entre Gare du Nord et Sarcelles \u2013 Saint-Brice en raison de travaux. Samedi et dimanche, le trafic sera interrompu entre \u00c9pinay \u2013 Villetaneuse et Ermont \u2013 Eaubonne en raison de travaux.\u00a0<\/li>\n<li><strong>Ligne J<\/strong> : Du 26 janvier au 13 f\u00e9vrier inclus, du mardi au vendredi d\u00e8s 22h40, le trafic sera interrompu entre Mantes-la-Jolie et Asni\u00e8res-sur-Seine via Poissy en raison de travaux.\u00a0<\/li>\n<li><strong>Ligne L<\/strong> : Jusqu\u2019au 6 f\u00e9vrier inclus, du lundi au vendredi d\u00e8s 22h10, le trafic est interrompu entre La D\u00e9fense et Versailles Rive Droite \u2022 Saint-Nom-la-Bret\u00e8che For\u00eat de Marly en raison de travaux.\u00a0<\/li>\n<li><strong>Ligne N<\/strong> : samedi 31 janvier, d\u00e8s 23 heures, le trafic est interrompu entre Gare Montparnasse et Plaisir \u2013 Grignon en raison de travaux. Du 26 janvier au 30 janvier inclus, du lundi au vendredi d\u00e8s 22 heures, le trafic sera interrompu entre Gare Montparnasse et Rambouillet en raison de travaux. Samedi 31 janvier, \u00e0 partir de 22h30, le trafic sera interrompu entre Gare Montparnasse et Dreux en raison de travaux.\u00a0<\/li>\n<li><strong>Ligne P<\/strong> : jusqu\u2019au 22 mars inclus, le week-end d\u00e8s 22h50, le trafic est interrompu entre Gare de l\u2019Est et Meaux en raison de travaux. M\u00eame chose jusqu\u2019\u00e0 Coulommiers. Jusqu\u2019au 13 f\u00e9vrier inclus, du lundi au vendredi d\u00e8s 22h20, le trafic est interrompu entre Gare de l\u2019Est et Meaux en raison de travaux. Jusqu\u2019au 27 mars inclus, du lundi au vendredi d\u00e8s 22 heures, le trafic est interrompu entre Gare de l\u2019Est et Ch\u00e2teau-Thierry en raison de travaux. Jusqu\u2019au 27 f\u00e9vrier inclus, du lundi au vendredi d\u00e8s 20h30, le trafic est interrompu entre Gare de l\u2019Est et Coulommiers en raison de travaux. Dimanche 1er f\u00e9vrier, d\u00e8s 22h30, le trafic sera interrompu entre Gare de l\u2019Est et Coulommiers en raison de travaux. M\u00eame chose entre Gare de l\u2019Est et Ch\u00e2teau-Thierry en raison de travaux.\u00a0<\/li>\n<li><strong>Ligne R<\/strong> : Jusqu\u2019au 30 janvier inclus, du lundi au vendredi \u00e0 partir de 23h15 \u200b\u200b\u200b\u200b\u200b\u200b, le trafic est interrompu entre Gare de Lyon et Montargis \u2022 Montereau en raison de travaux. Du 24 janvier au 2 f\u00e9vrier inclus, le week-end d\u00e8s 22 heures, le trafic sera interrompu entre Gare de Lyon et Melun en raison de travaux.<\/li>\n<li><strong>Ligne U<\/strong> : Jusqu\u2019au 30 janvier inclus, du lundi au vendredi d\u00e8s 22 heures, le trafic est interrompu sur toute la ligne en raison de travaux. Du 31 janvier au 1er f\u00e9vrier inclus, le week-end de 05h20 \u00e0 06h20, le trafic sera interrompu de La Verri\u00e8re vers Trappes en raison de travaux. Du 31 janvier au 1er f\u00e9vrier inclus, le week-end d\u00e8s 22 heures, le trafic sera interrompu entre La D\u00e9fense et La Verri\u00e8re en raison de travaux.<\/li>\n<\/ul>\n<p class=\" wall-content\"><strong>Tramway<\/strong><\/p>\n<ul class=\" wall-content\">\n<li><strong>T1<\/strong> : Le trafic est interrompu entre Asni\u00e8res \u2013 Quatre Routes et Gare de Saint-Denis et perturb\u00e9 sur le reste de la ligne en raison d\u2019une d\u00e9gradation par un tiers \u00e0 L\u2019\u00cele-Saint-Denis. Reprise des circulations envisag\u00e9e \u00e0 l\u2019\u00e9t\u00e9 2026.<\/li>\n<li><strong>T2<\/strong> : Jusqu\u2019au jeudi 19 f\u00e9vrier inclus, le trafic est interrompu entre Porte de Versailles et Suzanne Lenglen en raison d\u2019importants travaux de modernisation. Pour rejoindre la Porte de Versailles, depuis Suzanne Lenglen, rejoindre \u00e0 pied la station Balard du T3a.<\/li>\n<li><strong>T13<\/strong> : Jusqu\u2019au 27 f\u00e9vrier inclus, du lundi au vendredi d\u00e8s 22 heures, le trafic est interrompu sur toute la ligne en raison de travaux.<\/li>\n<\/ul>\n<p class=\" wall-content\">Personnalisez votre actualit\u00e9 en ajoutant vos villes et m\u00e9dias en favori avec <a href=\"https:\/\/moncompte.actu.fr\" title=\"D\u00e9couvez Mon Actu\" rel=\"nofollow noopener\" data-trk=\"{&quot;cta&quot;:{&quot;action&quot;:&quot;https:\\\/\\\/moncompte.actu.fr&quot;,&quot;category&quot;:&quot;mon compte&quot;,&quot;from&quot;:&quot;article footer&quot;,&quot;name&quot;:&quot;Mon actu&quot;,&quot;type&quot;:&quot;cta&quot;}}\" target=\"_blank\">Mon Actu<\/a>.<\/p>\n","protected":false},"excerpt":{"rendered":"Par Antoine Grotteria Publi\u00e9 le 25 janv. 2026 \u00e0 17h02 Les transports seront perturb\u00e9s \u00e0 Paris et en&hellip;\n","protected":false},"author":2,"featured_media":680642,"comment_status":"","ping_status":"","sticky":false,"template":"","format":"standard","meta":{"footnotes":""},"categories":[1592],"tags":[1111,11,1777,674,1011,27,662,12,626,625,25,2215,104,2803],"class_list":{"0":"post-688513","1":"post","2":"type-post","3":"status-publish","4":"format-standard","5":"has-post-thumbnail","7":"category-ile-de-france","8":"tag-actu","9":"tag-actualites","10":"tag-eu","11":"tag-europe","12":"tag-fr","13":"tag-france","14":"tag-ile-de-france","15":"tag-news","16":"tag-paris","17":"tag-ratp","18":"tag-republique-francaise","19":"tag-sncf","20":"tag-societe","21":"tag-transport"},"share_on_mastodon":{"url":"https:\/\/pubeurope.com\/@fr\/115956642209529996","error":""},"_links":{"self":[{"href":"https:\/\/www.europesays.com\/fr\/wp-json\/wp\/v2\/posts\/688513","targetHints":{"allow":["GET"]}}],"collection":[{"href":"https:\/\/www.europesays.com\/fr\/wp-json\/wp\/v2\/posts"}],"about":[{"href":"https:\/\/www.europesays.com\/fr\/wp-json\/wp\/v2\/types\/post"}],"author":[{"embeddable":true,"href":"https:\/\/www.europesays.com\/fr\/wp-json\/wp\/v2\/users\/2"}],"replies":[{"embeddable":true,"href":"https:\/\/www.europesays.com\/fr\/wp-json\/wp\/v2\/comments?post=688513"}],"version-history":[{"count":0,"href":"https:\/\/www.europesays.com\/fr\/wp-json\/wp\/v2\/posts\/688513\/revisions"}],"wp:featuredmedia":[{"embeddable":true,"href":"https:\/\/www.europesays.com\/fr\/wp-json\/wp\/v2\/media\/680642"}],"wp:attachment":[{"href":"https:\/\/www.europesays.com\/fr\/wp-json\/wp\/v2\/media?parent=688513"}],"wp:term":[{"taxonomy":"category","embeddable":true,"href":"https:\/\/www.europesays.com\/fr\/wp-json\/wp\/v2\/categories?post=688513"},{"taxonomy":"post_tag","embeddable":true,"href":"https:\/\/www.europesays.com\/fr\/wp-json\/wp\/v2\/tags?post=688513"}],"curies":[{"name":"wp","href":"https:\/\/api.w.org\/{rel}","templated":true}]}}