{"id":688530,"date":"2026-01-25T16:26:46","date_gmt":"2026-01-25T16:26:46","guid":{"rendered":"https:\/\/www.europesays.com\/fr\/688530\/"},"modified":"2026-01-25T16:26:46","modified_gmt":"2026-01-25T16:26:46","slug":"le-couple-italo-allemand-est-il-le-nouveau-couple-franco-allemand","status":"publish","type":"post","link":"https:\/\/www.europesays.com\/fr\/688530\/","title":{"rendered":"Le couple italo-allemand est-il le nouveau couple franco-allemand ?"},"content":{"rendered":"\n<p>\u201cLa relation germano-italienne a longtemps \u00e9t\u00e9 \u00e9clips\u00e9e par le couple franco-allemand, ainsi que par le lien [germanique] avec la Pologne\u201d, <a target=\"_blank\" href=\"https:\/\/www.faz.net\/aktuell\/wirtschaft\/werden-meloni-und-merz-zu-ziemlich-besten-wirtschaftsfreunden-110823609.html\" rel=\"noopener\">annonce le quotidien conservateur <strong>Frankfurter Allgemeine Zeitung<\/strong><\/a><strong>. <\/strong>Mais, ces derniers temps, la R\u00e9publique f\u00e9d\u00e9rale semble se d\u00e9tourner de ces partenaires privil\u00e9gi\u00e9s\u00a0: elle envisagerait d\u00e9sormais de devenir \u201cle meilleur partenaire \u00e9conomique\u201d de Rome.<\/p>\n<p>Il s\u2019agit d\u2019un v\u00e9ritable revirement. Lorsqu\u2019il est arriv\u00e9 au pouvoir, il y a moins d\u2019un an, <a target=\"_blank\" href=\"https:\/\/www.sueddeutsche.de\/politik\/merz-meloni-partnerschaften-europa-li.3372709\" rel=\"noopener\">rappelle la <strong>S\u00fcddeutsche Zeitung<\/strong><\/a><strong>, <\/strong>le chancelier conservateur Friedrich Merz \u201cfaisait du renforcement de l\u2019amiti\u00e9 franco-allemande <a target=\"_blank\" href=\"https:\/\/www.courrierinternational.com\/article\/vu-de-l-etranger-avec-merz-et-macron-le-couple-franco-allemand-va-t-il-subitement-revenir-a-la-vie_230667\" rel=\"noopener\">une des priorit\u00e9s de sa politique \u00e9trang\u00e8re<\/a>\u201d. Il estimait que son pr\u00e9d\u00e9cesseur, le social-d\u00e9mocrate <a target=\"_blank\" href=\"https:\/\/www.courrierinternational.com\/sujet\/olaf-scholz\" rel=\"noopener\">Olaf Scholz<\/a>, avait n\u00e9glig\u00e9 Paris. Un plan d\u2019action \u00e9conomique franco-allemand avait rapidement \u00e9t\u00e9 annonc\u00e9, afin de montrer la d\u00e9termination de Berlin \u00e0 resserrer les liens avec son voisin.<\/p>\n<p>\u201cMais cet enthousiasme a fait long feu, estime le titre de gauche munichois. Apr\u00e8s une s\u00e9rie de d\u00e9saccords et de d\u00e9ceptions, Emmanuel Macron, tr\u00e8s affaibli au plan int\u00e9rieur, n\u2019est plus le partenaire privil\u00e9gi\u00e9 du chancelier allemand.\u201d Le chef du gouvernement allemand se tourne aujourd\u2019hui vers un pays politiquement stable depuis l\u2019arriv\u00e9e au pouvoir de la dirigeante d\u2019extr\u00eame droite Giorgia M<\/p>\n","protected":false},"excerpt":{"rendered":"\u201cLa relation germano-italienne a longtemps \u00e9t\u00e9 \u00e9clips\u00e9e par le couple franco-allemand, ainsi que par le lien [germanique] avec&hellip;\n","protected":false},"author":2,"featured_media":688531,"comment_status":"","ping_status":"","sticky":false,"template":"","format":"standard","meta":{"footnotes":""},"categories":[1587],"tags":[11,672,1804,1805,1803,1073,1777,674,4710,1801,3044,1892,452,12,1802,2475],"class_list":{"0":"post-688530","1":"post","2":"type-post","3":"status-publish","4":"format-standard","5":"has-post-thumbnail","7":"category-allemagne","8":"tag-actualites","9":"tag-allemagne","10":"tag-bundesrepublik-deutschland","11":"tag-de","12":"tag-deutschland","13":"tag-emmanuel-macron","14":"tag-eu","15":"tag-europe","16":"tag-friedrich-merz","17":"tag-germany","18":"tag-giorgia-meloni","19":"tag-gu00e9opolitique","20":"tag-italie","21":"tag-news","22":"tag-republique-federale-dallemagne","23":"tag-union-europu00e9enne"},"share_on_mastodon":{"url":"https:\/\/pubeurope.com\/@fr\/115956678359052080","error":""},"_links":{"self":[{"href":"https:\/\/www.europesays.com\/fr\/wp-json\/wp\/v2\/posts\/688530","targetHints":{"allow":["GET"]}}],"collection":[{"href":"https:\/\/www.europesays.com\/fr\/wp-json\/wp\/v2\/posts"}],"about":[{"href":"https:\/\/www.europesays.com\/fr\/wp-json\/wp\/v2\/types\/post"}],"author":[{"embeddable":true,"href":"https:\/\/www.europesays.com\/fr\/wp-json\/wp\/v2\/users\/2"}],"replies":[{"embeddable":true,"href":"https:\/\/www.europesays.com\/fr\/wp-json\/wp\/v2\/comments?post=688530"}],"version-history":[{"count":0,"href":"https:\/\/www.europesays.com\/fr\/wp-json\/wp\/v2\/posts\/688530\/revisions"}],"wp:featuredmedia":[{"embeddable":true,"href":"https:\/\/www.europesays.com\/fr\/wp-json\/wp\/v2\/media\/688531"}],"wp:attachment":[{"href":"https:\/\/www.europesays.com\/fr\/wp-json\/wp\/v2\/media?parent=688530"}],"wp:term":[{"taxonomy":"category","embeddable":true,"href":"https:\/\/www.europesays.com\/fr\/wp-json\/wp\/v2\/categories?post=688530"},{"taxonomy":"post_tag","embeddable":true,"href":"https:\/\/www.europesays.com\/fr\/wp-json\/wp\/v2\/tags?post=688530"}],"curies":[{"name":"wp","href":"https:\/\/api.w.org\/{rel}","templated":true}]}}