{"id":688538,"date":"2026-01-25T16:30:11","date_gmt":"2026-01-25T16:30:11","guid":{"rendered":"https:\/\/www.europesays.com\/fr\/688538\/"},"modified":"2026-01-25T16:30:11","modified_gmt":"2026-01-25T16:30:11","slug":"qui-est-octaviano-m-v-mis-en-examen-pour-assassinat-et-place-en-detention-provisoire","status":"publish","type":"post","link":"https:\/\/www.europesays.com\/fr\/688538\/","title":{"rendered":"qui est Octaviano M. V., mis en examen pour assassinat et plac\u00e9 en d\u00e9tention provisoire"},"content":{"rendered":"<p>\n    Interpell\u00e9 \u00e0 Grasse apr\u00e8s trois jours de traque, Octaviano M. V. a gard\u00e9 le silence. Homme violent et jaloux, agent municipal sans probl\u00e8me\u00a0: les deux faces du suspect interrogent les enqu\u00eateurs.<\/p>\n<p class=\"fig-paragraph\">Gardien de gymnase sans probl\u00e8me en public ou homme violent, possessif et jaloux dans son cercle familial\u00a0: au lendemain de\u00a0<a href=\"http:\/\/www.lefigaro.fr\/nice\/assassinat-d-une-jeune-femme-devant-son-bebe-a-nice-le-tireur-presume-a-ete-interpelle-20260124\" data-fig-type=\"NewsFlash\" data-gtm-custom-categorie=\"navigation\" data-gtm-custom-action=\"crossclick\" data-gtm-custom-label=\"Contextuel\" data-gtm-event=\"customEventSPE\" data-fig-domain=\"LEFIGARO\" target=\"_blank\" rel=\"noopener\">son interpellation<\/a>, le profil de l\u2019assassin pr\u00e9sum\u00e9 d\u2019une jeune femme devant son b\u00e9b\u00e9 \u00e0 Nice interroge toujours autant qu\u2019il interpelle. Ce dimanche, il a \u00e9t\u00e9 mis en examen pour \u00abassassinat\u00bb et plac\u00e9 en d\u00e9tention provisoire, a indiqu\u00e9 le procureur de Nice, Damien Martinelli. Lors de son audition, le tireur pr\u00e9sum\u00e9 a \u00abgard\u00e9 le silence\u00bb, a pr\u00e9cis\u00e9 le magistrat.<\/p>\n<p class=\"fig-paragraph\">Octaviano M. V., en fuite depuis les faits survenus mercredi soir, a \u00e9t\u00e9 arr\u00eat\u00e9 par la BRI et le Raid samedi apr\u00e8s-midi dans une r\u00e9sidence sur les hauteurs de Grasse (Alpes-Maritimes). La fin d\u2019une traque qui a mis\u00a0<a href=\"http:\/\/www.lefigaro.fr\/nice\/intervention-du-raid-agent-municipal-piste-intrafamiliale-a-nice-le-suspect-toujours-recherche-apres-l-assassinat-d-une-femme-devant-son-bebe-20260122\" data-fig-type=\"NewsFlash\" data-gtm-custom-categorie=\"navigation\" data-gtm-custom-action=\"crossclick\" data-gtm-custom-label=\"Contextuel\" data-gtm-event=\"customEventSPE\" data-fig-domain=\"LEFIGARO\" target=\"_blank\" rel=\"noopener\">sous tension les forces de l\u2019ordre<\/a>\u00a0au vu du profil insaisissable de cet agent municipal de 45 ans, n\u00e9 au Portugal, membre de la communaut\u00e9 cap-verdienne tout comme sa victime.<\/p>\n<p class=\"fig-paragraph\">Lizabete, 23 ans, a \u00e9t\u00e9 froidement abattue d\u2019une dizaine de balles \u00e0 travers la vitre de sa voiture et Ayla, son b\u00e9b\u00e9 de sept mois, est miraculeusement indemne. Il pourrait s\u2019agir du beau-p\u00e8re indirect de la victime. Le parquet avait vite confirm\u00e9 la piste intrafamiliale malgr\u00e9 le proc\u00e9d\u00e9 pouvant laisser penser \u00e0 du grand banditisme.<\/p>\n<p>                                            Sous contr\u00f4le judiciaire<\/p>\n<p class=\"fig-paragraph\">Un passif de violence dans son cercle familial a vite ressurgi\u00a0: le 18 janvier, Octaviano M. V. avait \u00e9t\u00e9 plac\u00e9 sous contr\u00f4le judiciaire apr\u00e8s une garde \u00e0 vue pour des violences aggrav\u00e9es contre la belle-m\u00e8re de la victime, avait indiqu\u00e9 le parquet de Nice. Il aurait eu une liaison avec elle. Il avait depuis l\u2019interdiction de l\u2019approcher mais aussi l\u2019obligation de se soigner.<\/p>\n<p class=\"fig-paragraph\">En 2014, une proc\u00e9dure pour viol avait aussi \u00e9t\u00e9 ouverte \u00e0 son encontre, abandonn\u00e9e faute d\u2019\u00e9l\u00e9ments suffisants, a-t-on appris de sources concordantes. Un passif judiciaire au Portugal, son pays d\u2019origine, est aussi en train d\u2019\u00eatre \u00e9tudi\u00e9 par les enqu\u00eateurs puisqu\u2019il aurait \u00e9t\u00e9 poursuivi pour des faits de vols aggrav\u00e9s au d\u00e9but des ann\u00e9es 2000, comme l\u2019indiquent des registres. En France, il n\u2019a \u00e9t\u00e9 condamn\u00e9 que pour des faits anciens de conduite sans permis.<\/p>\n<p class=\"fig-paragraph\">Une source proche du dossier confirme bien au Figaro un \u00abpass\u00e9 de\u2026<\/p>\n<p class=\"fig-premium-paywall__infos\">\n        Cet article est r\u00e9serv\u00e9 aux abonn\u00e9s.        Il vous reste 52% \u00e0 d\u00e9couvrir.\n    <\/p>\n<p>                <img  data- alt=\"Le Figaro\" class=\"fig-img--complete fig-img\"\/><\/p>\n<p class=\"fig-premium-paywall__title\">Vente Flash<\/p>\n<p class=\"fig-premium-paywall__subtitle\">6,49\u20ac par mois pendant 12 mois<\/p>\n<p class=\"fig-premium-paywall__connect\">\n                D\u00e9j\u00e0 abonn\u00e9\u00a0?                <a class=\"fig-premium-paywall__connect-link\" href=\"https:\/\/connect.lefigaro.fr\/login?client=horizon_web&amp;type=main&amp;redirect_uri=https%3A%2F%2Fwww.lefigaro.fr%2Fnice%2Fmere-abattue-devant-son-bebe-a-nice-qui-est-octaviano-m-v-mis-en-examen-pour-assassinat-et-place-en-detention-provisoire-20260125\" data-js-gtm=\"{&quot;customCategorie&quot;: &quot;conversion&quot;, &quot;customAction&quot;: &quot;before_Landing_Connexion_paywall_manuel&quot;, &quot;customLabel&quot;: &quot;bGVmaWdhcm8uZnJfXzFmMGY5ZTE2LTM3OWMtNmE0ZS04OWIwLWExNzY5YjVjNGM0Zl9fTmV3c0ZsYXNo_M\u00e8re abattue devant son b\u00e9b\u00e9 \u00e0 Nice\u00a0: qui est Octaviano M. V., mis en examen pour assassinat et plac\u00e9 en d\u00e9tention provisoire_64&quot;, &quot;customIDSPE&quot;: &quot;bGVmaWdhcm8uZnJfXzFmMGY5ZTE2LTM3OWMtNmE0ZS04OWIwLWExNzY5YjVjNGM0Zl9fTmV3c0ZsYXNo&quot;, &quot;event&quot;: &quot;customEventSPE&quot;}\" target=\"_blank\" rel=\"noopener\"><br \/>\n                    Connectez-vous<br \/>\n                <\/a>\n            <\/p>\n","protected":false},"excerpt":{"rendered":"Interpell\u00e9 \u00e0 Grasse apr\u00e8s trois jours de traque, Octaviano M. V. a gard\u00e9 le silence. Homme violent et&hellip;\n","protected":false},"author":2,"featured_media":688539,"comment_status":"","ping_status":"","sticky":false,"template":"","format":"standard","meta":{"footnotes":""},"categories":[2],"tags":[11,5141,6744,1011,27,777,12,25],"class_list":{"0":"post-688538","1":"post","2":"type-post","3":"status-publish","4":"format-standard","5":"has-post-thumbnail","7":"category-actualites","8":"tag-actualites","9":"tag-arme-a-feu","10":"tag-assassinat","11":"tag-fr","12":"tag-france","13":"tag-meurtre","14":"tag-news","15":"tag-republique-francaise"},"share_on_mastodon":{"url":"https:\/\/pubeurope.com\/@fr\/115956693314703335","error":""},"_links":{"self":[{"href":"https:\/\/www.europesays.com\/fr\/wp-json\/wp\/v2\/posts\/688538","targetHints":{"allow":["GET"]}}],"collection":[{"href":"https:\/\/www.europesays.com\/fr\/wp-json\/wp\/v2\/posts"}],"about":[{"href":"https:\/\/www.europesays.com\/fr\/wp-json\/wp\/v2\/types\/post"}],"author":[{"embeddable":true,"href":"https:\/\/www.europesays.com\/fr\/wp-json\/wp\/v2\/users\/2"}],"replies":[{"embeddable":true,"href":"https:\/\/www.europesays.com\/fr\/wp-json\/wp\/v2\/comments?post=688538"}],"version-history":[{"count":0,"href":"https:\/\/www.europesays.com\/fr\/wp-json\/wp\/v2\/posts\/688538\/revisions"}],"wp:featuredmedia":[{"embeddable":true,"href":"https:\/\/www.europesays.com\/fr\/wp-json\/wp\/v2\/media\/688539"}],"wp:attachment":[{"href":"https:\/\/www.europesays.com\/fr\/wp-json\/wp\/v2\/media?parent=688538"}],"wp:term":[{"taxonomy":"category","embeddable":true,"href":"https:\/\/www.europesays.com\/fr\/wp-json\/wp\/v2\/categories?post=688538"},{"taxonomy":"post_tag","embeddable":true,"href":"https:\/\/www.europesays.com\/fr\/wp-json\/wp\/v2\/tags?post=688538"}],"curies":[{"name":"wp","href":"https:\/\/api.w.org\/{rel}","templated":true}]}}