{"id":68857,"date":"2025-05-02T08:10:11","date_gmt":"2025-05-02T08:10:11","guid":{"rendered":"https:\/\/www.europesays.com\/fr\/68857\/"},"modified":"2025-05-02T08:10:11","modified_gmt":"2025-05-02T08:10:11","slug":"il-fait-du-bien-mentalement-les-mecs-jouent-plus-liberes-comment-nik-mujanovic-a-metamorphose-poitiers-lequipe","status":"publish","type":"post","link":"https:\/\/www.europesays.com\/fr\/68857\/","title":{"rendered":"\u00ab Il fait du bien mentalement, les mecs jouent plus lib\u00e9r\u00e9s \u00bb : comment Nik Mujanovic a m\u00e9tamorphos\u00e9 Poitiers &#8211; L&#039;\u00c9quipe"},"content":{"rendered":"<ol>\n<li><a href=\"https:\/\/news.google.com\/rss\/articles\/CBMi7gFBVV95cUxPNGV0TW45MnFYVElQcXhYdjVucV9rS2lpcUhuR2VhY2tlelVoWUotb2lvSDdXMzlvd0pzT09aOWktNVpWSUxYdnpOVDZVbDVWcmdSUEl2bU9WVUFnYzQ3SkxtckZwd3kyYWxIVkFncjVvNGQySm1IT3ZMWVVPcjh2U0xqV182SVh2cTJjbEJlTHFlZ05vc29aQ0laNFNCMzd1VHhfcDhtbngzY01rdXQwY0dkNTRHY2JpYzlaU1J5SlpZVXdKeno2X1VaZDFKQ0toTHhuQ0d6Zm9QYXBrS0VHUXNjU3RfZU1QZnZsLUVB?oc=5\" target=\"_blank\" rel=\"nofollow noopener\">\u00ab Il fait du bien mentalement, les mecs jouent plus lib\u00e9r\u00e9s \u00bb : comment Nik Mujanovic a m\u00e9tamorphos\u00e9 Poitiers<\/a>&nbsp;&nbsp;L&rsquo;\u00c9quipe<\/li>\n<li><a href=\"https:\/\/news.google.com\/rss\/articles\/CBMiqwFBVV95cUxOTEtEWUNuTVB3aEdXbmVybC0tc3RYU0lqU2ZrV1RSU01mNnd4OTlwUlJZNXJ0dWVoRTJiQVFLQ1l0X3hRSnlqQmtGX1JPRUFkUDI5Z2FJM3Vnd2YzdTlieXVDdlpTU1dvQXNxbWh6aFZ3ZXR4c1I3ZEVGdzJ4YkkwX1RFVmZhaU1sVTV4NWdheUNMZEtRaUdXWXd6NlZHQi1oY2JtSnpna3pkTGs?oc=5\" target=\"_blank\" rel=\"nofollow noopener\">Tours Volley Ball : d\u00e9j\u00e0 une nouvelle recrue pour la saison 2025\/2026<\/a>&nbsp;&nbsp;Info Tours<\/li>\n<li><a href=\"https:\/\/news.google.com\/rss\/articles\/CBMixAFBVV95cUxNQm5Od3FKUHVSVXJTZzVlaC0wRU55V3hJUTdGWE9NTWZrX25UTllqWFdLNDBndlRxWkdCcXJtYnE0cTA2azFxSlNkVmN2VVAxZm5SbDNXUUVKeV9sdDk2aDFOQTQ0aVA1LWtRXzhsTDk3MWVnc3NsNWhvUlNCdVlrNTJJdUFHLUM2WHowZkRfVEI5SVFjV2k1TkJ3bkNEdmZ4U3ZZQWNCOFZNb2xRcVlvUkJmSkVOcm5TUV91M0dXNDZqSXFk?oc=5\" target=\"_blank\" rel=\"nofollow noopener\">MSL : le Tours VB enr\u00f4le la p\u00e9pite Nik Mujanovic pour la saison prochaine<\/a>&nbsp;&nbsp;lanouvellerepublique.fr<\/li>\n<li><a href=\"https:\/\/news.google.com\/rss\/articles\/CBMiW0FVX3lxTE9RMkFuMGlSUUNjbll1bVZsVXJKWmxENnJXVVV6UXhKZmpwNWpiVDAzQ09pQ3JQaHFnUzNVaE5DcTBKRktKSUtpSXE4Tlk1ai1OajN5ckhBYnZaTTQ?oc=5\" target=\"_blank\" rel=\"nofollow noopener\">Le Tours Volleyball recrute Nik Mujanovic, le meilleur marqueur du championnat de France par Ici Poitou<\/a>&nbsp;&nbsp;Poitevins.fr<\/li>\n<li><a href=\"https:\/\/news.google.com\/rss\/articles\/CBMi5AFBVV95cUxPUFdKQVZhZl9aQ2pzdFh0WkUxNmVFeXJ0c0JWVm51LVZWckxQYXBnVC00UURvTmVna0MtQ2RwUjN0Vl85akJJM2FIUDlRNGhRUXFvNFd0bWIwc2ZRZTBSSFhCVEQwX2RsbFpseEJCNXdQZWVnWmEzcVBKT2U0Znhxc211a08tMENHS0RjSDdrSEFpU092M1ZrOWJHd3gwNWdjY1RNSDlzRzJxWU1lODJITDVCb3pyNkQ4SWQ2aEtwNjEwVTdaNk9COXZnbWVaeVNOTGZOb1lENjlfMWRXS3AyZGNKOU0?oc=5\" target=\"_blank\" rel=\"nofollow noopener\">Le Tours Volleyball recrute Nik Mujanovic, le meilleur marqueur du championnat de France<\/a>&nbsp;&nbsp;francebleu.fr<\/li>\n<\/ol>\n","protected":false},"excerpt":{"rendered":"\u00ab Il fait du bien mentalement, les mecs jouent plus lib\u00e9r\u00e9s \u00bb : comment Nik Mujanovic a m\u00e9tamorphos\u00e9&hellip;\n","protected":false},"author":2,"featured_media":68858,"comment_status":"","ping_status":"","sticky":false,"template":"","format":"standard","meta":{"footnotes":""},"categories":[1417],"tags":[1011,27,60,1470,1469],"class_list":{"0":"post-68857","1":"post","2":"type-post","3":"status-publish","4":"format-standard","5":"has-post-thumbnail","7":"category-volley","8":"tag-fr","9":"tag-france","10":"tag-sports","11":"tag-volley","12":"tag-volleyball"},"share_on_mastodon":{"url":"https:\/\/pubeurope.com\/@fr\/114437228009606463","error":""},"_links":{"self":[{"href":"https:\/\/www.europesays.com\/fr\/wp-json\/wp\/v2\/posts\/68857","targetHints":{"allow":["GET"]}}],"collection":[{"href":"https:\/\/www.europesays.com\/fr\/wp-json\/wp\/v2\/posts"}],"about":[{"href":"https:\/\/www.europesays.com\/fr\/wp-json\/wp\/v2\/types\/post"}],"author":[{"embeddable":true,"href":"https:\/\/www.europesays.com\/fr\/wp-json\/wp\/v2\/users\/2"}],"replies":[{"embeddable":true,"href":"https:\/\/www.europesays.com\/fr\/wp-json\/wp\/v2\/comments?post=68857"}],"version-history":[{"count":0,"href":"https:\/\/www.europesays.com\/fr\/wp-json\/wp\/v2\/posts\/68857\/revisions"}],"wp:featuredmedia":[{"embeddable":true,"href":"https:\/\/www.europesays.com\/fr\/wp-json\/wp\/v2\/media\/68858"}],"wp:attachment":[{"href":"https:\/\/www.europesays.com\/fr\/wp-json\/wp\/v2\/media?parent=68857"}],"wp:term":[{"taxonomy":"category","embeddable":true,"href":"https:\/\/www.europesays.com\/fr\/wp-json\/wp\/v2\/categories?post=68857"},{"taxonomy":"post_tag","embeddable":true,"href":"https:\/\/www.europesays.com\/fr\/wp-json\/wp\/v2\/tags?post=68857"}],"curies":[{"name":"wp","href":"https:\/\/api.w.org\/{rel}","templated":true}]}}