{"id":688571,"date":"2026-01-25T16:53:16","date_gmt":"2026-01-25T16:53:16","guid":{"rendered":"https:\/\/www.europesays.com\/fr\/688571\/"},"modified":"2026-01-25T16:53:16","modified_gmt":"2026-01-25T16:53:16","slug":"direct-crues-en-bretagne-la-vigilance-orange-crues-maintenue-jusqua-ce-lundi-pour-le-morbihan-et-lille-et-vilaine-le-finistere-repasse-en-jaune","status":"publish","type":"post","link":"https:\/\/www.europesays.com\/fr\/688571\/","title":{"rendered":"DIRECT &#8211; Crues en Bretagne : la vigilance orange crues maintenue jusqu&rsquo;\u00e0 ce lundi pour le Morbihan et l&rsquo;Ille-et-Vilaine, le Finist\u00e8re repasse en jaune"},"content":{"rendered":"<p>M\u00e9t\u00e9o France maintient la vigilance orange crues pour le Morbihan et Ille-et-Vilaine ce lundi, le Finist\u00e8re repasse en jaune<\/p>\n<p><a target=\"_blank\" rel=\"noopener noreferrer nofollow\" href=\"https:\/\/vigilance.meteofrance.fr\/fr\/demain\">Dans son dernier bulletin, actualis\u00e9 ce dimanche \u00e0 16h<\/a>, M\u00e9t\u00e9o France a maintenu, a minima jusqu&rsquo;\u00e0 lundi, la vigilance orange crues pour le Morbihan et l&rsquo;Ille-et-Vilaine. Le Finist\u00e8re repasse ce dimanche en vigilance jaune crues, le m\u00eame niveau que les C\u00f4tes-d&rsquo;Armor. Par ailleurs, pour la journ\u00e9e de lundi, une vigilance jaune pluie-inondation est \u00e9galement annonc\u00e9e pour le Finist\u00e8re et le Morbihan, et une vigilance jaune vent pour le Finist\u00e8re et les C\u00f4tes-d&rsquo;Armor. Ces niveaux de vigilance \u00e9tant pour le moment valable jusqu&rsquo;\u00e0 minuit.<\/p>\n<p>Mat\u00e9o France annonce une \u00ab\u00a0nouvelle vague pluvieuse entre lundi apr\u00e8s-midi et mardi matin sur le nord-ouest du pays\u00a0\u00bb. et de pr\u00e9venir : \u00ab\u00a0compte tenu du contexte hydrologique actuel, certains d\u00e9partements (Finist\u00e8re, Morbihan en particulier) de la pointe bretonne pourraient voir une aggravation du niveau de vigilance &lsquo;Pluie-inondation&rsquo; dans les prochaines cartes\u00a0\u00bb.<\/p>\n","protected":false},"excerpt":{"rendered":"M\u00e9t\u00e9o France maintient la vigilance orange crues pour le Morbihan et Ille-et-Vilaine ce lundi, le Finist\u00e8re repasse en&hellip;\n","protected":false},"author":2,"featured_media":688572,"comment_status":"","ping_status":"","sticky":false,"template":"","format":"standard","meta":{"footnotes":""},"categories":[4],"tags":[11,829,2171,765,3321,1011,27,848,2839,2170,3729,12,6099,3319,11878,25,18089],"class_list":{"0":"post-688571","1":"post","2":"type-post","3":"status-publish","4":"format-standard","5":"has-post-thumbnail","7":"category-france","8":"tag-actualites","9":"tag-bretagne","10":"tag-cotes-darmor","11":"tag-en-continu","12":"tag-finistere","13":"tag-fr","14":"tag-france","15":"tag-ille-et-vilaine","16":"tag-inondations","17":"tag-lamballe-armor","18":"tag-morbihan","19":"tag-news","20":"tag-pontivy","21":"tag-quimper","22":"tag-quimperle","23":"tag-republique-francaise","24":"tag-selection-showcase"},"share_on_mastodon":{"url":"https:\/\/pubeurope.com\/@fr\/115956783995666300","error":""},"_links":{"self":[{"href":"https:\/\/www.europesays.com\/fr\/wp-json\/wp\/v2\/posts\/688571","targetHints":{"allow":["GET"]}}],"collection":[{"href":"https:\/\/www.europesays.com\/fr\/wp-json\/wp\/v2\/posts"}],"about":[{"href":"https:\/\/www.europesays.com\/fr\/wp-json\/wp\/v2\/types\/post"}],"author":[{"embeddable":true,"href":"https:\/\/www.europesays.com\/fr\/wp-json\/wp\/v2\/users\/2"}],"replies":[{"embeddable":true,"href":"https:\/\/www.europesays.com\/fr\/wp-json\/wp\/v2\/comments?post=688571"}],"version-history":[{"count":0,"href":"https:\/\/www.europesays.com\/fr\/wp-json\/wp\/v2\/posts\/688571\/revisions"}],"wp:featuredmedia":[{"embeddable":true,"href":"https:\/\/www.europesays.com\/fr\/wp-json\/wp\/v2\/media\/688572"}],"wp:attachment":[{"href":"https:\/\/www.europesays.com\/fr\/wp-json\/wp\/v2\/media?parent=688571"}],"wp:term":[{"taxonomy":"category","embeddable":true,"href":"https:\/\/www.europesays.com\/fr\/wp-json\/wp\/v2\/categories?post=688571"},{"taxonomy":"post_tag","embeddable":true,"href":"https:\/\/www.europesays.com\/fr\/wp-json\/wp\/v2\/tags?post=688571"}],"curies":[{"name":"wp","href":"https:\/\/api.w.org\/{rel}","templated":true}]}}