{"id":688589,"date":"2026-01-25T17:05:13","date_gmt":"2026-01-25T17:05:13","guid":{"rendered":"https:\/\/www.europesays.com\/fr\/688589\/"},"modified":"2026-01-25T17:05:13","modified_gmt":"2026-01-25T17:05:13","slug":"je-vis-dans-la-nostalgie","status":"publish","type":"post","link":"https:\/\/www.europesays.com\/fr\/688589\/","title":{"rendered":"\u00ab Je vis dans la nostalgie \u00bb"},"content":{"rendered":"<p>                    Par<br \/>\n        <strong><br \/>\n            <a href=\"https:\/\/actu.fr\/auteur\/laredaction\" title=\"Consulter tous les articles de R\u00e9daction Normandie\" target=\"_blank\" rel=\"noopener\">R\u00e9daction Normandie<\/a><br \/>\n                    <\/strong><\/p>\n<p>        Publi\u00e9 le<\/p>\n<p>            25 janv. 2026 \u00e0 16h55        <\/p>\n<p><strong>Caroline Chasset a consacr\u00e9 sa vie aux jouets anciens.<\/strong> Depuis plus de 30 ans, elle tient<strong> la boutique Les Jouets anciens<\/strong>, <a href=\"https:\/\/actu.fr\/normandie\/rouen_76540\/commerces-a-rouen-la-rue-saint-nicolas-du-quasi-neant-a-rue-parmi-les-plus-cotees-de-la-ville_62581928.html\" target=\"_blank\" rel=\"noopener\">rue Saint-Nicolas<\/a> \u00e0 Rouen. <a href=\"https:\/\/actu.fr\/normandie\/rouen_76540\/a-rouen-la-boutique-les-jouets-anciens-de-caroline-ferme-et-emporte-de-nombreux-souvenirs_63733031.html\" target=\"_blank\" rel=\"noopener\">Une adresse historique qui va bient\u00f4t fermer<\/a>. Dans sa boutique-refuge, elle a r\u00e9veill\u00e9 des \u00e2mes d\u2019enfant et tiss\u00e9 des liens bien au-del\u00e0 du commerce.\u00a0<\/p>\n<p>Plus qu\u2019un h\u00e9ritage familial, les jouets sont une passion in\u00e9vitable\u00a0<\/p>\n<p class=\" wall-content\">Dans la boutique, le temps semble suspendu. Derri\u00e8re la vitrine, entre les \u00e9tag\u00e8res charg\u00e9es de figurines, de voitures miniatures et de jouets d\u2019un autre \u00e2ge tels que les mini mondes <strong>Pok\u00e9mon<\/strong>. Caroline Chasset parle doucement, presque \u00e0 voix basse, comme pour ne pas d\u00e9ranger les souvenirs. Ici, rien n\u2019est tout \u00e0 fait fig\u00e9, mais rien ne dispara\u00eet vraiment non plus. Tout raconte une histoire, <strong>celle d\u2019une passion familiale<\/strong> commenc\u00e9e bien avant Caroline.<\/p>\n<p class=\" wall-content\">Elle est tomb\u00e9e dans les jouets d\u00e8s sa naissance : \u00ab Mon p\u00e8re baignait dedans bien avant ma venue au monde, rue Croix-de-Fer \u00e0 Rouen.<strong> Il vendait avec moi dans les bras <\/strong>\u00bb, raconte-t-elle. Une \u00e9vidence familiale, presque charnelle. Les jouets anciens font partie d\u2019elle : \u00ab Les man\u00e8ges, les jouets, \u00e7a, c\u2019est mon truc. C\u2019est ma seule passion \u00bb.<\/p>\n<p class=\" wall-content\">Longtemps, elle n\u2019a pas mesur\u00e9 l\u2019attachement que suscitait sa boutique. Et pourtant, pour beaucoup, l\u2019enseigne est bien plus qu\u2019un commerce. <strong>La boutique est souvent surnomm\u00e9e \u00ab le mus\u00e9e \u00bb<\/strong>. Un terme qui la faisait sourire autrefois, mais qui aujourd\u2019hui la touche profond\u00e9ment : \u00ab Maintenant, \u00e7a me fait tr\u00e8s plaisir parce que je sais que je pars \u00e0 l\u2019aventure \u00bb, avoue-t-elle. Caroline a toujours eu \u00e0 c\u0153ur d\u2019instaurer dans ce \u00ab\u00a0mus\u00e9e\u00a0\u00bb une ambiance r\u00e9confortante. Atmosph\u00e8re qui provoque chez beaucoup un v\u00e9ritable syndrome de la madeleine.\u00a0<\/p>\n<p>Des objets qui r\u00e9veillent l\u2019enfance et qui suscitent des larmes<\/p>\n<p class=\" wall-content\">Chaque jour, Caroline commence par v\u00e9rifier que tout est \u00e0 sa place : <strong>\u00ab Je dis toujours que la boutique est vivante la nuit \u00bb<\/strong>, sourit-elle. Ici, les clients ne viennent pas seulement acheter. Ils viennent se souvenir. Les yeux s\u2019illuminent, les voix tremblent parfois. Elle se souvient de cette cliente boulevers\u00e9e devant un jouet de la Poste : \u00ab Elle a pleur\u00e9. Elle m\u2019a dit : \u2018Je ne me souvenais m\u00eame plus\u2019. \u00c7a l\u2019a choqu\u00e9e. Je la r\u00e9confortais. <strong>C\u2019\u00e9tait tr\u00e8s touchant<\/strong> \u00bb.<\/p>\n<p class=\" wall-content\">Beaucoup racontent une enfance o\u00f9 les jouets co\u00fbtaient trop cher, o\u00f9 il \u00e9tait interdit d\u2019y jouer pour ne pas les ab\u00eemer. \u00ab \u00c7a leur rappelle des souvenirs. \u00bb Et parfois, \u00e7a r\u00e9pare un peu selon Caroline. Fr\u00e9d\u00e9rique, cliente fid\u00e8le, en t\u00e9moigne : \u00ab Ma fille a toujours ses squishies, elle a toute sa petite collection chez elle \u00bb. Elle ajoute : \u00ab Vous avez des choses en boutique <strong>que l\u2019on ne trouve nulle part ailleurs<\/strong> \u00bb.<\/p>\n<p>Votre r\u00e9gion, votre actu !<\/p>\n<p>Recevez chaque jour les infos qui comptent pour vous.<\/p>\n<p>\t<a href=\"https:\/\/actu.fr\/newsletter\" class=\"ac-btn ac-btn--corner ac-btn--medium ac-btn--blue800\" target=\"_blank\" rel=\"noopener\">S&rsquo;incrire<\/a><\/p>\n<p class=\" wall-content\">Comme beaucoup, elle redoute la fermeture : \u00ab \u00c7a va nous manquer que vous ne soyez plus l\u00e0. J\u2019esp\u00e8re pour vous que c\u2019est juste la boutique qui ferme et que vous ferez autre chose en parall\u00e8le \u00bb. Au-del\u00e0 de la boutique, c\u2019est \u00e0 Caroline que les clients se sont attach\u00e9s, dont la pr\u00e9sence et l\u2019attention font toute l\u2019\u00e2me du lieu.<\/p>\n<p>Un m\u00e9tier de passion \u00e0 l\u2019\u00e9preuve du temps\u00a0<\/p>\n<p class=\" wall-content\">Caroline ne le cache pas,<strong> les temps sont devenus difficiles<\/strong> : \u00ab C\u2019est un m\u00e9tier de niche. Les gens ont moins de moyens, c\u2019est compr\u00e9hensible. Je vois bien que je suis sur la pente descendante \u00bb, explique-t-elle.\u00a0 \u00c0 cela s\u2019ajoutent les \u00e9preuves personnelles. La perte de son p\u00e8re, puis la maladie de sa m\u00e8re : \u00ab C\u2019est tr\u00e8s important, les parents. Je suis fille unique \u00bb. Selon elle, la motivation s\u2019est peu \u00e0 peu \u00e9teinte : \u00ab J\u2019ai peut-\u00eatre perdu ce feu sacr\u00e9 \u00bb.<\/p>\n<p class=\" wall-content\">Dans la boutique, un objet r\u00e9sume tout : une grande roue, h\u00e9rit\u00e9e de l\u2019ancien magasin : \u00ab On dit toujours que c\u2019est le c\u0153ur de mon p\u00e8re. Elle a toujours \u00e9t\u00e9 l\u00e0. Elle n\u2019a jamais \u00e9t\u00e9 \u00e0 vendre, et elle ne le sera jamais \u00bb, livre-t-elle.\u00a0<\/p>\n<p>Tourner la page pour \u00e9crire un nouveau chapitre\u00a0<\/p>\n<p class=\" wall-content\">La fermeture du magasin<strong> ne signe pourtant pas la fin de l\u2019histoire<\/strong> : \u00ab Je continuerai normalement \u00e0 vendre sur Internet \u00bb, projette Caroline. Une nouvelle aventure, qui l\u2019enthousiasme autant qu\u2019elle l\u2019effraie : \u00ab Je suis heureuse, j\u2019ai peur, je passe par tous les sentiments. C\u2019est excitant \u00bb. Les r\u00e9seaux sociaux l\u2019intimident. \u00ab Je vis dans la nostalgie, donc j\u2019ai un peu de mal avec la nouveaut\u00e9 \u00bb, confie-t-elle, mais elle avance tout de m\u00eame, port\u00e9e par un \u00e9lan de solidarit\u00e9 qu\u2019elle n\u2019aurait jamais imagin\u00e9. \u00ab J\u2019ai eu un soutien m\u00e9morable, inimaginable m\u00eame. <strong>Des clients sont devenus des amis<\/strong> \u00bb, s\u2019\u00e9merveille-t-elle.\u00a0<\/p>\n<p class=\" wall-content\">M\u00eame si la boutique ferme, Caroline, elle, restera marchande de jouets. Et surtout, de souvenirs. Une page se tourne donc pour ce lieu charg\u00e9 de m\u00e9moire, mais les jouets, eux, continueront de vivre, et la la passion, quant \u00e0 elle, se poursuivra autrement.<\/p>\n<p class=\" wall-content\"><strong>Lou Damien et Jade Donnez<\/strong><\/p>\n<p>Suivez l\u2019actualit\u00e9 de Rouen <a href=\"https:\/\/www.whatsapp.com\/channel\/0029VaKfnf99hXF2ddApFB1D\" target=\"_blank\" rel=\"noopener\">sur notre cha\u00eene WhatsApp<\/a> et <a href=\"https:\/\/www.tiktok.com\/@76actu.fr?lang=fr\" target=\"_blank\" rel=\"noopener\">sur notre compte TikTok<\/a>Cet article a \u00e9t\u00e9 r\u00e9alis\u00e9 par des \u00e9tudiants de <a href=\"https:\/\/iej.eu\/campus\/rouen?utm_source=google&amp;utm_medium=cpc&amp;utm_campaign=google_cpc_iej_sea_marque&amp;utm_content=176849351168&amp;utm_term=iej%20rouen&amp;gad_source=1&amp;gad_campaignid=316063885&amp;gbraid=0AAAAADe620oX2mCeylCJ7m_5X-2wyL5k6&amp;gclid=CjwKCAiAssfLBhBDEiwAcLpwftXiqvKVwl8uwRoEqEeBNzwTSgeVgAp4ipUUiHuyHBPSbd3eL-ivsRoCXNcQAvD_BwE\" target=\"_blank\" rel=\"noopener\">l\u2019IEJ Rouen<\/a><\/p>\n<p class=\" wall-content\">Personnalisez votre actualit\u00e9 en ajoutant vos villes et m\u00e9dias en favori avec <a href=\"https:\/\/moncompte.actu.fr\" title=\"D\u00e9couvez Mon Actu\" rel=\"nofollow noopener\" data-trk=\"{&quot;cta&quot;:{&quot;action&quot;:&quot;https:\\\/\\\/moncompte.actu.fr&quot;,&quot;category&quot;:&quot;mon compte&quot;,&quot;from&quot;:&quot;article footer&quot;,&quot;name&quot;:&quot;Mon actu&quot;,&quot;type&quot;:&quot;cta&quot;}}\" target=\"_blank\">Mon Actu<\/a>.<\/p>\n<p>                    <script async src=\"\/\/www.tiktok.com\/embed.js\"><\/script><\/p>\n","protected":false},"excerpt":{"rendered":"Par R\u00e9daction Normandie Publi\u00e9 le 25 janv. 2026 \u00e0 16h55 Caroline Chasset a consacr\u00e9 sa vie aux jouets&hellip;\n","protected":false},"author":2,"featured_media":688590,"comment_status":"","ping_status":"","sticky":false,"template":"","format":"standard","meta":{"footnotes":""},"categories":[9587],"tags":[1111,11,215,1777,674,1011,27,1652,12,5161,9026,25,9590],"class_list":{"0":"post-688589","1":"post","2":"type-post","3":"status-publish","4":"format-standard","5":"has-post-thumbnail","7":"category-rouen","8":"tag-actu","9":"tag-actualites","10":"tag-commerce","11":"tag-eu","12":"tag-europe","13":"tag-fr","14":"tag-france","15":"tag-loisirs-culture","16":"tag-news","17":"tag-normandie","18":"tag-portrait","19":"tag-republique-francaise","20":"tag-rouen"},"share_on_mastodon":{"url":"https:\/\/pubeurope.com\/@fr\/115956830924592380","error":""},"_links":{"self":[{"href":"https:\/\/www.europesays.com\/fr\/wp-json\/wp\/v2\/posts\/688589","targetHints":{"allow":["GET"]}}],"collection":[{"href":"https:\/\/www.europesays.com\/fr\/wp-json\/wp\/v2\/posts"}],"about":[{"href":"https:\/\/www.europesays.com\/fr\/wp-json\/wp\/v2\/types\/post"}],"author":[{"embeddable":true,"href":"https:\/\/www.europesays.com\/fr\/wp-json\/wp\/v2\/users\/2"}],"replies":[{"embeddable":true,"href":"https:\/\/www.europesays.com\/fr\/wp-json\/wp\/v2\/comments?post=688589"}],"version-history":[{"count":0,"href":"https:\/\/www.europesays.com\/fr\/wp-json\/wp\/v2\/posts\/688589\/revisions"}],"wp:featuredmedia":[{"embeddable":true,"href":"https:\/\/www.europesays.com\/fr\/wp-json\/wp\/v2\/media\/688590"}],"wp:attachment":[{"href":"https:\/\/www.europesays.com\/fr\/wp-json\/wp\/v2\/media?parent=688589"}],"wp:term":[{"taxonomy":"category","embeddable":true,"href":"https:\/\/www.europesays.com\/fr\/wp-json\/wp\/v2\/categories?post=688589"},{"taxonomy":"post_tag","embeddable":true,"href":"https:\/\/www.europesays.com\/fr\/wp-json\/wp\/v2\/tags?post=688589"}],"curies":[{"name":"wp","href":"https:\/\/api.w.org\/{rel}","templated":true}]}}