{"id":6886,"date":"2025-04-07T03:29:19","date_gmt":"2025-04-07T03:29:19","guid":{"rendered":"https:\/\/www.europesays.com\/fr\/6886\/"},"modified":"2025-04-07T03:29:19","modified_gmt":"2025-04-07T03:29:19","slug":"ces-lycees-et-colleges-sont-les-meilleurs-de-gironde-avec-un-taux-de-reussite-de-100","status":"publish","type":"post","link":"https:\/\/www.europesays.com\/fr\/6886\/","title":{"rendered":"ces lyc\u00e9es et coll\u00e8ges sont les meilleurs de Gironde avec un taux de r\u00e9ussite de 100\u00a0%"},"content":{"rendered":"<p>            Par<br \/>\n        <strong><br \/>\n            <a href=\"https:\/\/actu.fr\/auteur\/aurelien-cardot\" title=\"Consulter tous les articles de Aurelien Cardot\" target=\"_blank\" rel=\"noopener\">Aurelien Cardot<\/a><br \/>\n        <\/strong><\/p>\n<p>        Publi\u00e9 le<\/p>\n<p>            4 avr. 2025 \u00e0 16h40        <\/p>\n<p>Les r\u00e9sultats des examens sont tomb\u00e9s, et certains \u00e9tablissements se distinguent par un <strong>taux de r\u00e9ussite parfait.<\/strong> Comme chaque ann\u00e9e, le minist\u00e8re de l\u2019\u00c9ducation nationale a <a href=\"https:\/\/actu.fr\/societe\/palmares-des-colleges-2025-decouvrez-le-classement-des-etablissements-pres-de-chez-vous_62453577.html\" target=\"_blank\" rel=\"noopener\">publi\u00e9 ses indicateurs<\/a> ce mercredi 2 avril 2025, permettant d\u2019\u00e9valuer les performances des coll\u00e8ges et lyc\u00e9es <a href=\"https:\/\/actu.fr\/bordeaux\/\" target=\"_blank\" rel=\"noopener\">en Gironde.<\/a><\/p>\n<p>Les coll\u00e8ges avec 100 % de r\u00e9ussite au brevet<\/p>\n<p class=\" wall-content\">En 2024, six coll\u00e8ges de Gironde ont atteint un taux de r\u00e9ussite parfait au <strong>brevet.<\/strong>\u00a0Voici la liste des \u00e9tablissements concern\u00e9s :<\/p>\n<ul class=\" wall-content\">\n<li>Coll\u00e8ge priv\u00e9 Lestonnac \u00e0 Carignan-de-Bordeaux,<\/li>\n<li>Coll\u00e8ge priv\u00e9 Saint-Seurin \u00e0 Bordeaux,<\/li>\n<li>Coll\u00e8ge priv\u00e9 Anglade \u00e0 Sainte-Foy-La-Grande,<\/li>\n<li>Coll\u00e8ge priv\u00e9 Saint-Cl\u00e9ment \u00e0 Cudos,<\/li>\n<li>Coll\u00e8ge priv\u00e9 Albert-Le-Grand \u00e0 Bordeaux,<\/li>\n<li>Coll\u00e8ge priv\u00e9 Sainte-Marie Grand Lebrun \u00e0 Bordeaux.<\/li>\n<\/ul>\n<p>Les lyc\u00e9es avec 100 % de r\u00e9ussite au bac<\/p>\n<p class=\" wall-content\">Du c\u00f4t\u00e9 des lyc\u00e9es, six \u00e9tablissements de Gironde ont \u00e9galement affich\u00e9 un taux de <strong>r\u00e9ussite parfait<\/strong> <a href=\"https:\/\/actu.fr\/tag\/baccalaureat\" target=\"_blank\" rel=\"noopener\">au baccalaur\u00e9at<\/a> en 2024. Voici les \u00e9tablissements concern\u00e9s :<\/p>\n<ul class=\" wall-content\">\n<li>Lyc\u00e9e Saint-Andr\u00e9 Sainte-Marie \u00e0 Saint-Andr\u00e9-de-Cubzac (79 % des \u00e9l\u00e8ves ont obtenu une mention) ;<\/li>\n<li>Lyc\u00e9e La Sauque \u00e0 La Brede (77 % des \u00e9l\u00e8ves ont obtenu une mention) ;<\/li>\n<li>Lyc\u00e9e Sainte-Marie Grand Lebrun \u00e0 Bordeaux (90 % des \u00e9l\u00e8ves ont obtenu une mention) ;<\/li>\n<li>Lyc\u00e9e Saint-Joseph de Tivoli \u00e0 Bordeaux (87 % des \u00e9l\u00e8ves ont obtenu une mention) ;<\/li>\n<li>Lyc\u00e9e Saint-Gen\u00e8s La Salle \u00e0 Bordeaux (90 % des \u00e9l\u00e8ves ont obtenu une mention) ;<\/li>\n<li>Lyc\u00e9e Saint-Elme \u00e0 Arcachon (92 % des \u00e9l\u00e8ves ont obtenu une mention).<\/li>\n<\/ul>\n<p>Vid\u00e9os : en ce moment sur ActuUne domination des \u00e9tablissements priv\u00e9s<\/p>\n<p class=\" wall-content\">Les classements des meilleurs taux de r\u00e9ussite sont domin\u00e9s par les \u00e9tablissements priv\u00e9s, qui affichent des r\u00e9sultats particuli\u00e8rement \u00e9lev\u00e9s. Cependant, certains <strong>coll\u00e8ges et lyc\u00e9es publics<\/strong> se d\u00e9marquent aussi avec d\u2019excellents taux de r\u00e9ussite.<\/p>\n<p class=\" wall-content\">Parmi eux, plusieurs coll\u00e8ges atteignent <strong>97 % de r\u00e9ussite<\/strong> au brevet : le coll\u00e8ge Olympe de Gouges \u00e0 Cadaujac, le coll\u00e8ge Fran\u00e7ois Mitterand \u00e0 Cr\u00e9on, le coll\u00e8ge Pierre Martin \u00e0 Rauzan et le coll\u00e8ge Jean Zay \u00e0 Biganos.<\/p>\n<p class=\" wall-content\">C\u00f4t\u00e9 lyc\u00e9es, deux \u00e9tablissements publics affichent un taux de r\u00e9ussite impressionnant de <strong>99 % au bac<\/strong> : le lyc\u00e9e h\u00f4telier et du tourisme de Gascogne \u00e0 Talence et le lyc\u00e9e Fran\u00e7ois Magendie \u00e0 Bordeaux.<\/p>\n<p class=\" wall-content\">Pour les \u00e9l\u00e8ves et leur famille, le choix d\u2019un coll\u00e8ge ou d\u2019un lyc\u00e9e est une \u00e9tape importante du parcours scolaire. Si <strong>le taux de r\u00e9ussite<\/strong> est le point de rep\u00e8re qu\u2019on a tendance \u00e0 retenir, d\u2019autres crit\u00e8res sont \u00e0 prendre en compte pour \u00e9valuer les performances d\u2019un \u00e9tablissement. Parmi eux, le taux de mentions, les indicateurs de valeur ajout\u00e9e ou la capacit\u00e9 \u00e0 accompagner les \u00e9l\u00e8ves jusqu\u2019\u00e0 l\u2019examen.<\/p>\n<p class=\" wall-content\">Suivez toute l\u2019actualit\u00e9 de vos villes et m\u00e9dias favoris en vous inscrivant \u00e0 <a href=\"https:\/\/moncompte.actu.fr\" title=\"D\u00e9couvez Mon Actu\" rel=\"nofollow noopener\" data-trk=\"{&quot;cta&quot;:{&quot;action&quot;:&quot;https:\\\/\\\/moncompte.actu.fr&quot;,&quot;category&quot;:&quot;mon compte&quot;,&quot;from&quot;:&quot;article footer&quot;,&quot;name&quot;:&quot;Mon actu&quot;,&quot;type&quot;:&quot;cta&quot;}}\" target=\"_blank\">Mon Actu<\/a>.<\/p>\n","protected":false},"excerpt":{"rendered":"Par Aurelien Cardot Publi\u00e9 le 4 avr. 2025 \u00e0 16h40 Les r\u00e9sultats des examens sont tomb\u00e9s, et certains&hellip;\n","protected":false},"author":2,"featured_media":6887,"comment_status":"","ping_status":"","sticky":false,"template":"","format":"standard","meta":{"footnotes":""},"categories":[2817],"tags":[1111,11,3867,1997,1057,1777,674,1011,27,12,2219,25,104],"class_list":{"0":"post-6886","1":"post","2":"type-post","3":"status-publish","4":"format-standard","5":"has-post-thumbnail","7":"category-bordeaux","8":"tag-actu","9":"tag-actualites","10":"tag-baccalaureat","11":"tag-bordeaux","12":"tag-education","13":"tag-eu","14":"tag-europe","15":"tag-fr","16":"tag-france","17":"tag-news","18":"tag-nouvelle-aquitaine","19":"tag-republique-francaise","20":"tag-societe"},"share_on_mastodon":{"url":"https:\/\/pubeurope.com\/@fr\/114294565389758590","error":""},"_links":{"self":[{"href":"https:\/\/www.europesays.com\/fr\/wp-json\/wp\/v2\/posts\/6886","targetHints":{"allow":["GET"]}}],"collection":[{"href":"https:\/\/www.europesays.com\/fr\/wp-json\/wp\/v2\/posts"}],"about":[{"href":"https:\/\/www.europesays.com\/fr\/wp-json\/wp\/v2\/types\/post"}],"author":[{"embeddable":true,"href":"https:\/\/www.europesays.com\/fr\/wp-json\/wp\/v2\/users\/2"}],"replies":[{"embeddable":true,"href":"https:\/\/www.europesays.com\/fr\/wp-json\/wp\/v2\/comments?post=6886"}],"version-history":[{"count":0,"href":"https:\/\/www.europesays.com\/fr\/wp-json\/wp\/v2\/posts\/6886\/revisions"}],"wp:featuredmedia":[{"embeddable":true,"href":"https:\/\/www.europesays.com\/fr\/wp-json\/wp\/v2\/media\/6887"}],"wp:attachment":[{"href":"https:\/\/www.europesays.com\/fr\/wp-json\/wp\/v2\/media?parent=6886"}],"wp:term":[{"taxonomy":"category","embeddable":true,"href":"https:\/\/www.europesays.com\/fr\/wp-json\/wp\/v2\/categories?post=6886"},{"taxonomy":"post_tag","embeddable":true,"href":"https:\/\/www.europesays.com\/fr\/wp-json\/wp\/v2\/tags?post=6886"}],"curies":[{"name":"wp","href":"https:\/\/api.w.org\/{rel}","templated":true}]}}