{"id":68861,"date":"2025-05-02T08:12:08","date_gmt":"2025-05-02T08:12:08","guid":{"rendered":"https:\/\/www.europesays.com\/fr\/68861\/"},"modified":"2025-05-02T08:12:08","modified_gmt":"2025-05-02T08:12:08","slug":"atp-carlos-santos-premier-coach-de-carlos-alcaraz-plutot-mecontent-je-nai-pas-la-place-que-je-merite-en-fin-de-compte-jai-fait-tout-ce-que-je-pouvais-pour-cet-enfant-au-point-de-changer-ma","status":"publish","type":"post","link":"https:\/\/www.europesays.com\/fr\/68861\/","title":{"rendered":"ATP > Carlos Santos, premier coach de Carlos Alcaraz, plut\u00f4t m\u00e9content : \u00ab\u00a0Je n&rsquo;ai pas la place que je m\u00e9rite, en fin de compte j&rsquo;ai fait tout ce que je pouvais pour cet enfant, au point de changer ma situation personnelle et professionnelle\u00a0\u00bb"},"content":{"rendered":"<p>Le premier entrai\u00adneur de Carlos Alcaraz vient de sortir un\u00a0livre.\u00a0<\/p>\n<p>Il \u00e9voque les ann\u00e9es pass\u00e9es avec Carlitos puis\u00adqu\u2019il a \u00e9t\u00e9 \u00e0 ses c\u00f4t\u00e9s de 5 \u00e0 12\u00a0ans.\u00a0<\/p>\n<p>Il a accord\u00e9 un tr\u00e8s long entre\u00adtien \u00e0 nos confr\u00e8res de <strong><a href=\"https:\/\/www.puntodebreak.com\/2025\/05\/01\/carlitos-mejor-decision-he-tomado\" data-wpel-link=\"external\" target=\"_blank\" rel=\"nofollow external noopener\">Punto De Break.<\/a><\/strong> <\/p>\n<p>On sent qu\u2019il n\u2019a pas vrai\u00adment accept\u00e9 ce qu\u2019il s\u2019est pass\u00e9, il y a beau\u00adcoup d\u2019amer\u00adtume. C\u2019est souvent le cas quand le coach forma\u00adteur passe la \u00ab\u202fmain\u202f\u00bb, il a l\u2019im\u00adpres\u00adsion qu\u2019on lui vole son cham\u00adpion et le travail fasti\u00addieux accompli pour former un champion.<\/p>\n<p>Cela est d\u2019au\u00adtant plus criant que Carlos n\u2019est pas vrai\u00adment content de la place qui lui a \u00e9t\u00e9 accord\u00e9e dans l\u2019aven\u00adture Carlos Alcaraz.<\/p>\n<p>\u00ab\u202f<strong>Je n\u2019ai pas la place que je m\u00e9rite. J\u2019explique bien ce probl\u00e8me dans le livre, j\u2019ex\u00adplique la vraie raison pour laquelle j\u2019ai arr\u00eat\u00e9 d\u2019en\u00adtra\u00eener Carlitos. Cela n\u2019a pas plu \u00e0 son p\u00e8re et nos rela\u00adtions se sont un peu refroi\u00addies [\u2026.] Au fil des ans, elles se sont r\u00e9ta\u00adblies, mais apr\u00e8s le livre, nous nous sommes de nouveau \u00e9loi\u00adgn\u00e9s l\u2019un de l\u2019autre. Je ne sais pas, je pense que je devrais \u00eatre dans une posi\u00adtion diff\u00e9\u00adrente, en fin de compte j\u2019ai fait tout ce que je pouvais pour cet enfant, au point de changer ma situa\u00adtion person\u00adnelle et profes\u00adsion\u00adnelle. Si j\u2019avais continu\u00e9, je suppose que cela aurait \u00e9t\u00e9 jusqu\u2019\u00e0 ce qu\u2019un IMG ou un entra\u00ee\u00adneur de haut niveau appa\u00adraisse, m\u00eame s\u2019ils m\u2019ont toujours dit que j\u2019au\u00adrais ma place, que ce soit comme entra\u00ee\u00adneur adjoint ou comme physioth\u00e9rapeute.\u202f\u00bb<\/strong><\/p>\n<p class=\"post-published-date\" style=\"color: silver; font-size: 75%; text-align: left;\">Publi\u00e9 le vendredi 2 mai 2025 \u00e0 08:49<\/p>\n","protected":false},"excerpt":{"rendered":"Le premier entrai\u00adneur de Carlos Alcaraz vient de sortir un\u00a0livre.\u00a0 Il \u00e9voque les ann\u00e9es pass\u00e9es avec Carlitos puis\u00adqu\u2019il&hellip;\n","protected":false},"author":2,"featured_media":68862,"comment_status":"","ping_status":"","sticky":false,"template":"","format":"standard","meta":{"footnotes":""},"categories":[1415],"tags":[1744,1011,27,60,1467],"class_list":{"0":"post-68861","1":"post","2":"type-post","3":"status-publish","4":"format-standard","5":"has-post-thumbnail","7":"category-tennis","8":"tag-alcaraz","9":"tag-fr","10":"tag-france","11":"tag-sports","12":"tag-tennis"},"share_on_mastodon":{"url":"https:\/\/pubeurope.com\/@fr\/114437235835148981","error":""},"_links":{"self":[{"href":"https:\/\/www.europesays.com\/fr\/wp-json\/wp\/v2\/posts\/68861","targetHints":{"allow":["GET"]}}],"collection":[{"href":"https:\/\/www.europesays.com\/fr\/wp-json\/wp\/v2\/posts"}],"about":[{"href":"https:\/\/www.europesays.com\/fr\/wp-json\/wp\/v2\/types\/post"}],"author":[{"embeddable":true,"href":"https:\/\/www.europesays.com\/fr\/wp-json\/wp\/v2\/users\/2"}],"replies":[{"embeddable":true,"href":"https:\/\/www.europesays.com\/fr\/wp-json\/wp\/v2\/comments?post=68861"}],"version-history":[{"count":0,"href":"https:\/\/www.europesays.com\/fr\/wp-json\/wp\/v2\/posts\/68861\/revisions"}],"wp:featuredmedia":[{"embeddable":true,"href":"https:\/\/www.europesays.com\/fr\/wp-json\/wp\/v2\/media\/68862"}],"wp:attachment":[{"href":"https:\/\/www.europesays.com\/fr\/wp-json\/wp\/v2\/media?parent=68861"}],"wp:term":[{"taxonomy":"category","embeddable":true,"href":"https:\/\/www.europesays.com\/fr\/wp-json\/wp\/v2\/categories?post=68861"},{"taxonomy":"post_tag","embeddable":true,"href":"https:\/\/www.europesays.com\/fr\/wp-json\/wp\/v2\/tags?post=68861"}],"curies":[{"name":"wp","href":"https:\/\/api.w.org\/{rel}","templated":true}]}}