{"id":688614,"date":"2026-01-25T17:18:10","date_gmt":"2026-01-25T17:18:10","guid":{"rendered":"https:\/\/www.europesays.com\/fr\/688614\/"},"modified":"2026-01-25T17:18:10","modified_gmt":"2026-01-25T17:18:10","slug":"pres-de-600-personnes-privees-de-ski-apres-une-chute-darbres-sur-la-voie-ferree-nous-avons-fait-le-choix-de-rapatrier-les-trains-vers-toulouse","status":"publish","type":"post","link":"https:\/\/www.europesays.com\/fr\/688614\/","title":{"rendered":"Pr\u00e8s de 600 personnes priv\u00e9es de ski apr\u00e8s une chute d\u2019arbres sur la voie ferr\u00e9e\u00a0: \u00ab\u00a0Nous avons fait le choix de rapatrier les trains vers Toulouse\u00a0\u00bb"},"content":{"rendered":"<p>\n                                                                    l&rsquo;essentiel<br \/>\n                                                                En raison de fortes chutes de neige, plusieurs arbres sont tomb\u00e9s sur la voie ferr\u00e9e entre Luzenac et Ax-les-Thermes, bloquant des centaines de skieurs ce dimanche 25\u00a0janvier 2026, au matin. La circulation ferroviaire a pu reprendre \u00e0 midi.\n                            <\/p>\n<p>En raison des fortes chutes de neige sur la haute Ari\u00e8ge, ce dimanche 25\u00a0janvier 2026, plusieurs arbres sont tomb\u00e9s sur la voie ferr\u00e9e en d\u00e9but de matin\u00e9e, entre Luzenac et Ax-les-Thermes. Un l\u00e9ger incident qui a conduit la SNCF \u00e0 interrompre les circulations ferroviaires entre Foix et Ax-les-Thermes durant toute la matin\u00e9e.<\/p>\n<p>\u00ab\u00a0Les deux trains du matin ont d\u00fb arr\u00eater leur course \u00e0 Tarascon et n\u2019ont pas pu aller au-del\u00e0\u00a0\u00bb, pr\u00e9cise la SNCF. Selon son estimation, \u00e0 bord de ces trains, \u00ab\u00a0entre 500 et 600 personnes\u00a0\u00bb \u00e9taient pourtant pr\u00eates \u00e0 rejoindre les pistes d\u2019Ax 3 Domaines via l\u2019offre Skirail depuis Toulouse. \u00ab\u00a0Quand on a vu que le temps d\u2019intervention de l\u2019entreprise d\u2019\u00e9lagage serait assez long, et que la route \u00e9tait coup\u00e9e sans autre moyen d\u2019acc\u00e8s \u00e0 la station, nous avons fait le choix de rapatrier les trains vers Toulouse.\u00a0\u00bb<\/p>\n<p>Certains voyageurs ont toutefois tent\u00e9 de poursuivre leur trajet, depuis la gare de Tarascon-sur-Ari\u00e8ge. \u00ab\u00a0On est partis de Toulouse \u00e0 6h50 et on devait arriver \u00e0 8h40 \u00e0 Ax-les-Thermes\u00a0\u00bb, raconte un jeune skieur \u00e0 nos confr\u00e8res de<a href=\"https:\/\/france3-regions.franceinfo.fr\/occitanie\/ariege\/foix\/environ-600-passagers-d-un-train-partis-skier-dans-les-pyrenees-contraints-de-faire-demi-tour-le-trafic-totalement-interrompu-entre-foix-et-ax-les-thermes-3287865.html?utm_term=Autofeed&amp;utm_medium=Social&amp;utm_source=Facebook&amp;fbclid=IwY2xjawPi47ZleHRuA2FlbQIxMABicmlkETFXQndUT2tyRVJvM3JvZ1Roc3J0YwZhcHBfaWQQMjIyMDM5MTc4ODIwMDg5MgABHucKI7cPE3zoPsfsikgJbDPpB5SBJmsTgbdHY8Us1IPX7zK_rNNA0GGJ6Bl6_aem_e9eQ18gVsPL8WVqc2STZzw#Echobox=1769338357\" target=\"_self\" rel=\"noopener\"> France 3 Occitanie<\/a>. \u00ab\u00a0Il n\u2019y avait pas de bus, on a essay\u00e9 d\u2019appeler des connaissances, mais elles n\u2019\u00e9taient pas disponibles. Du coup, on s\u2019est mis \u00e0 faire du stop jusqu\u2019\u00e0 Ax-les-Thermes.\u00a0\u00bb\u00a0Plusieurs autres skieurs t\u00e9m\u00e9raires auraient choisi la m\u00eame solution pour rejoindre la station.<\/p>\n<p>La circulation ferroviaire a finalement pu reprendre plus t\u00f4t que pr\u00e9vu, aux alentours de midi, mettant fin \u00e0 quelques heures de gal\u00e8re sur les rails ari\u00e9geois.<\/p>\n","protected":false},"excerpt":{"rendered":"l&rsquo;essentiel En raison de fortes chutes de neige, plusieurs arbres sont tomb\u00e9s sur la voie ferr\u00e9e entre Luzenac&hellip;\n","protected":false},"author":2,"featured_media":688615,"comment_status":"","ping_status":"","sticky":false,"template":"","format":"standard","meta":{"footnotes":""},"categories":[2816],"tags":[1111,11,2720,1777,674,118,1011,27,12,2680,25,69322,2312],"class_list":{"0":"post-688614","1":"post","2":"type-post","3":"status-publish","4":"format-standard","5":"has-post-thumbnail","7":"category-toulouse","8":"tag-actu","9":"tag-actualites","10":"tag-ariege","11":"tag-eu","12":"tag-europe","13":"tag-faits-divers","14":"tag-fr","15":"tag-france","16":"tag-news","17":"tag-occitanie","18":"tag-republique-francaise","19":"tag-tarasconsurariege","20":"tag-toulouse"},"share_on_mastodon":{"url":"https:\/\/pubeurope.com\/@fr\/115956882053564247","error":""},"_links":{"self":[{"href":"https:\/\/www.europesays.com\/fr\/wp-json\/wp\/v2\/posts\/688614","targetHints":{"allow":["GET"]}}],"collection":[{"href":"https:\/\/www.europesays.com\/fr\/wp-json\/wp\/v2\/posts"}],"about":[{"href":"https:\/\/www.europesays.com\/fr\/wp-json\/wp\/v2\/types\/post"}],"author":[{"embeddable":true,"href":"https:\/\/www.europesays.com\/fr\/wp-json\/wp\/v2\/users\/2"}],"replies":[{"embeddable":true,"href":"https:\/\/www.europesays.com\/fr\/wp-json\/wp\/v2\/comments?post=688614"}],"version-history":[{"count":0,"href":"https:\/\/www.europesays.com\/fr\/wp-json\/wp\/v2\/posts\/688614\/revisions"}],"wp:featuredmedia":[{"embeddable":true,"href":"https:\/\/www.europesays.com\/fr\/wp-json\/wp\/v2\/media\/688615"}],"wp:attachment":[{"href":"https:\/\/www.europesays.com\/fr\/wp-json\/wp\/v2\/media?parent=688614"}],"wp:term":[{"taxonomy":"category","embeddable":true,"href":"https:\/\/www.europesays.com\/fr\/wp-json\/wp\/v2\/categories?post=688614"},{"taxonomy":"post_tag","embeddable":true,"href":"https:\/\/www.europesays.com\/fr\/wp-json\/wp\/v2\/tags?post=688614"}],"curies":[{"name":"wp","href":"https:\/\/api.w.org\/{rel}","templated":true}]}}