{"id":688638,"date":"2026-01-25T17:31:28","date_gmt":"2026-01-25T17:31:28","guid":{"rendered":"https:\/\/www.europesays.com\/fr\/688638\/"},"modified":"2026-01-25T17:31:28","modified_gmt":"2026-01-25T17:31:28","slug":"paris-le-palais-vivienne-vendu-aux-encheres-nappartient-plus-au-collectionneur-pierre-jean-chalencon","status":"publish","type":"post","link":"https:\/\/www.europesays.com\/fr\/688638\/","title":{"rendered":"Paris : le palais Vivienne, vendu aux ench\u00e8res, n&rsquo;appartient plus au collectionneur Pierre-Jean Chalen\u00e7on"},"content":{"rendered":"<p>\n                                                                Fin 2025, le collectionneur\u00a0a perdu le somptueux h\u00f4tel particulier du XVIII\u1d49 si\u00e8cle auquel il \u00e9tait tr\u00e8s attach\u00e9, vendu aux ench\u00e8res et rachet\u00e9 par sa banque avec qui il \u00e9tait en conflit.\n                            <\/p>\n<p>Selon <a href=\"https:\/\/www.leparisien.fr\/immobilier\/paris-le-palais-vivienne-de-pierre-jean-chalencon-vendu-8-millions-deuros-19-11-2025-WPFS6CHIFFEVZLWCT4QC2Q3RQE.php\" target=\"_self\" rel=\"noopener\">Le Parisien<\/a>\u00a0citant une information r\u00e9v\u00e9l\u00e9 par Actu.fr,\u00a0le collectionneur et passionn\u00e9 d&rsquo;art Pierre-Jean Chalen\u00e7on connu pour sa participation \u00e0 l&rsquo;\u00e9mission Affaire conclue sur France 2,\u00a0n\u2019est plus le propri\u00e9taire du palais Vivienne, un \u00e9difice datant du XVIII\u1d49 si\u00e8cle\u00a0situ\u00e9 dans le II\u1d49 arrondissement de Paris.<\/p>\n<p>Le bien a \u00e9t\u00e9 c\u00e9d\u00e9 \u00e0 Swiss Life, son cr\u00e9ancier bancaire. L\u2019adjudication a eu lieu le 6 novembre 2025 au tribunal judiciaire de Paris. Aucune autre ench\u00e8re n\u2019ayant \u00e9t\u00e9 d\u00e9pos\u00e9e, l\u2019h\u00f4tel particulier est donc\u00a0revenu \u00e0 son nouvel acqu\u00e9reur pour son prix de mise \u00e0 prix : 8 millions d\u2019euros. Pierre-Jean Chalen\u00e7on l\u2019avait acquis 4,5 millions d\u2019euros dix ans plus t\u00f4t.<\/p>\n<p>Un conflit entre le collectionneur et sa banque<\/p>\n<p>Cette vente marque la fin d\u2019un conflit de pr\u00e8s de deux ans et demi entre le collectionneur et sa banque, apr\u00e8s deux audiences d\u00e9j\u00e0 report\u00e9es \u00e0 sa demande pour tenter de trouver des financements ou une vente amiable, sans succ\u00e8s. Comme l\u2019\u00e9nonce le quotidien francilien, \u00ab\u00a0cette adjudication ne r\u00e8gle pas la dette totale de l\u2019animateur : la cr\u00e9ance de Swiss Life, fix\u00e9e \u00e0 9,4 millions d\u2019euros en janvier 2024, a continu\u00e9 d\u2019augmenter avec les int\u00e9r\u00eats. Il est donc probable que la banque r\u00e9clame encore environ 2 millions d\u2019euros\u00a0\u00bb.<\/p>\n","protected":false},"excerpt":{"rendered":"Fin 2025, le collectionneur\u00a0a perdu le somptueux h\u00f4tel particulier du XVIII\u1d49 si\u00e8cle auquel il \u00e9tait tr\u00e8s attach\u00e9, vendu&hellip;\n","protected":false},"author":2,"featured_media":688639,"comment_status":"","ping_status":"","sticky":false,"template":"","format":"standard","meta":{"footnotes":""},"categories":[1888],"tags":[11,69742,872,1777,674,1011,27,12,626,69743,2551,25],"class_list":{"0":"post-688638","1":"post","2":"type-post","3":"status-publish","4":"format-standard","5":"has-post-thumbnail","7":"category-paris","8":"tag-actualites","9":"tag-bdv","10":"tag-culture-et-loisirs","11":"tag-eu","12":"tag-europe","13":"tag-fr","14":"tag-france","15":"tag-news","16":"tag-paris","17":"tag-parisidf","18":"tag-patrimoine","19":"tag-republique-francaise"},"share_on_mastodon":{"url":"https:\/\/pubeurope.com\/@fr\/115956933107494837","error":""},"_links":{"self":[{"href":"https:\/\/www.europesays.com\/fr\/wp-json\/wp\/v2\/posts\/688638","targetHints":{"allow":["GET"]}}],"collection":[{"href":"https:\/\/www.europesays.com\/fr\/wp-json\/wp\/v2\/posts"}],"about":[{"href":"https:\/\/www.europesays.com\/fr\/wp-json\/wp\/v2\/types\/post"}],"author":[{"embeddable":true,"href":"https:\/\/www.europesays.com\/fr\/wp-json\/wp\/v2\/users\/2"}],"replies":[{"embeddable":true,"href":"https:\/\/www.europesays.com\/fr\/wp-json\/wp\/v2\/comments?post=688638"}],"version-history":[{"count":0,"href":"https:\/\/www.europesays.com\/fr\/wp-json\/wp\/v2\/posts\/688638\/revisions"}],"wp:featuredmedia":[{"embeddable":true,"href":"https:\/\/www.europesays.com\/fr\/wp-json\/wp\/v2\/media\/688639"}],"wp:attachment":[{"href":"https:\/\/www.europesays.com\/fr\/wp-json\/wp\/v2\/media?parent=688638"}],"wp:term":[{"taxonomy":"category","embeddable":true,"href":"https:\/\/www.europesays.com\/fr\/wp-json\/wp\/v2\/categories?post=688638"},{"taxonomy":"post_tag","embeddable":true,"href":"https:\/\/www.europesays.com\/fr\/wp-json\/wp\/v2\/tags?post=688638"}],"curies":[{"name":"wp","href":"https:\/\/api.w.org\/{rel}","templated":true}]}}