{"id":688644,"date":"2026-01-25T17:34:07","date_gmt":"2026-01-25T17:34:07","guid":{"rendered":"https:\/\/www.europesays.com\/fr\/688644\/"},"modified":"2026-01-25T17:34:07","modified_gmt":"2026-01-25T17:34:07","slug":"tensions-avec-la-police-de-limmigration-aux-usa-le-gouvernement-trump-justifie-les-tirs-mortels-dice-malgre-des-images-contradictoires","status":"publish","type":"post","link":"https:\/\/www.europesays.com\/fr\/688644\/","title":{"rendered":"Tensions avec la police de l&rsquo;immigration aux USA &#8211; Le gouvernement Trump justifie les tirs mortels d&rsquo;ICE malgr\u00e9 des images contradictoires"},"content":{"rendered":"<p><img decoding=\"async\" class=\"w-full object-contain\" style=\"aspect-ratio:150 \/ 100;opacity:1\" alt=\"Tensions avec la police de l'immigration aux USA - Le gouvernement Trump justifie les tirs mortels d'ICE malgr\u00e9 des images contradictoires\" width=\"512\" height=\"341\" fetchpriority=\"high\" src=\"https:\/\/www.europesays.com\/fr\/wp-content\/uploads\/2026\/01\/JEUBBJPJGFGRZBKVDO2FAKQRRU.jpg\"  \/><\/p>\n<p class=\"ap-StoryElement ap-StoryElement--mb ap-StoryText\">Alex Pretti, un infirmier am\u00e9ricain de 37 ans, est mort apr\u00e8s une altercation samedi avec des agents f\u00e9d\u00e9raux \u00e0 Minneapolis, ville du nord des \u00c9tats-Unis, lors d&rsquo;une des nombreuses manifestations men\u00e9es ces derni\u00e8res semaines contre des op\u00e9rations de la police de l&rsquo;immigration (ICE).<\/p>\n<p class=\"ap-StoryElement ap-StoryElement--mb ap-StoryText\">Ce d\u00e9c\u00e8s vient aggraver une situation d\u00e9j\u00e0 tendue depuis celui de Renee Good, une Am\u00e9ricaine tu\u00e9e par balle le 7 janvier par un agent de l&rsquo;ICE \u00e0 Minneapolis d\u00e9j\u00e0.<\/p>\n<p class=\"ap-StoryElement ap-StoryElement--mb ap-StoryText\">Comme il l&rsquo;avait fait apr\u00e8s la mort de Renee Good, le gouvernement Trump a imm\u00e9diatement rejet\u00e9 la faute sur Alex Pretti, la ministre de la S\u00e9curit\u00e9 int\u00e9rieure Kristi Noem l&rsquo;accusant notamment de \u00ab\u00a0terrorisme\u00a0\u00bb car il s&rsquo;appr\u00eatait, selon elle, \u00e0 mettre en danger les agents avec un pistolet dont les autorit\u00e9s ont publi\u00e9 une image.<\/p>\n","protected":false},"excerpt":{"rendered":"Alex Pretti, un infirmier am\u00e9ricain de 37 ans, est mort apr\u00e8s une altercation samedi avec des agents f\u00e9d\u00e9raux&hellip;\n","protected":false},"author":2,"featured_media":2837,"comment_status":"","ping_status":"","sticky":false,"template":"","format":"standard","meta":{"footnotes":""},"categories":[1589],"tags":[11,73,1866,1061,2088,12,1072,1864,1865,1863,308],"class_list":{"0":"post-688644","1":"post","2":"type-post","3":"status-publish","4":"format-standard","5":"has-post-thumbnail","7":"category-etats-unis","8":"tag-actualites","9":"tag-etats-unis","10":"tag-etats-unis-damerique","11":"tag-immigration","12":"tag-manifestation","13":"tag-news","14":"tag-police","15":"tag-united-states","16":"tag-united-states-of-america","17":"tag-us","18":"tag-usa"},"share_on_mastodon":{"url":"https:\/\/pubeurope.com\/@fr\/115956945050328954","error":""},"_links":{"self":[{"href":"https:\/\/www.europesays.com\/fr\/wp-json\/wp\/v2\/posts\/688644","targetHints":{"allow":["GET"]}}],"collection":[{"href":"https:\/\/www.europesays.com\/fr\/wp-json\/wp\/v2\/posts"}],"about":[{"href":"https:\/\/www.europesays.com\/fr\/wp-json\/wp\/v2\/types\/post"}],"author":[{"embeddable":true,"href":"https:\/\/www.europesays.com\/fr\/wp-json\/wp\/v2\/users\/2"}],"replies":[{"embeddable":true,"href":"https:\/\/www.europesays.com\/fr\/wp-json\/wp\/v2\/comments?post=688644"}],"version-history":[{"count":0,"href":"https:\/\/www.europesays.com\/fr\/wp-json\/wp\/v2\/posts\/688644\/revisions"}],"wp:featuredmedia":[{"embeddable":true,"href":"https:\/\/www.europesays.com\/fr\/wp-json\/wp\/v2\/media\/2837"}],"wp:attachment":[{"href":"https:\/\/www.europesays.com\/fr\/wp-json\/wp\/v2\/media?parent=688644"}],"wp:term":[{"taxonomy":"category","embeddable":true,"href":"https:\/\/www.europesays.com\/fr\/wp-json\/wp\/v2\/categories?post=688644"},{"taxonomy":"post_tag","embeddable":true,"href":"https:\/\/www.europesays.com\/fr\/wp-json\/wp\/v2\/tags?post=688644"}],"curies":[{"name":"wp","href":"https:\/\/api.w.org\/{rel}","templated":true}]}}