{"id":688645,"date":"2026-01-25T17:35:12","date_gmt":"2026-01-25T17:35:12","guid":{"rendered":"https:\/\/www.europesays.com\/fr\/688645\/"},"modified":"2026-01-25T17:35:12","modified_gmt":"2026-01-25T17:35:12","slug":"la-vie-de-ces-britanniques-des-deux-sevres-cinq-ans-apres-le-choc-du-brexit","status":"publish","type":"post","link":"https:\/\/www.europesays.com\/fr\/688645\/","title":{"rendered":"la vie de ces Britanniques des Deux-S\u00e8vres, cinq ans apr\u00e8s le choc du Brexit"},"content":{"rendered":"<p>Cette ann\u00e9e 2026 marquera, en juin, les 10\u00a0ans du r\u00e9f\u00e9rendum sur le <a target=\"_self\" href=\"https:\/\/www.lanouvellerepublique.fr\/a-la-une\/serie-nr-comment-loin-de-londres-le-royaume-uni-vit-il-cinq-ans-apres-le-brexit-1738084997\" rel=\"noopener\">Brexit<\/a>. Une sortie de l\u2019Union europ\u00e9enne dont le processus s\u2019est achev\u00e9 il y a tout juste cinq ans, en janvier\u00a02021. Les Deux-S\u00e8vres comptaient alors une population britannique importante, avec 3.282 ressortissants recens\u00e9s selon les chiffres de l\u2019Insee de 2016. Difficile de conna\u00eetre l\u2019\u00e9volution exacte de cette communaut\u00e9 locale depuis le retrait du Royaume-Uni car leur nombre ne figure plus dans les chiffres du recensement.<\/p>\n<p>Dans le Bocage bressuirais, Chris Dodman, g\u00e9rant d\u2019une agence immobili\u00e8re, note une \u00ab\u00a0diff\u00e9rence sur le nombre de personnes qui cherchent \u00e0 s\u2019installer\u00a0\u00bb \u00e0 cause d\u2019une plus grande complexit\u00e9 \u00ab\u00a0que ce soit pour des r\u00e9sidences principales ou secondaires\u00a0\u00bb. Avec cette client\u00e8le, la revente est d\u00e9sormais son activit\u00e9 principale&#8230;. <\/p>\n<p>    Cet article a \u00e9t\u00e9 tronqu\u00e9. Abonnez-vous pour lire l&rsquo;article complet sur notre site.<\/p>\n<p style=\"margin: 0 !important; padding: 0 !important; font-size: 12px !important;\">Cet article a \u00e9t\u00e9 tronqu\u00e9. Abonnez-vous pour lire l&rsquo;article complet.<\/p>\n<p>    <a href=\"https:\/\/www.lanouvellerepublique.fr\/abonnements\" style=\"display: inline-block; margin-top: 5px !important; padding: 6px 12px !important; background: #cb1c27; color: white; text-decoration: none; border-radius: 4px; font-size: 12px !important;\" target=\"_blank\" rel=\"noopener\"><br \/>\n      S&rsquo;abonner<br \/>\n    <\/a><\/p>\n","protected":false},"excerpt":{"rendered":"Cette ann\u00e9e 2026 marquera, en juin, les 10\u00a0ans du r\u00e9f\u00e9rendum sur le Brexit. Une sortie de l\u2019Union europ\u00e9enne&hellip;\n","protected":false},"author":2,"featured_media":688646,"comment_status":"","ping_status":"","sticky":false,"template":"","format":"standard","meta":{"footnotes":""},"categories":[1588],"tags":[1392,11,1353,78516,1674,2545,1777,674,1061,78517,12,473,1853,78518,1851,1850,1852],"class_list":{"0":"post-688645","1":"post","2":"type-post","3":"status-publish","4":"format-standard","5":"has-post-thumbnail","7":"category-royaume-uni","8":"tag-a-la-une-local","9":"tag-actualites","10":"tag-brexit","11":"tag-chef-boutonne","12":"tag-communes","13":"tag-deux-sevres","14":"tag-eu","15":"tag-europe","16":"tag-immigration","17":"tag-misse","18":"tag-news","19":"tag-royaume-uni","20":"tag-royaume-uni-de-grande-bretagne-et-dirlande-du-nord","21":"tag-saint-martin-de-sanzay","22":"tag-uk","23":"tag-united-kingdom","24":"tag-united-kingdom-of-great-britain-and-northern-ireland"},"share_on_mastodon":{"url":"https:\/\/pubeurope.com\/@fr\/115956948901475295","error":""},"_links":{"self":[{"href":"https:\/\/www.europesays.com\/fr\/wp-json\/wp\/v2\/posts\/688645","targetHints":{"allow":["GET"]}}],"collection":[{"href":"https:\/\/www.europesays.com\/fr\/wp-json\/wp\/v2\/posts"}],"about":[{"href":"https:\/\/www.europesays.com\/fr\/wp-json\/wp\/v2\/types\/post"}],"author":[{"embeddable":true,"href":"https:\/\/www.europesays.com\/fr\/wp-json\/wp\/v2\/users\/2"}],"replies":[{"embeddable":true,"href":"https:\/\/www.europesays.com\/fr\/wp-json\/wp\/v2\/comments?post=688645"}],"version-history":[{"count":0,"href":"https:\/\/www.europesays.com\/fr\/wp-json\/wp\/v2\/posts\/688645\/revisions"}],"wp:featuredmedia":[{"embeddable":true,"href":"https:\/\/www.europesays.com\/fr\/wp-json\/wp\/v2\/media\/688646"}],"wp:attachment":[{"href":"https:\/\/www.europesays.com\/fr\/wp-json\/wp\/v2\/media?parent=688645"}],"wp:term":[{"taxonomy":"category","embeddable":true,"href":"https:\/\/www.europesays.com\/fr\/wp-json\/wp\/v2\/categories?post=688645"},{"taxonomy":"post_tag","embeddable":true,"href":"https:\/\/www.europesays.com\/fr\/wp-json\/wp\/v2\/tags?post=688645"}],"curies":[{"name":"wp","href":"https:\/\/api.w.org\/{rel}","templated":true}]}}