{"id":688647,"date":"2026-01-25T17:36:11","date_gmt":"2026-01-25T17:36:11","guid":{"rendered":"https:\/\/www.europesays.com\/fr\/688647\/"},"modified":"2026-01-25T17:36:11","modified_gmt":"2026-01-25T17:36:11","slug":"le-constat-amer-de-la-consule-dallemagne-en-visite-dans-les-etablissements-de-niort","status":"publish","type":"post","link":"https:\/\/www.europesays.com\/fr\/688647\/","title":{"rendered":"le constat amer de la consule d\u2019Allemagne en visite dans les \u00e9tablissements de Niort"},"content":{"rendered":"<p><a target=\"_self\" href=\"https:\/\/www.lanouvellerepublique.fr\/centre-presse\/poitiers-les-ecoliers-de-pasteur-apprennent-l-allemand-des-la-maternelle-1742806840\" rel=\"noopener\">L\u2019apprentissage de l\u2019allemand<\/a> est en net d\u00e9clin depuis des ann\u00e9es en France. En 2022, selon des chiffres du minist\u00e8re de l\u2019\u00c9ducation nationale, seulement 139.814 \u00e9l\u00e8ves apprenaient l\u2019allemand comme premi\u00e8re langue contre 600.000 en 1994. Dans les Deux-S\u00e8vres, la tendance est la m\u00eame et, en 2026, le d\u00e9partement compte 14.000 germanistes, tous niveaux confondus.<\/p>\n<p>Aujourd\u2019hui, les choses ont \u00e9volu\u00e9. \u00ab\u00a0Il n\u2019existe plus de section allemand LV1, explique-t-on \u00e0 l\u2019acad\u00e9mie de Poitiers. Ce sont d\u00e9sormais des sections bilangues dans lesquelles on apprend simultan\u00e9ment l\u2019allemand et l\u2019anglais en 6e.\u00a0\u00bb Il n\u2019en demeure pas moins que la langue de Goethe demeure la deuxi\u00e8me choisie, apr\u00e8s l\u2019espagnol en LV2, et figure en troisi\u00e8me position des langues enseign\u00e9es au coll\u00e8ge et au lyc\u00e9e, apr\u00e8s l\u2019anglais et l\u2019espagnol.<\/p>\n<p>\u00ab\u00a0Nous avons 40 germanistes sur 580 \u00e9l\u00e8ves\u00a0\u00bb<\/p>\n<p>Mardi 20\u00a0janvier 2026, la consule g\u00e9n\u00e9rale d\u2019Allemagne \u00e0 Bordeaux, St\u00e9fanie Zeidler, \u00e9tait en d\u00e9placement \u00e0 Niort dans le cadre de la Journ\u00e9e franco-allemande, qui c\u00e9l\u00e8bre plus de 60\u00a0ans d\u2019amiti\u00e9 et de coop\u00e9ration entre les deux pays. Au coll\u00e8ge priv\u00e9 Saint-Exup\u00e9ry, elle a \u00e9t\u00e9 re\u00e7ue par Luc Vogin, directeur de l\u2019\u00e9tablissement, et Natascha Ch\u00eane, la seule professeure d\u2019allemand pour les quatre niveaux d\u2019enseignement dans ce coll\u00e8ge.<\/p>\n<p>Dans la salle de r\u00e9fectoire, les germanistes de 6e\u00a0et 5e\u00a0avaient pr\u00e9par\u00e9 un petit-d\u00e9jeuner allemand pour 27 \u00e9l\u00e8ves de CM1 de l\u2019\u00e9cole Saint-Florent. \u00ab\u00a0Aujourd\u2019hui, nous avons 40 germanistes au total, sur 580 \u00e9l\u00e8ves, ce n\u2019est vraiment pas beaucoup. Depuis mon arriv\u00e9e en 2018, nous avons diminu\u00e9 les effectifs de moiti\u00e9\u00a0\u00bb, regrette le directeur, originaire de Moselle et germanophile depuis sa plus tendre enfance&#8230;. <\/p>\n<p>    Cet article a \u00e9t\u00e9 tronqu\u00e9. Abonnez-vous pour lire l&rsquo;article complet sur notre site.<\/p>\n<p style=\"margin: 0 !important; padding: 0 !important; font-size: 12px !important;\">Cet article a \u00e9t\u00e9 tronqu\u00e9. Abonnez-vous pour lire l&rsquo;article complet.<\/p>\n<p>    <a href=\"https:\/\/www.lanouvellerepublique.fr\/abonnements\" style=\"display: inline-block; margin-top: 5px !important; padding: 6px 12px !important; background: #cb1c27; color: white; text-decoration: none; border-radius: 4px; font-size: 12px !important;\" target=\"_blank\" rel=\"noopener\"><br \/>\n      S&rsquo;abonner<br \/>\n    <\/a><\/p>\n","protected":false},"excerpt":{"rendered":"L\u2019apprentissage de l\u2019allemand est en net d\u00e9clin depuis des ann\u00e9es en France. En 2022, selon des chiffres du&hellip;\n","protected":false},"author":2,"featured_media":688648,"comment_status":"","ping_status":"","sticky":false,"template":"","format":"standard","meta":{"footnotes":""},"categories":[1587],"tags":[1392,11,672,1804,17262,1805,1803,2545,1057,1777,674,1801,12,1802],"class_list":{"0":"post-688647","1":"post","2":"type-post","3":"status-publish","4":"format-standard","5":"has-post-thumbnail","7":"category-allemagne","8":"tag-a-la-une-local","9":"tag-actualites","10":"tag-allemagne","11":"tag-bundesrepublik-deutschland","12":"tag-colleges","13":"tag-de","14":"tag-deutschland","15":"tag-deux-sevres","16":"tag-education","17":"tag-eu","18":"tag-europe","19":"tag-germany","20":"tag-news","21":"tag-republique-federale-dallemagne"},"share_on_mastodon":{"url":"https:\/\/pubeurope.com\/@fr\/115956952885953143","error":""},"_links":{"self":[{"href":"https:\/\/www.europesays.com\/fr\/wp-json\/wp\/v2\/posts\/688647","targetHints":{"allow":["GET"]}}],"collection":[{"href":"https:\/\/www.europesays.com\/fr\/wp-json\/wp\/v2\/posts"}],"about":[{"href":"https:\/\/www.europesays.com\/fr\/wp-json\/wp\/v2\/types\/post"}],"author":[{"embeddable":true,"href":"https:\/\/www.europesays.com\/fr\/wp-json\/wp\/v2\/users\/2"}],"replies":[{"embeddable":true,"href":"https:\/\/www.europesays.com\/fr\/wp-json\/wp\/v2\/comments?post=688647"}],"version-history":[{"count":0,"href":"https:\/\/www.europesays.com\/fr\/wp-json\/wp\/v2\/posts\/688647\/revisions"}],"wp:featuredmedia":[{"embeddable":true,"href":"https:\/\/www.europesays.com\/fr\/wp-json\/wp\/v2\/media\/688648"}],"wp:attachment":[{"href":"https:\/\/www.europesays.com\/fr\/wp-json\/wp\/v2\/media?parent=688647"}],"wp:term":[{"taxonomy":"category","embeddable":true,"href":"https:\/\/www.europesays.com\/fr\/wp-json\/wp\/v2\/categories?post=688647"},{"taxonomy":"post_tag","embeddable":true,"href":"https:\/\/www.europesays.com\/fr\/wp-json\/wp\/v2\/tags?post=688647"}],"curies":[{"name":"wp","href":"https:\/\/api.w.org\/{rel}","templated":true}]}}