{"id":688649,"date":"2026-01-25T17:37:12","date_gmt":"2026-01-25T17:37:12","guid":{"rendered":"https:\/\/www.europesays.com\/fr\/688649\/"},"modified":"2026-01-25T17:37:12","modified_gmt":"2026-01-25T17:37:12","slug":"pour-moscou-leurope-derive-comme-le-titanic-dans-un-monde-domine-par-lamerique-de-trump","status":"publish","type":"post","link":"https:\/\/www.europesays.com\/fr\/688649\/","title":{"rendered":"Pour Moscou, l\u2019Europe d\u00e9rive comme le \u201cTitanic\u201d dans un monde domin\u00e9 par l\u2019Am\u00e9rique de Trump"},"content":{"rendered":"\n<p>En couverture de l\u2019\u00e9dition hebdomadaire <strong>Argoumenti i Fakty<\/strong> du 21\u00a0janvier, l\u2019Union europ\u00e9enne prend les traits d\u2019un paquebot semblable au Titanic et filant droit vers un immense iceberg sculpt\u00e9 \u00e0 l\u2019image d\u2019un Donald Trump impassible. \u201cLa folie des grandeurs\u201d, titre le magazine russe, qui affirme qu\u2019apr\u00e8s <a target=\"_blank\" href=\"https:\/\/www.courrierinternational.com\/article\/venezuela-des-explosions-secouent-caracas-le-regime-maduro-denonce-l-agression-militaire-des-etats-unis_238925\" rel=\"noopener\">l\u2019intervention militaire men\u00e9e par les \u00c9tats-Unis au Venezuela<\/a> Trump engage d\u00e9sormais une confrontation avec l\u2019Europe, notamment autour du dossier du Groenland.<\/p>\n<p>                                      <a href=\"https:\/\/focus.courrierinternational.com\/2026\/01\/15\/0\/0\/2000\/1431\/1280\/0\/60\/0\/0dfefca_upload-1-p0nbnglj2ayh-baf1838-danemark-groenland-usa.png\" data-pswp-width=\"1280\" data-pswp-height=\"916\" target=\"_blank\" rel=\"noopener\">      <img decoding=\"async\" loading=\"lazy\" onerror=\"this.classList.add(`img--error`)\" src=\"https:\/\/www.europesays.com\/fr\/wp-content\/uploads\/2026\/01\/0dfefca_upload-1-p0nbnglj2ayh-baf1838-danemark-groenland-usa.png\"  width=\"640\" height=\"458\" alt=\"Groenland, Danemark.\"\/>     <\/a>      Groenland, Danemark.   PAUL GALLET\/COURRIER INTERNATIONAL               <\/p>\n<p><a target=\"_blank\" href=\"https:\/\/aif.ru\/politics\/world\/magiya-velichiya-senator-kosachev-nazval-rubezhnye-dlya-trampa-daty-v-2026-godu\" rel=\"noopener\">L\u2019article principal revient<\/a> sur cette mont\u00e9e des tensions en donnant la parole au s\u00e9nateur Konstantin Kossatchev, vice-pr\u00e9sident du Conseil de la F\u00e9d\u00e9ration. Il y d\u00e9crit un Trump obs\u00e9d\u00e9 par l\u2019id\u00e9e de restaurer la domination am\u00e9ricaine sur la sc\u00e8ne internationale. \u201cIl lui faut des r\u00e9sultats spectaculaires qui prouvent la toute-puissance des \u00c9tats-Unis.\u201d<\/p>\n<p>Le s\u00e9nateur russe cite notamment l\u2019op\u00e9ration contre le pr\u00e9sident d\u00e9chu Nicol\u00e1s Maduro, qui, selon lui, n\u2019aurait pas pour but principal un changement de r\u00e9gime mais viserait plut\u00f4t \u00e0 \u201cassurer la domination exclusive de Washington dans le domaine \u00e9nerg\u00e9tique\u201d.<\/p>\n<p>                    L\u2019Europe, \u201c\u00e0 la p\u00e9riph\u00e9rie\u00a0du monde\u201d actuel       <\/p>\n<p>Dans cette logique de puissance, le Groenland appara\u00eet comme un autre levier strat\u00e9gique. Trump, rappelle Kossatchev, s\u2019\u00e9tait d\u00e9j\u00e0 int\u00e9ress\u00e9 \u00e0 l\u2019\u00eele lors de son premier mandat en tentant de l\u2019acheter, et l\u2019ambition n\u2019a jamais disparu\u00a0: \u201cL\u2019achat de territoires a fait partie de l\u2019histoire am\u00e9ricaine \u2013\u00a0rappelez-vous l\u2019Alaska [vendu par la Russie en 1867] ou la Louisiane [vendue par la France en 1803]\u201d. \u201cL\u2019acquisition de terres est une pratique courante dans l\u2019histoire am\u00e9ricaine\u201d, affirme-t-il, ajoutant que le pr\u00e9sident am\u00e9ricain ne fait que reprendre une id\u00e9e\u00a0nourrie par d\u2019autres responsables politiques am\u00e9ricains.<\/p>\n<p>Cette tension autour du Groenland, qui avait conduit Trump \u00e0 menacer d\u2019imposer des droits de douane \u00e0 plusieurs pays europ\u00e9ens quelques jours plus t\u00f4t, a connu un rebondissement le 22\u00a0janvier, lors du Forum \u00e9conomique mondial, \u00e0 Davos. <a target=\"_blank\" href=\"https:\/\/www.courrierinternational.com\/article\/revirement-recul-ou-desescalade-trump-evoque-un-accord-sur-le-groenland-et-renonce-aux-taxes-douanieres_239661\" rel=\"noopener\">Le pr\u00e9sident am\u00e9ricain y a annonc\u00e9 qu\u2019un accord avait \u00e9t\u00e9 trouv\u00e9<\/a> et qu\u2019il renon\u00e7ait, pour l\u2019heure, \u00e0 ses menaces douani\u00e8res contre l\u2019Europe.<\/p>\n<p>Publi\u00e9 avant cette d\u00e9claration, l\u2019article d\u2019Argoumenti i Fakty s\u2019en prend n\u00e9anmoins aux dirigeants europ\u00e9ens, accus\u00e9s de se faire des illusions sur leur propre poids face \u00e0 l\u2019Am\u00e9rique de Trump. Selon Kossatchev, ceux-ci continuent de se comporter comme s\u2019ils \u00e9taient encore au c\u0153ur d\u2019un monde unipolaire, alors qu\u2019\u201cils ne sont plus qu\u2019\u00e0 la p\u00e9riph\u00e9rie\u201d du monde actuel.<\/p>\n<p>Le s\u00e9nateur russe s\u2019inqui\u00e8te enfin de l\u2019\u00e9rosion du droit international face \u00e0 la politique de force men\u00e9e par Washington. Forcer la main \u00e0 des partenaires, menacer d\u2019annexer un territoire, contourner la souverainet\u00e9 d\u2019un \u00c9tat\u00a0: \u201cC\u2019est une violation de l\u2019esprit du droit international, d\u00e9nonce-t-il. Donald Trump ignore sans doute encore o\u00f9 s\u2019arr\u00eatent les limites du possible et\u00a0se contente de proc\u00e9der par essais et erreurs.\u201d<\/p>\n","protected":false},"excerpt":{"rendered":"En couverture de l\u2019\u00e9dition hebdomadaire Argoumenti i Fakty du 21\u00a0janvier, l\u2019Union europ\u00e9enne prend les traits d\u2019un paquebot semblable&hellip;\n","protected":false},"author":2,"featured_media":688650,"comment_status":"","ping_status":"","sticky":false,"template":"","format":"standard","meta":{"footnotes":""},"categories":[1586],"tags":[11,3822,75,1777,674,1011,27,146,1892,12,25,132,51974,770],"class_list":{"0":"post-688649","1":"post","2":"type-post","3":"status-publish","4":"format-standard","5":"has-post-thumbnail","7":"category-europe","8":"tag-actualites","9":"tag-amu00e9riques","10":"tag-donald-trump","11":"tag-eu","12":"tag-europe","13":"tag-fr","14":"tag-france","15":"tag-groenland","16":"tag-gu00e9opolitique","17":"tag-news","18":"tag-republique-francaise","19":"tag-russie","20":"tag-tensions-russie-europe","21":"tag-u00e9tats-unis"},"share_on_mastodon":{"url":"https:\/\/pubeurope.com\/@fr\/115956957003994353","error":""},"_links":{"self":[{"href":"https:\/\/www.europesays.com\/fr\/wp-json\/wp\/v2\/posts\/688649","targetHints":{"allow":["GET"]}}],"collection":[{"href":"https:\/\/www.europesays.com\/fr\/wp-json\/wp\/v2\/posts"}],"about":[{"href":"https:\/\/www.europesays.com\/fr\/wp-json\/wp\/v2\/types\/post"}],"author":[{"embeddable":true,"href":"https:\/\/www.europesays.com\/fr\/wp-json\/wp\/v2\/users\/2"}],"replies":[{"embeddable":true,"href":"https:\/\/www.europesays.com\/fr\/wp-json\/wp\/v2\/comments?post=688649"}],"version-history":[{"count":0,"href":"https:\/\/www.europesays.com\/fr\/wp-json\/wp\/v2\/posts\/688649\/revisions"}],"wp:featuredmedia":[{"embeddable":true,"href":"https:\/\/www.europesays.com\/fr\/wp-json\/wp\/v2\/media\/688650"}],"wp:attachment":[{"href":"https:\/\/www.europesays.com\/fr\/wp-json\/wp\/v2\/media?parent=688649"}],"wp:term":[{"taxonomy":"category","embeddable":true,"href":"https:\/\/www.europesays.com\/fr\/wp-json\/wp\/v2\/categories?post=688649"},{"taxonomy":"post_tag","embeddable":true,"href":"https:\/\/www.europesays.com\/fr\/wp-json\/wp\/v2\/tags?post=688649"}],"curies":[{"name":"wp","href":"https:\/\/api.w.org\/{rel}","templated":true}]}}