{"id":688651,"date":"2026-01-25T17:38:11","date_gmt":"2026-01-25T17:38:11","guid":{"rendered":"https:\/\/www.europesays.com\/fr\/688651\/"},"modified":"2026-01-25T17:38:11","modified_gmt":"2026-01-25T17:38:11","slug":"guerre-en-ukraine-moscou-exclut-toute-negociation-avec-les-dirigeants-de-lunion-europeenne-des-fonctionnaires-incompetents","status":"publish","type":"post","link":"https:\/\/www.europesays.com\/fr\/688651\/","title":{"rendered":"Guerre en Ukraine: Moscou exclut toute n\u00e9gociation avec les dirigeants de l&rsquo;Union europ\u00e9enne, \u00ab\u00a0des fonctionnaires incomp\u00e9tents\u00a0\u00bb"},"content":{"rendered":"<p class=\"ap-StoryElement ap-StoryElement--mb ap-StoryText\">Alors qu&rsquo;une solution diplomatique est toujours recherch\u00e9e quant \u00e0 la guerre en Ukraine, la Russie exclut pour l&rsquo;heure toute n\u00e9gociation avec les dirigeants politiques de l&rsquo;Union europ\u00e9enne. Moscou leur reproche de manquer de vision pour l&rsquo;avenir, a d\u00e9clar\u00e9 dimanche le porte-parole du Kremlin, Dmitri Peskov, \u00e0 la t\u00e9l\u00e9vision d&rsquo;\u00c9tat.<\/p>\n<p class=\"ap-StoryElement ap-StoryElement--mb ap-StoryText\">\u00ab\u00a0Ce sont des fonctionnaires incomp\u00e9tents qui ne regardent pas vers l&rsquo;avenir et ne comprennent pas le syst\u00e8me de coordination actuel\u00a0\u00bb, a estim\u00e9 M. Peskov. Selon lui, l&rsquo;ensemble des relations internationales en p\u00e2tit.<\/p>\n<p class=\"ap-StoryElement ap-StoryElement--mb ap-StoryText\">Dmitri Peskov a soulign\u00e9 que l&rsquo;UE a \u00e9chang\u00e9 sa d\u00e9pendance, jug\u00e9e imaginaire, au p\u00e9trole et au gaz russes, contre une d\u00e9pendance aux \u00c9tats-Unis.<\/p>\n<p><a href=\"https:\/\/www.parismatch.be\/actualites\/monde\/2026\/01\/22\/donald-trump-affirme-que-vladimir-poutine-a-accepte-son-invitation-a-rejoindre-son-conseil-de-paix-T2VH5JJC45BYXO32IFK4O3GSHE\/\" target=\"_self\" class=\"ap-StoryInterstitialLink ap-StoryElement ap-StoryElement--mb\" rel=\"noopener\">Donald Trump affirme que Vladimir Poutine a accept\u00e9 son invitation \u00e0 rejoindre son \u00ab\u00a0Conseil de paix\u00a0\u00bb<\/a><\/p>\n<p class=\"ap-StoryElement ap-StoryElement--mb ap-StoryText\">Le porte-parole du pr\u00e9sident russe Vladimir Poutine a surtout cibl\u00e9 la cheffe de la diplomatie europ\u00e9enne Kaja Kallas, qui est sur la liste noire de Moscou depuis son mandat de Premi\u00e8re ministre en Estonie. \u00ab\u00a0Avec elle, nous ne n\u00e9gocierons jamais quoi que ce soit, pas plus que les Am\u00e9ricains\u00a0\u00bb, a affirm\u00e9 M. Peskov. Moscou attendrait qu&rsquo;elle quitte ses fonctions. Son mandat court jusqu&rsquo;en 2029.<\/p>\n<p class=\"ap-StoryElement ap-StoryElement--mb ap-StoryText\">Les \u00c9tats-Unis, la Russie et l&rsquo;Ukraine n\u00e9gocient depuis plusieurs jours aux \u00c9mirats arabes unis afin de mettre fin \u00e0 la guerre en Ukraine, pr\u00e8s de quatre ans apr\u00e8s l&rsquo;invasion men\u00e9e par les troupes russes.<\/p>\n<p><a href=\"https:\/\/www.parismatch.be\/actualites\/politique\/2025\/11\/01\/alors-la-belgique-disparaitra-la-reponse-sanglante-de-lancien-president-russe-a-theo-francken-7B2UBTBCCRBBHJBXCWK4KVVLOE\/\" target=\"_self\" class=\"ap-StoryInterstitialLink ap-StoryElement ap-StoryElement--mb\" rel=\"noopener\">\u00ab\u00a0Alors la Belgique dispara\u00eetra\u00a0\u00bb : la r\u00e9ponse sanglante de l&rsquo;ancien pr\u00e9sident russe \u00e0 Th\u00e9o Francken<\/a><\/p>\n<p class=\"ap-StoryElement ap-StoryElement--mb ap-StoryText\">Le pr\u00e9sident fran\u00e7ais Emmanuel Macron et la Premi\u00e8re ministre Georgia Meloni, entre autres, ont sugg\u00e9r\u00e9 ces derni\u00e8res semaines que l&rsquo;Europe doit \u00e9galement reprendre contact avec la Russie pour \u00eatre directement impliqu\u00e9e dans les n\u00e9gociations de paix.<\/p>\n","protected":false},"excerpt":{"rendered":"Alors qu&rsquo;une solution diplomatique est toujours recherch\u00e9e quant \u00e0 la guerre en Ukraine, la Russie exclut pour l&rsquo;heure&hellip;\n","protected":false},"author":2,"featured_media":688652,"comment_status":"","ping_status":"","sticky":false,"template":"","format":"standard","meta":{"footnotes":""},"categories":[1586],"tags":[11,2120,7714,73,1777,674,1779,1011,27,1146,12,25,132,1778,220,364],"class_list":{"0":"post-688651","1":"post","2":"type-post","3":"status-publish","4":"format-standard","5":"has-post-thumbnail","7":"category-europe","8":"tag-actualites","9":"tag-conflit","10":"tag-emirats-arabes-unis","11":"tag-etats-unis","12":"tag-eu","13":"tag-europe","14":"tag-european-union","15":"tag-fr","16":"tag-france","17":"tag-guerre","18":"tag-news","19":"tag-republique-francaise","20":"tag-russie","21":"tag-ue","22":"tag-ukraine","23":"tag-union-europeenne"},"share_on_mastodon":{"url":"https:\/\/pubeurope.com\/@fr\/115956960750998527","error":""},"_links":{"self":[{"href":"https:\/\/www.europesays.com\/fr\/wp-json\/wp\/v2\/posts\/688651","targetHints":{"allow":["GET"]}}],"collection":[{"href":"https:\/\/www.europesays.com\/fr\/wp-json\/wp\/v2\/posts"}],"about":[{"href":"https:\/\/www.europesays.com\/fr\/wp-json\/wp\/v2\/types\/post"}],"author":[{"embeddable":true,"href":"https:\/\/www.europesays.com\/fr\/wp-json\/wp\/v2\/users\/2"}],"replies":[{"embeddable":true,"href":"https:\/\/www.europesays.com\/fr\/wp-json\/wp\/v2\/comments?post=688651"}],"version-history":[{"count":0,"href":"https:\/\/www.europesays.com\/fr\/wp-json\/wp\/v2\/posts\/688651\/revisions"}],"wp:featuredmedia":[{"embeddable":true,"href":"https:\/\/www.europesays.com\/fr\/wp-json\/wp\/v2\/media\/688652"}],"wp:attachment":[{"href":"https:\/\/www.europesays.com\/fr\/wp-json\/wp\/v2\/media?parent=688651"}],"wp:term":[{"taxonomy":"category","embeddable":true,"href":"https:\/\/www.europesays.com\/fr\/wp-json\/wp\/v2\/categories?post=688651"},{"taxonomy":"post_tag","embeddable":true,"href":"https:\/\/www.europesays.com\/fr\/wp-json\/wp\/v2\/tags?post=688651"}],"curies":[{"name":"wp","href":"https:\/\/api.w.org\/{rel}","templated":true}]}}