{"id":688725,"date":"2026-01-25T18:28:10","date_gmt":"2026-01-25T18:28:10","guid":{"rendered":"https:\/\/www.europesays.com\/fr\/688725\/"},"modified":"2026-01-25T18:28:10","modified_gmt":"2026-01-25T18:28:10","slug":"nouvelle-adresse-a-toulouse-ici-les-sandwichs-sont-travailles-pour-faire-du-bien-aux-estomacs-fragiles","status":"publish","type":"post","link":"https:\/\/www.europesays.com\/fr\/688725\/","title":{"rendered":"Nouvelle adresse \u00e0 Toulouse. Ici, les sandwichs sont travaill\u00e9s pour faire du bien aux estomacs fragiles"},"content":{"rendered":"<p>                    Par<br \/>\n        <strong><br \/>\n            <a href=\"https:\/\/actu.fr\/auteur\/mareva-laville-actu-fr\" title=\"Consulter tous les articles de Mar\u00e9va Laville\" target=\"_blank\" rel=\"noopener\">Mar\u00e9va Laville<\/a><br \/>\n                    <\/strong><\/p>\n<p>        Publi\u00e9 le<\/p>\n<p>            25 janv. 2026 \u00e0 18h57        <\/p>\n<p>Elle est en passe de devenir le QG des Toulousains en proie aux intol\u00e9rances alimentaires. Mais aussi \u00e0 tous ceux qui regardent de tr\u00e8s pr\u00e8s ce qu\u2019ils mangent. Rue L\u00e9on Gambetta, la <strong>sandwicherie Crush,<\/strong> ouverte depuis quelques semaines seulement, en a d\u00e9j\u00e0 convaincu plus d\u2019un.<\/p>\n<p class=\" wall-content\">\u00ab\u2009Les gens nous remercient\u2009! On a eu beaucoup de retours aussi de personnes se sentant <strong>moins ballonn\u00e9s<\/strong> apr\u00e8s avoir mang\u00e9 nos sandwichs. C\u2019est g\u00e9nial car quand on pense fast-food, g\u00e9n\u00e9ralement, c\u2019est plut\u00f4t l\u2019inverse\u2009\u00bb, se r\u00e9jouissent Chlo\u00e9 Fressinaud et Juliette Le Faucheur.<\/p>\n<p>Des sandwichs adapt\u00e9s aux allergies et intol\u00e9rances<\/p>\n<p class=\" wall-content\">A 26 et 28\u00a0ans, les deux amies ont mont\u00e9 leur sandwicherie ouverte sur la rue fin d\u00e9cembre avec un concept bien pr\u00e9cis. \u00ab<strong>\u2009Chaque sandwich a des bienfaits\u2009<\/strong>\u00bb, pr\u00e9sentent-elles. Et chacun d\u2019entre eux est compatible avec diff\u00e9rentes intol\u00e9rances. Sauces comprises. A ajuster encore si besoin. \u00ab\u2009C\u2019est l\u2019avantage du montage des sandwichs en direct\u2009\u00bb, soulignent les deux g\u00e9rantes de Crush.<\/p>\n<p class=\" wall-content\">Chlo\u00e9 et Juliette y tenaient. Question d\u2019exp\u00e9rience. La premi\u00e8re g\u00e8re la boulangerie La Halle aux Pains de la place Dupuy \u00e0 Toulouse et sait combien le gluten pose probl\u00e8me. Juliette, elle, \u00e9tait aux fourneaux du<a href=\"https:\/\/actu.fr\/occitanie\/toulouse_31555\/toulouse-le-chef-etoile-balthazar-gonzalez-annonce-la-fermeture-de-son-restaurant_62187538.html\" target=\"_blank\" rel=\"noopener\"> restaurant \u00e9toil\u00e9 d\u00e9sormais ferm\u00e9 H\u00e9done.<\/a><\/p>\n<p class=\" wall-content\">\u00ab\u2009Je le voyais, de plus en plus. A la derni\u00e8re minute, des clients nous pr\u00e9venaient qu\u2019ils ne pouvaient manger ni ci, ni \u00e7a. On devait r\u00e9adapter notre cuisine\u2009\u00bb, relate-t-elle. Mais lorsqu\u2019il s\u2019agit de restauration rapide, que ce soit en boulangerie ou dans des fast-foods, la t\u00e2che est loin d\u2019\u00eatre ais\u00e9e voire parfois impossible.<\/p>\n<p>Des recettes pens\u00e9es dans les moindres d\u00e9tails<\/p>\n<p class=\" wall-content\">Alors Juliette et Chlo\u00e9, elles, ont fait appel \u00e0 une<strong> micro-nutritionniste<\/strong> avec qui elles ont \u00e9labor\u00e9 leur recette.<\/p>\n<p>Vid\u00e9os : en ce moment sur Actu<\/p>\n<p class=\" wall-content\"><a href=\"https:\/\/www.instagram.com\/p\/DTN_80siMy9\/embed\" title=\"Ouvrir le lien sur Instagram\" target=\"_blank\" rel=\"noopener\">Visualiser le contenu sur Instagram<\/a><\/p>\n<p class=\" wall-content\">Tout est pens\u00e9. A commencer par la base\u2009: le pain. Trois choix sont possibles\u2009: un pain<strong> sans gluten<\/strong>, un pain de campagne <strong>au levain<\/strong> nomm\u00e9 \u00ab\u2009Pain des Causses\u2009\u00bb, que fournissait la boulangerie La Halle aux Pains au restaurant H\u00e9done avant sa fermeture, ou du <strong>pain de mie<\/strong> plus classique.<\/p>\n<p class=\" wall-content\">Les d\u00e9tails se d\u00e9clinent ensuite dans le reste. Une sauce soja sans gluten, des sandwichs sans allerg\u00e8nes courant tels que <strong>le lactose ou le s\u00e9same<\/strong>. \u00ab\u2009C\u2019est pour \u00e7a qu\u2019on a choisi du Comt\u00e9 affin\u00e9 18\u00a0mois par exemple. Plus c\u2019est affin\u00e9, moins il y a de lactose\u2009\u00bb, explique Chlo\u00e9.<\/p>\n<p>Votre r\u00e9gion, votre actu !<\/p>\n<p>Recevez chaque jour les infos qui comptent pour vous.<\/p>\n<p>\t<a href=\"https:\/\/actu.fr\/newsletter\" class=\"ac-btn ac-btn--corner ac-btn--medium ac-btn--blue800\" target=\"_blank\" rel=\"noopener\">S&rsquo;incrire<\/a><\/p>\n<blockquote class=\"ac-article-quote wall-content\">\n<p>On n\u2019a donc pas de fromages trop cr\u00e9meux, pas de lait cru, pas de viandes grasses. On s\u2019est impos\u00e9 des codes auxquels on ne d\u00e9roge pas.\u2009<\/p>\n<p>    <strong>Chlo\u00e9 Fressinaud et Juliette Le Faucheur<\/strong><br \/>\n        g\u00e9rantes de Crush    <\/p><\/blockquote>\n<p class=\" wall-content\">C\u00f4t\u00e9 l\u00e9gumes, on retrouve des <strong>produits locaux et anti-inflammatoires<\/strong> comme le fenouil ou des \u00e9pices telles que le curcuma. C\u00f4t\u00e9 viande, on peut retrouver des poulets \u00e9lev\u00e9s en plein air ou de la poitrine de b\u0153uf marin\u00e9e et fum\u00e9e.<\/p>\n<p>Vitamines, om\u00e9gas, calcium\u2026 Les apports sont indiqu\u00e9s<\/p>\n<p class=\" wall-content\">A chaque ingr\u00e9dient son apport, mentionn\u00e9s sur la carte. \u00ab<strong>\u2009Les apports nutritionnels sont calcul\u00e9s<\/strong> pour fournir ni trop, ni pas assez\u2009\u00bb, expliquent les deux entrepreneuses.<\/p>\n<p class=\" wall-content\">Vitamines C et A, fibres, magn\u00e9sium et anti-inflammatoire pour le Green-boost \u00e0 base de falafels vegan. Om\u00e9gas 3 et 9, iode, potassium et anti-oxydants pour l\u2019Om\u00e9ga avec un tartare de la p\u00eache du jour. Du calcium, potassium, sans lactose pour le Croque Sain au jambon blanc et comt\u00e9 affin\u00e9. Des vitamines, des fibres et des ferments lactiques pour le Power poulet \u00e0 base d\u2019effiloch\u00e9 de poulet et houmous. Et puis du calcium, fer et prot\u00e9ines pour le bien-\u00eatre intestinal avec le Power Meat gr\u00e2ce au patrimi, au coleslaw ferment\u00e9 et) la mayonnaise au curcuma.<\/p>\n<p>    <img   decoding=\"async\" loading=\"lazy\" src=\"https:\/\/www.europesays.com\/fr\/wp-content\/uploads\/2026\/01\/whatsapp-image-2026-01-25-at-185441-960x640.jpeg\" alt=\"Les valeurs nutritionnelles sont mentionn\u00e9es directement sur la carte.\" width=\"960\" height=\"640\"\/><br \/>\n    Les valeurs nutritionnelles sont mentionn\u00e9es directement sur la carte. (\u00a9Mar\u00e9va Laville\/ Actu Toulouse)<\/p>\n<p class=\" wall-content\">Contrairement \u00e0 des sandwichs classiques, ceux-l\u00e0 jouent donc sur une qualit\u00e9 sup\u00e9rieure, expliquant donc un tarif plus \u00e9lev\u00e9 que la moyenne. D\u2019autres diront plus simplement que faire plaisir \u00e0 soi, son corps et son estomac, n\u2019a pas de prix.<\/p>\n<p><strong>Sandwicherie Crush<br \/><\/strong>3 rue L\u00e9on Gambetta \u00e0 Toulouse<br \/>Ouverte tous les jours sauf le dimanche<br \/>De 11h30 \u00e0 18h, du lundi au mercredi, et de 11h30 \u00e0 21h du jeudi au samedi.<br \/>Prix\u2009: \u00e0 partir de 11,90\u20ac le sandwich<\/p>\n<p>    <a href=\"https:\/\/www.google.com\/maps\/embed?pb=!1m18!1m12!1m3!1d2889.175312343242!2d1.4389500734212808!3d43.602891255687325!2m3!1f0!2f0!3f0!3m2!1i1024!2i768!4f13.1!3m3!1m2!1s0x12aebb006c7f9059%3A0x597419ae60c1bfea!2sCRUSH!5e0!3m2!1sfr!2sfr!4v1769269881888!5m2!1sfr!2sfr\" title=\"Ouvrie le lien\" target=\"_blank\" rel=\"noopener\">Cliquez ici pour visualiser le contenu<\/a><\/p>\n<p class=\" wall-content\">Personnalisez votre actualit\u00e9 en ajoutant vos villes et m\u00e9dias en favori avec <a href=\"https:\/\/moncompte.actu.fr\" title=\"D\u00e9couvez Mon Actu\" rel=\"nofollow noopener\" data-trk=\"{&quot;cta&quot;:{&quot;action&quot;:&quot;https:\\\/\\\/moncompte.actu.fr&quot;,&quot;category&quot;:&quot;mon compte&quot;,&quot;from&quot;:&quot;article footer&quot;,&quot;name&quot;:&quot;Mon actu&quot;,&quot;type&quot;:&quot;cta&quot;}}\" target=\"_blank\">Mon Actu<\/a>.<\/p>\n<p>                    <script async src=\"\/\/www.instagram.com\/embed.js\"><\/script><\/p>\n","protected":false},"excerpt":{"rendered":"Par Mar\u00e9va Laville Publi\u00e9 le 25 janv. 2026 \u00e0 18h57 Elle est en passe de devenir le QG&hellip;\n","protected":false},"author":2,"featured_media":688726,"comment_status":"","ping_status":"","sticky":false,"template":"","format":"standard","meta":{"footnotes":""},"categories":[2816],"tags":[1111,11,258,1777,674,1011,27,12,2849,2680,25,2850,104,2312],"class_list":{"0":"post-688725","1":"post","2":"type-post","3":"status-publish","4":"format-standard","5":"has-post-thumbnail","7":"category-toulouse","8":"tag-actu","9":"tag-actualites","10":"tag-alimentation","11":"tag-eu","12":"tag-europe","13":"tag-fr","14":"tag-france","15":"tag-news","16":"tag-nouveaux-commerces-a-toulouse","17":"tag-occitanie","18":"tag-republique-francaise","19":"tag-restaurants-de-toulouse","20":"tag-societe","21":"tag-toulouse"},"share_on_mastodon":{"url":"https:\/\/pubeurope.com\/@fr\/115957157356064753","error":""},"_links":{"self":[{"href":"https:\/\/www.europesays.com\/fr\/wp-json\/wp\/v2\/posts\/688725","targetHints":{"allow":["GET"]}}],"collection":[{"href":"https:\/\/www.europesays.com\/fr\/wp-json\/wp\/v2\/posts"}],"about":[{"href":"https:\/\/www.europesays.com\/fr\/wp-json\/wp\/v2\/types\/post"}],"author":[{"embeddable":true,"href":"https:\/\/www.europesays.com\/fr\/wp-json\/wp\/v2\/users\/2"}],"replies":[{"embeddable":true,"href":"https:\/\/www.europesays.com\/fr\/wp-json\/wp\/v2\/comments?post=688725"}],"version-history":[{"count":0,"href":"https:\/\/www.europesays.com\/fr\/wp-json\/wp\/v2\/posts\/688725\/revisions"}],"wp:featuredmedia":[{"embeddable":true,"href":"https:\/\/www.europesays.com\/fr\/wp-json\/wp\/v2\/media\/688726"}],"wp:attachment":[{"href":"https:\/\/www.europesays.com\/fr\/wp-json\/wp\/v2\/media?parent=688725"}],"wp:term":[{"taxonomy":"category","embeddable":true,"href":"https:\/\/www.europesays.com\/fr\/wp-json\/wp\/v2\/categories?post=688725"},{"taxonomy":"post_tag","embeddable":true,"href":"https:\/\/www.europesays.com\/fr\/wp-json\/wp\/v2\/tags?post=688725"}],"curies":[{"name":"wp","href":"https:\/\/api.w.org\/{rel}","templated":true}]}}