{"id":688733,"date":"2026-01-25T18:32:11","date_gmt":"2026-01-25T18:32:11","guid":{"rendered":"https:\/\/www.europesays.com\/fr\/688733\/"},"modified":"2026-01-25T18:32:11","modified_gmt":"2026-01-25T18:32:11","slug":"83-ans-plus-tard-a-marseille-lecho-tres-actuel-des-rafles-de-janvier-1943","status":"publish","type":"post","link":"https:\/\/www.europesays.com\/fr\/688733\/","title":{"rendered":"83 ans plus tard \u00e0 Marseille, l&rsquo;\u00e9cho tr\u00e8s actuel des rafles de janvier 1943"},"content":{"rendered":"<p>Un couple fait son jogging matinal en remontant les escaliers qui m\u00e8nent \u00e0 l\u2019h\u00f4tel Intercontinental. Comme indiff\u00e9rent \u00e0 la c\u00e9r\u00e9monie en contrebas, devant la statue d\u2019un gisant o\u00f9 l\u2019on comm\u00e9more les meurtrissures d\u2019hier. Savent-ils seulement qu\u2019il y a 83\u00a0ans, tout autour d\u2019eux, un monde disparaissait sous le joug nazi avec la <a href=\"https:\/\/www.laprovence.com\/article\/actualites\/2159517\/rafles-de-1943-a-marseille-la-responsabilite-de-la-france-enfin-reconnue.html\" target=\"_blank\" rel=\"noopener\">complicit\u00e9 active de l\u2019\u00c9tat fran\u00e7ais<\/a>\u00a0?<\/p>\n<p>La Ville de Marseille a <a href=\"https:\/\/www.laprovence.com\/article\/societe\/46239218058728\/deux-rafles-un-combat-pour-la-memoire\" target=\"_blank\" rel=\"noopener\">comm\u00e9mor\u00e9 en deux temps<\/a>, ce dimanche 25\u00a0janvier, les rafles des 22, 23 et 24\u00a0janvier\u00a01943. D\u2019abord, sur la place Fortun\u00e9-Sportiello (2e) lors d\u2019une c\u00e9r\u00e9monie \u00e9mouvante marqu\u00e9e par l\u2019interpr\u00e9tation de Nuit et brouillard, de Jean Ferrat, par la chorale de Notre-Dame de la Major.<\/p>\n<p>Pour t\u00e9moigner de cette p\u00e9riode, Francine Escalier, 82\u00a0ans aujourd\u2019hui, six mois \u00e0 peine le jour o\u00f9 elle fut <a href=\"https:\/\/www.laprovence.com\/article\/politique\/4729493575119414\/rafle-de-1943-a-marseille-nous-navons-pas-ete-evacues-mais-rafles-rappelle-le-collectif-saint-jean\" target=\"_blank\" rel=\"noopener\">expuls\u00e9e de son logement, comme les 20\u00a0000 personnes<\/a> qui habitaient le quartier Saint-Jean. 1\u00a0680 Marseillais seront d\u00e9port\u00e9s et tous les immeubles ras\u00e9s. \u00ab\u00a0Hitler avait de nombreuses raisons de d\u00e9tester Marseille, comme son cosmopolitisme, rappelait la pr\u00e9sidente de l\u2019Amicale r\u00e9gionale des d\u00e9port\u00e9s de Sachsenhausen. Il ne s\u2019agit pas de ressasser le pass\u00e9, mais de rester en alerte face \u00e0 la r\u00e9surgence du racisme et de l\u2019antis\u00e9mitisme.\u00a0\u00bb<\/p>\n<p>Un message lanc\u00e9 aux autorit\u00e9s civiles et politiques pr\u00e9sentes\u00a0: le pr\u00e9fet Jacques Witkowski, le maire Beno\u00eet Payan (DVG), les d\u00e9put\u00e9s Laurent Lhardit (PS), Franck Allisio, Monique Griseti, Gis\u00e8le Lelouis (RN), Olivier Fayssat (UDR) et la s\u00e9natrice Marie-Arlette Carlotti (PS) notamment. Martine Vassal (DVD) et Renaud Muselier (Renaissance) \u00e9taient repr\u00e9sent\u00e9s.<\/p>\n<p>\u00ab\u00a0Pouvons-nous imaginer ce qui s\u2019est perp\u00e9tr\u00e9 ici\u00a0?\u00a0\u00bb<\/p>\n<p>Une heure plus tard, m\u00eames acteurs, autre d\u00e9cor. Et toujours ce pass\u00e9 qui ne passe pas. Sur le parvis de l\u2019Op\u00e9ra (1er), en cette ann\u00e9e\u00a02026, Caroline Pozmentier, pr\u00e9sidente de l\u2019Amicale fonds m\u00e9moire d\u2019Auschwitz, jetait un regard circulaire autour d\u2019elle\u00a0: \u00ab\u00a0Pouvons-nous imaginer ce qui s\u2019est perp\u00e9tr\u00e9 ici\u00a0?\u00a0\u00bb<\/p>\n<p>Install\u00e9s principalement dans ce quartier, pr\u00e8s de 800 Marseillais juifs arr\u00eat\u00e9s en ce mois de janvier\u00a01943 furent d\u00e9port\u00e9s dans le <a href=\"https:\/\/www.laprovence.com\/article\/france-monde\/5531610\/disparition-du-dernier-survivant-connu-du-camp-nazi-de-sobibor.html\" target=\"_blank\" rel=\"noopener\">camp d\u2019extermination de Sobibor<\/a> pour ne jamais en revenir. L\u2019ancienne adjointe au maire pronon\u00e7ait les noms de ces familles, comme pour les faire revivre un instant. Tour \u00e0 tour Michel Cohen-Tenoudji, pr\u00e9sident du Consistoire, Lionel Stora, repr\u00e9sentant du Fonds social juif unifi\u00e9, Bruno Benjamin, pr\u00e9sident du Crif Marseille-Provence, faisaient part de l\u2019actualit\u00e9 du devoir de m\u00e9moire et de la n\u00e9cessaire vigilance face \u00e0 l\u2019antis\u00e9mitisme.<\/p>\n<p>En pr\u00e9ambule, Beno\u00eet Payan avait remis la m\u00e9daille de la Ville \u00e0 <a href=\"https:\/\/www.laprovence.com\/article\/societe\/5371352250714514\/renee-louise-marcos-rescapee-dauschwitz-a-100-ans-regarde-la-vie-comme-elle-est-belle\" target=\"_blank\" rel=\"noopener\">l\u2019ancienne d\u00e9port\u00e9e Ren\u00e9e-Louise Marcos<\/a>, repr\u00e9sent\u00e9e par son fils Joseph. \u00ab\u00a0Aucune cause, aucune situation internationale ne suffiront jamais pour qu\u2019on s\u2019en prenne \u00e0 des juifs parce qu\u2019ils sont juifs, disait le maire de Marseille, seul \u00e9lu \u00e0 prendre la parole. La lutte contre le racisme que je porte dans mes tripes ne pourra jamais servir d\u2019alibi \u00e0 un autre racisme.\u00a0\u00bb Un message d\u2019actualit\u00e9.<\/p>\n","protected":false},"excerpt":{"rendered":"Un couple fait son jogging matinal en remontant les escaliers qui m\u00e8nent \u00e0 l\u2019h\u00f4tel Intercontinental. Comme indiff\u00e9rent \u00e0&hellip;\n","protected":false},"author":2,"featured_media":688734,"comment_status":"","ping_status":"","sticky":false,"template":"","format":"standard","meta":{"footnotes":""},"categories":[2814],"tags":[5734,1111,11,28707,1764,1777,674,1011,27,78520,884,12,378,316,882,25,13409,933],"class_list":{"0":"post-688733","1":"post","2":"type-post","3":"status-publish","4":"format-standard","5":"has-post-thumbnail","7":"category-marseille","8":"tag-5734","9":"tag-actu","10":"tag-actualites","11":"tag-actuel","12":"tag-ans","13":"tag-eu","14":"tag-europe","15":"tag-fr","16":"tag-france","17":"tag-lecho","18":"tag-marseille","19":"tag-news","20":"tag-plus","21":"tag-politique","22":"tag-provence-alpes-cote-dazur","23":"tag-republique-francaise","24":"tag-tard","25":"tag-tres"},"share_on_mastodon":{"url":"https:\/\/pubeurope.com\/@fr\/115957173066452267","error":""},"_links":{"self":[{"href":"https:\/\/www.europesays.com\/fr\/wp-json\/wp\/v2\/posts\/688733","targetHints":{"allow":["GET"]}}],"collection":[{"href":"https:\/\/www.europesays.com\/fr\/wp-json\/wp\/v2\/posts"}],"about":[{"href":"https:\/\/www.europesays.com\/fr\/wp-json\/wp\/v2\/types\/post"}],"author":[{"embeddable":true,"href":"https:\/\/www.europesays.com\/fr\/wp-json\/wp\/v2\/users\/2"}],"replies":[{"embeddable":true,"href":"https:\/\/www.europesays.com\/fr\/wp-json\/wp\/v2\/comments?post=688733"}],"version-history":[{"count":0,"href":"https:\/\/www.europesays.com\/fr\/wp-json\/wp\/v2\/posts\/688733\/revisions"}],"wp:featuredmedia":[{"embeddable":true,"href":"https:\/\/www.europesays.com\/fr\/wp-json\/wp\/v2\/media\/688734"}],"wp:attachment":[{"href":"https:\/\/www.europesays.com\/fr\/wp-json\/wp\/v2\/media?parent=688733"}],"wp:term":[{"taxonomy":"category","embeddable":true,"href":"https:\/\/www.europesays.com\/fr\/wp-json\/wp\/v2\/categories?post=688733"},{"taxonomy":"post_tag","embeddable":true,"href":"https:\/\/www.europesays.com\/fr\/wp-json\/wp\/v2\/tags?post=688733"}],"curies":[{"name":"wp","href":"https:\/\/api.w.org\/{rel}","templated":true}]}}