{"id":688757,"date":"2026-01-25T18:46:11","date_gmt":"2026-01-25T18:46:11","guid":{"rendered":"https:\/\/www.europesays.com\/fr\/688757\/"},"modified":"2026-01-25T18:46:11","modified_gmt":"2026-01-25T18:46:11","slug":"industrie-allemande-energie-europeenne-et-aviation-low-cost-lagenda-eco-de-lundi","status":"publish","type":"post","link":"https:\/\/www.europesays.com\/fr\/688757\/","title":{"rendered":"Industrie allemande, \u00e9nergie europ\u00e9enne et aviation low-cost\u00a0: l\u2019agenda \u00e9co de lundi"},"content":{"rendered":"<p>De Munich \u00e0 Vilvorde, en passant par Francfort et Dublin, ce lundi met en lumi\u00e8re l\u2019\u00e9tat de la premi\u00e8re \u00e9conomie europ\u00e9enne, les enjeux industriels et syndicaux, la transition \u00e9nerg\u00e9tique\u2026 et la sant\u00e9 du transport a\u00e9rien \u00e0 bas co\u00fbts.<\/p>\n<p><strong>\ud83c\uddee\ud83c\uddea Irlande &#8211; 08\u00a0h\u00a000\u00a0: Ryanair publie ses r\u00e9sultats<\/strong><\/p>\n<p>La compagnie a\u00e9rienne low-cost Ryanair d\u00e9voile ses comptes du troisi\u00e8me trimestre. La communication financi\u00e8re se poursuivra jusqu\u2019au lendemain.<\/p>\n<p><strong>Pourquoi c\u2019est important\u00a0: <\/strong>Leader europ\u00e9en du court et moyen-courrier, Ryanair sert de thermom\u00e8tre pour la demande touristique et les co\u00fbts du secteur a\u00e9rien. Ses perspectives sur les r\u00e9servations, le carburant ou les tensions op\u00e9rationnelles seront particuli\u00e8rement scrut\u00e9es par les investisseurs et les concurrents.<\/p>\n<p><strong>\u00a0<\/strong><strong>\ud83c\udde9\ud83c\uddea Allemagne &#8211; 10\u00a0h\u00a000\u00a0: climat des affaires selon l\u2019IFO<\/strong><\/p>\n<p>L\u2019institut IFO publie son indice du climat des affaires pour le mois de janvier, tr\u00e8s suivi par les march\u00e9s et les d\u00e9cideurs politiques.<\/p>\n<p><strong>Pourquoi c\u2019est important\u00a0: <\/strong>Cet indicateur est l\u2019un des meilleurs barom\u00e8tres avanc\u00e9s de l\u2019\u00e9conomie allemande. Dans un contexte de croissance fragile et de pressions sur l\u2019industrie, il donnera un signal pr\u00e9cieux sur la confiance des entreprises au d\u00e9but de 2026.<\/p>\n<p><strong>\ud83c\udde9\ud83c\uddea Allemagne &#8211; 10\u00a0h\u00a000\u00a0: IG Metall face \u00e0 la presse<\/strong><\/p>\n<p>Le puissant syndicat allemand IG Metall tient sa conf\u00e9rence de presse annuelle \u00e0 Berlin.<\/p>\n<p><strong>Pourquoi c\u2019est important\u00a0: <\/strong>Poids lourd du dialogue social en Allemagne, IG Metall influence directement les n\u00e9gociations salariales dans l\u2019industrie. Ses prises de position sont scrut\u00e9es alors que les entreprises font face \u00e0 un ralentissement \u00e9conomique et \u00e0 la transition \u00e9nerg\u00e9tique.<\/p>\n<p><strong>\ud83c\udde7\ud83c\uddea Belgique &#8211; Vilvorde, 13\u00a0h\u00a000\u00a0: un g\u00e9ant europ\u00e9en du stockage d\u2019\u00e9nergie inaugur\u00e9<\/strong><\/p>\n<p>Pr\u00e8s de Bruxelles, la firme fran\u00e7aise Engie inaugure l\u2019un des plus grands parcs de batteries d\u2019Europe, d\u00e9di\u00e9 au stockage d\u2019\u00e9lectricit\u00e9.<\/p>\n<p><strong>Pourquoi c\u2019est important\u00a0: <\/strong>Le stockage est un maillon strat\u00e9gique de la transition \u00e9nerg\u00e9tique. Ce type d\u2019infrastructure permet de mieux int\u00e9grer les \u00e9nergies renouvelables dans les r\u00e9seaux et renforce la s\u00e9curit\u00e9 d\u2019approvisionnement du continent.<\/p>\n","protected":false},"excerpt":{"rendered":"De Munich \u00e0 Vilvorde, en passant par Francfort et Dublin, ce lundi met en lumi\u00e8re l\u2019\u00e9tat de la&hellip;\n","protected":false},"author":2,"featured_media":688758,"comment_status":"","ping_status":"","sticky":false,"template":"","format":"standard","meta":{"footnotes":""},"categories":[1587],"tags":[5734,11,672,36901,7182,1804,1805,1803,21228,33,893,1777,674,4538,1801,693,78529,23941,9865,12,1802],"class_list":{"0":"post-688757","1":"post","2":"type-post","3":"status-publish","4":"format-standard","5":"has-post-thumbnail","7":"category-allemagne","8":"tag-5734","9":"tag-actualites","10":"tag-allemagne","11":"tag-allemande","12":"tag-aviation","13":"tag-bundesrepublik-deutschland","14":"tag-de","15":"tag-deutschland","16":"tag-eco","17":"tag-economie","18":"tag-energie","19":"tag-eu","20":"tag-europe","21":"tag-europeenne","22":"tag-germany","23":"tag-industrie","24":"tag-lagenda","25":"tag-low-cost","26":"tag-lundi","27":"tag-news","28":"tag-republique-federale-dallemagne"},"share_on_mastodon":{"url":"https:\/\/pubeurope.com\/@fr\/115957228173028901","error":""},"_links":{"self":[{"href":"https:\/\/www.europesays.com\/fr\/wp-json\/wp\/v2\/posts\/688757","targetHints":{"allow":["GET"]}}],"collection":[{"href":"https:\/\/www.europesays.com\/fr\/wp-json\/wp\/v2\/posts"}],"about":[{"href":"https:\/\/www.europesays.com\/fr\/wp-json\/wp\/v2\/types\/post"}],"author":[{"embeddable":true,"href":"https:\/\/www.europesays.com\/fr\/wp-json\/wp\/v2\/users\/2"}],"replies":[{"embeddable":true,"href":"https:\/\/www.europesays.com\/fr\/wp-json\/wp\/v2\/comments?post=688757"}],"version-history":[{"count":0,"href":"https:\/\/www.europesays.com\/fr\/wp-json\/wp\/v2\/posts\/688757\/revisions"}],"wp:featuredmedia":[{"embeddable":true,"href":"https:\/\/www.europesays.com\/fr\/wp-json\/wp\/v2\/media\/688758"}],"wp:attachment":[{"href":"https:\/\/www.europesays.com\/fr\/wp-json\/wp\/v2\/media?parent=688757"}],"wp:term":[{"taxonomy":"category","embeddable":true,"href":"https:\/\/www.europesays.com\/fr\/wp-json\/wp\/v2\/categories?post=688757"},{"taxonomy":"post_tag","embeddable":true,"href":"https:\/\/www.europesays.com\/fr\/wp-json\/wp\/v2\/tags?post=688757"}],"curies":[{"name":"wp","href":"https:\/\/api.w.org\/{rel}","templated":true}]}}