{"id":688794,"date":"2026-01-25T19:10:09","date_gmt":"2026-01-25T19:10:09","guid":{"rendered":"https:\/\/www.europesays.com\/fr\/688794\/"},"modified":"2026-01-25T19:10:09","modified_gmt":"2026-01-25T19:10:09","slug":"a-9e-ce-jean-lidl-met-en-valeur-toutes-les-silhouettes","status":"publish","type":"post","link":"https:\/\/www.europesays.com\/fr\/688794\/","title":{"rendered":"\u00e0 9\u20ac, ce jean Lidl\u00a0met en valeur toutes les silhouettes"},"content":{"rendered":"<p itemprop=\"description\">Ce jean Lidl poss\u00e8de une coupe droite<br \/>\njuste parfaite et une taille haute qui fait un corps de dingue. \u00c0<br \/>\n8,24\u20ac, c&rsquo;est le braquage de l&rsquo;ann\u00e9e.<\/p>\n<p>On a toutes ce jean f\u00e9tiche qui finit par l\u00e2cher entre les<br \/>\ncuisses ou dont la braguette d\u00e9cide de rendre l\u00a0\u00bb\u00e2me au pire moment.<br \/>\nEn racheter un devient un casse-t\u00eate, car entre les coupes qui ne<br \/>\nvont \u00e0 personne et les prix qui flambent, on finit souvent par<br \/>\nabandonner. Le vrai sujet, c&rsquo;est cette <strong>id\u00e9e re\u00e7ue<\/strong><br \/>\nqui voudrait qu&rsquo;un v\u00eatement de supermarch\u00e9 soit forc\u00e9ment une<br \/>\ncatastrophe stylistique. On passe devant les bacs de fringues<br \/>\n<a href=\"https:\/\/www.bibamagazine.fr\/beaute\/minceur\/gadget-lidl-moins-12-remet-forme-comme-aucun-autre-502537.html\" target=\"_blank\" rel=\"noopener\">Lidl<\/a> avec un petit air<br \/>\nsup\u00e9rieur, et pourtant, <strong>on a tort.<\/strong><\/p>\n<p>En effet, la marque a r\u00e9ussi \u00e0 pondre <strong>un mod\u00e8le<br \/>\ndroit<\/strong>, basique mais solide, qui r\u00e8gle le probl\u00e8me du<br \/>\n\u00ab\u00a0je n&rsquo;ai rien \u00e0 me mettre\u00a0\u00bb pour moins de 9\u20ac. C&rsquo;est fou,<br \/>\nnon ? On n&rsquo;attendait pas grand-chose, et c&rsquo;est bien pour \u00e7a que la<br \/>\nsurprise est totale. Alors, est-ce qu&rsquo;on est pr\u00eates \u00e0 assumer que<br \/>\n<strong>notre plus beau denim vient de chez le discounter<\/strong><br \/>\ndu coin ? Vu le mod\u00e8le et surtout le prix affich\u00e9, la r\u00e9ponse est<br \/>\nun grand oui.<\/p>\n<p>Une coupe magnifique \u00e0 prix cass\u00e9 chez Lidl<\/p>\n<p>D\u00e9cortiquons ce petit miracle qui s&rsquo;affiche \u00e0\u00a0<strong>8,24<br \/>\n\u20ac<\/strong>\u00a0(merci la promo de -45%). On est sur<br \/>\nun\u00a0<strong>Straight Fit \u00a0\u00e0 taille haute<\/strong>, le<br \/>\ngenre de coupe qui pardonne tout et <a href=\"https:\/\/www.bibamagazine.fr\/mode\/shopping\/ce-jean-sculptant-a-1199e-dispo-chez-lidl-fait-une-silhouette-de-dingue-et-il-est-plus-confortable-quun-legging-501884.html\" target=\"_blank\" rel=\"noopener\">qui structure la silhouette.<\/a><br \/>\nOui, on aime le fait qu&rsquo;il mette bien en valeur les formes sans<br \/>\nscier la taille, gr\u00e2ce \u00e0 sa coupe haute tr\u00e8s actuelle.\u00a0Le<br \/>\n<strong>coton est bien l\u00e0 (98-99%)<\/strong>, dont\u00a020 % de<br \/>\nrecycl\u00e9, avec juste ce qu&rsquo;il faut de <strong>LYCRA\u00ae<\/strong> pour<br \/>\npouvoir s&rsquo;asseoir sans fr\u00f4ler l&rsquo;apoplexie.<\/p>\n<p>Le vrai luxe, c&rsquo;est que Lidl propose trois longueurs diff\u00e9rentes<br \/>\n<strong>(court, regular, long)<\/strong>. C&rsquo;est le genre de d\u00e9tail<br \/>\nqu&rsquo;on ne trouve m\u00eame pas chez certaines enseignes de fast-fashion<br \/>\ndeux \u00e0 trois fois plus ch\u00e8res. En <strong>bleu classique ou en<br \/>\nmarron<\/strong> (tr\u00e8s vibe 70&rsquo;s), les finitions sont \u00e9tonnamment<br \/>\npropres avec une fermeture YKK qui ne vous l\u00e2chera pas en plein<br \/>\nmilieu d&rsquo;un resto. M\u00eame apr\u00e8s <a href=\"https:\/\/www.bibamagazine.fr\/lifestyle\/cuisine\/fans-de-raclette-rejouissez-vous-ce-fromage-trois-fois-moins-calorique-vous-permet-de-profiter-sans-culpabilite-495782.html\" target=\"_blank\" rel=\"noopener\">une raclette<\/a>. Et pour les<br \/>\nflipp\u00e9es des produits chimiques, c\u2019est certifi\u00e9<br \/>\n<strong>OEKO-TEX\u00ae.\u00a0<\/strong>Vous pouvez respirer, \u00e7a y<br \/>\nest.<\/p>\n<p>Le verdict des clientes sur ce<br \/>\njean<\/p>\n<p>Avec\u00a0<strong>85 % de recommandations<\/strong>\u00a0et une<br \/>\nnote de\u00a0<strong>4,4\/5<\/strong>, le constat est clair. Les avis<br \/>\nne mentent pas car l&rsquo;une des clientes explique carr\u00e9ment que c&rsquo;est<br \/>\nson \u00ab\u00a0nouveau jean favori\u00a0\u00bb. Une autre confirme que<br \/>\n\u00ab\u00a0<a href=\"https:\/\/www.bibamagazine.fr\/mode\/shopping\/excellent-rapport-qualite-prix-a-moins-de-15e-cet-accessoire-de-papy-vous-promet-des-petons-au-chaud-tout-lhiver-493650.html\" target=\"_blank\" rel=\"noopener\">le rapport qualit\u00e9-prix<\/a> est<br \/>\nimbattable\u00a0\u00bb et que le rendu est \u00ab\u00a0au top\u00a0\u00bb.<\/p>\n<p>Ce qui revient en boucle dans les commentaires, c&rsquo;est que la<br \/>\ncoupe est <strong>\u00ab\u00a0flatteuse\u00a0\u00bb<\/strong> m\u00eame si vous n&rsquo;avez<br \/>\npas des jambes de deux m\u00e8tres de long. On est loin du gadget<br \/>\npublicitaire. C&rsquo;est <strong>un vrai bon jean<\/strong>, solide, bien<br \/>\ntaill\u00e9, qui fait le job sans vous ruiner. En gros, c&rsquo;est l&rsquo;achat<br \/>\nmalin qui vous permet de garder votre argent pour des trucs plus<br \/>\nfun, tout en ayant <strong>une allure de dingue<\/strong>. Capiche<br \/>\nles girls ?<\/p>\n","protected":false},"excerpt":{"rendered":"Ce jean Lidl poss\u00e8de une coupe droite juste parfaite et une taille haute qui fait un corps de&hellip;\n","protected":false},"author":2,"featured_media":688795,"comment_status":"","ping_status":"","sticky":false,"template":"","format":"standard","meta":{"footnotes":""},"categories":[7],"tags":[74678,13041,17488,615,1805,3026,78533,1011,27,13392,151,18542,3736,379,43,40,41,39,78534,42,44,10125,96,27322,19657],"class_list":{"0":"post-688794","1":"post","2":"type-post","3":"status-publish","4":"format-standard","5":"has-post-thumbnail","7":"category-sciences-et-technologies","8":"tag-9e","9":"tag-a","10":"tag-ce","11":"tag-coupe","12":"tag-de","13":"tag-en","14":"tag-flatteuse","15":"tag-fr","16":"tag-france","17":"tag-jean","18":"tag-les","19":"tag-lidl","20":"tag-met","21":"tag-moins","22":"tag-science","23":"tag-science-and-technology","24":"tag-sciences","25":"tag-sciences-et-technologies","26":"tag-silhouettes","27":"tag-technologies","28":"tag-technology","29":"tag-toutes","30":"tag-une","31":"tag-valeur","32":"tag-vraiment"},"share_on_mastodon":{"url":"https:\/\/pubeurope.com\/@fr\/115957322754428301","error":""},"_links":{"self":[{"href":"https:\/\/www.europesays.com\/fr\/wp-json\/wp\/v2\/posts\/688794","targetHints":{"allow":["GET"]}}],"collection":[{"href":"https:\/\/www.europesays.com\/fr\/wp-json\/wp\/v2\/posts"}],"about":[{"href":"https:\/\/www.europesays.com\/fr\/wp-json\/wp\/v2\/types\/post"}],"author":[{"embeddable":true,"href":"https:\/\/www.europesays.com\/fr\/wp-json\/wp\/v2\/users\/2"}],"replies":[{"embeddable":true,"href":"https:\/\/www.europesays.com\/fr\/wp-json\/wp\/v2\/comments?post=688794"}],"version-history":[{"count":0,"href":"https:\/\/www.europesays.com\/fr\/wp-json\/wp\/v2\/posts\/688794\/revisions"}],"wp:featuredmedia":[{"embeddable":true,"href":"https:\/\/www.europesays.com\/fr\/wp-json\/wp\/v2\/media\/688795"}],"wp:attachment":[{"href":"https:\/\/www.europesays.com\/fr\/wp-json\/wp\/v2\/media?parent=688794"}],"wp:term":[{"taxonomy":"category","embeddable":true,"href":"https:\/\/www.europesays.com\/fr\/wp-json\/wp\/v2\/categories?post=688794"},{"taxonomy":"post_tag","embeddable":true,"href":"https:\/\/www.europesays.com\/fr\/wp-json\/wp\/v2\/tags?post=688794"}],"curies":[{"name":"wp","href":"https:\/\/api.w.org\/{rel}","templated":true}]}}