{"id":688806,"date":"2026-01-25T19:17:45","date_gmt":"2026-01-25T19:17:45","guid":{"rendered":"https:\/\/www.europesays.com\/fr\/688806\/"},"modified":"2026-01-25T19:17:45","modified_gmt":"2026-01-25T19:17:45","slug":"messmer-13hz","status":"publish","type":"post","link":"https:\/\/www.europesays.com\/fr\/688806\/","title":{"rendered":"MESSMER &#8211; \u00ab\u00a013HZ\u00a0\u00bb"},"content":{"rendered":"\n<p>Vendredi 13 f\u00e9vrier \u00e0 20h au z\u00e9nith de Nancy, Magnum la radio vous invite \u00e0 d\u00e9couvrir l\u2019hypnose avec le spectacle de Messmer.<\/p>\n<p>Dans 13Hz, Messmer vous invite \u00e0 entrer dans son myst\u00e9rieux et hilarant univers o\u00f9 la fronti\u00e8re entre la r\u00e9alit\u00e9 et l&rsquo;illusion s&rsquo;efface, pour diriger vos pens\u00e9es vers des territoires inconnus.<\/p>\n<p>Le spectacle a d\u00e9j\u00e0 \u00e9t\u00e9 vu par 2 millions de spectateurs, et Magnum la radio vous invite toute cette semaine pour celui de Nancy !<\/p>\n<p>\u00c9coutez Magnum et gagnez vos entr\u00e9es !<\/p>\n<p style=\"text-align: center;\">&#8212;&#8212;&#8212;&#8212;&#8212;&#8212;&#8212;&#8212;&#8212;&#8212;&#8212;<\/p>\n<p>Avec sa pr\u00e9sence charismatique in\u00e9gal\u00e9e et son talent exceptionnel, le recordman en hypnose collective avec 1066 personnes hypnotis\u00e9es en moins de 5 minutes, vous plonge au c\u0153ur de vos pens\u00e9es les plus profondes avant de vous guider \u00e0 travers un jeu subtil d\u2019ondes c\u00e9r\u00e9brales \u00e0 13Hz.<\/p>\n<p>Le fascinateur vous entra\u00eene vers un \u00e9tat de conscience unique o\u00f9 la volont\u00e9 et le contr\u00f4le de nos vies prennent une nouvelle dimension. Osez d\u00e9couvrir l\u2019exp\u00e9rience Messmer, o\u00f9 la ma\u00eetrise de soi et la fascination se rencontrent.<\/p>\n","protected":false},"excerpt":{"rendered":"Vendredi 13 f\u00e9vrier \u00e0 20h au z\u00e9nith de Nancy, Magnum la radio vous invite \u00e0 d\u00e9couvrir l\u2019hypnose avec&hellip;\n","protected":false},"author":2,"featured_media":688807,"comment_status":"","ping_status":"","sticky":false,"template":"","format":"standard","meta":{"footnotes":""},"categories":[9635],"tags":[78539,1111,11,2389,1777,674,1011,27,775,30237,66482,73687,71518,10061,78538,3457,11209,1702,12,1825,25,26789,3140,774,12177],"class_list":{"0":"post-688806","1":"post","2":"type-post","3":"status-publish","4":"format-standard","5":"has-post-thumbnail","7":"category-nancy","8":"tag-13-hz","9":"tag-actu","10":"tag-actualites","11":"tag-alsace","12":"tag-eu","13":"tag-europe","14":"tag-fr","15":"tag-france","16":"tag-grand-est","17":"tag-haute-marne","18":"tag-hypnose","19":"tag-magnum","20":"tag-magnum-la-radio","21":"tag-maxeville","22":"tag-messmer","23":"tag-meurthe-et-moselle","24":"tag-meuse","25":"tag-nancy","26":"tag-news","27":"tag-radio","28":"tag-republique-francaise","29":"tag-rire","30":"tag-spectacle","31":"tag-vosges","32":"tag-zenith"},"share_on_mastodon":{"url":"https:\/\/pubeurope.com\/@fr\/115957350153152602","error":""},"_links":{"self":[{"href":"https:\/\/www.europesays.com\/fr\/wp-json\/wp\/v2\/posts\/688806","targetHints":{"allow":["GET"]}}],"collection":[{"href":"https:\/\/www.europesays.com\/fr\/wp-json\/wp\/v2\/posts"}],"about":[{"href":"https:\/\/www.europesays.com\/fr\/wp-json\/wp\/v2\/types\/post"}],"author":[{"embeddable":true,"href":"https:\/\/www.europesays.com\/fr\/wp-json\/wp\/v2\/users\/2"}],"replies":[{"embeddable":true,"href":"https:\/\/www.europesays.com\/fr\/wp-json\/wp\/v2\/comments?post=688806"}],"version-history":[{"count":0,"href":"https:\/\/www.europesays.com\/fr\/wp-json\/wp\/v2\/posts\/688806\/revisions"}],"wp:featuredmedia":[{"embeddable":true,"href":"https:\/\/www.europesays.com\/fr\/wp-json\/wp\/v2\/media\/688807"}],"wp:attachment":[{"href":"https:\/\/www.europesays.com\/fr\/wp-json\/wp\/v2\/media?parent=688806"}],"wp:term":[{"taxonomy":"category","embeddable":true,"href":"https:\/\/www.europesays.com\/fr\/wp-json\/wp\/v2\/categories?post=688806"},{"taxonomy":"post_tag","embeddable":true,"href":"https:\/\/www.europesays.com\/fr\/wp-json\/wp\/v2\/tags?post=688806"}],"curies":[{"name":"wp","href":"https:\/\/api.w.org\/{rel}","templated":true}]}}