{"id":688808,"date":"2026-01-25T19:18:30","date_gmt":"2026-01-25T19:18:30","guid":{"rendered":"https:\/\/www.europesays.com\/fr\/688808\/"},"modified":"2026-01-25T19:18:30","modified_gmt":"2026-01-25T19:18:30","slug":"bientot-des-week-ends-festifs-autour-de-jeux-et-de-musique-organises-a-lautre-canal-et-a-loctroi","status":"publish","type":"post","link":"https:\/\/www.europesays.com\/fr\/688808\/","title":{"rendered":"bient\u00f4t des week-ends festifs autour de jeux et de musique organis\u00e9s \u00e0 L&rsquo;Autre Canal et \u00e0 L&rsquo;Octroi"},"content":{"rendered":"<p>                    Par<br \/>\n        <strong><br \/>\n            <a href=\"https:\/\/actu.fr\/auteur\/pierre-emile-bouchy-actu-fr\" title=\"Consulter tous les articles de Paul-Emile Bouchy\" target=\"_blank\" rel=\"noopener\">Paul-Emile Bouchy<\/a><br \/>\n                    <\/strong><\/p>\n<p>        Publi\u00e9 le<\/p>\n<p>            25 janv. 2026 \u00e0 18h02        <\/p>\n<p>Jeudi 22\u00a0janvier, la Ville de <a href=\"https:\/\/actu.fr\/grand-est\/nancy_54395\" target=\"_blank\" rel=\"noopener\">Nancy<\/a><strong>, L\u2019Autre Canal <\/strong>et l\u2019association OK3, qui g\u00e8re <a href=\"https:\/\/actu.fr\/grand-est\/nancy_54395\/nancy-exit-abattoirs-loctroi-se-transforme-un-veritable-espace-creatif_29505993.html\" target=\"_blank\" rel=\"noopener\">L\u2019Octroi<\/a>, ont sign\u00e9 une convention visant \u00e0 <strong>d\u00e9velopper un projet de site culturel et cr\u00e9atif commun<\/strong>. Ses objectifs sont d\u2019avoir une plus grande diversit\u00e9 d\u2019usages et d\u2019usagers, une gouvernance partag\u00e9e et des services et des espaces communs et mutualis\u00e9s.<\/p>\n<p class=\" wall-content\">S\u2019il s\u2019agit, dans un premier temps, d\u2019une exp\u00e9rimentation de 14\u00a0mois, <strong>une premi\u00e8re nouveaut\u00e9 va bient\u00f4t voir le jour<\/strong>.<\/p>\n<p>Des week-ends anim\u00e9s autour de jeux et de musique<\/p>\n<p class=\" wall-content\">Depuis plusieurs ann\u00e9es, les Nanc\u00e9iens connaissent <strong>le micro-festival \u00ab\u2009Bon moment\u2009\u00bb<\/strong>. \u00c0 partir de cette ann\u00e9e, il va \u00eatre <strong>amplifi\u00e9 et aura lieu sur le site occup\u00e9 par L\u2019Autre Canal et L\u2019Octroi du 29 au 31\u00a0mai 2026<\/strong> avec le but de faire d\u00e9couvrir des musiques et des d\u00e9marches artistiques nouvelles et de partager des moments et des rencontres.<\/p>\n<p class=\" wall-content\">Les organisateurs vont aussi le d\u00e9cliner avec <strong>l\u2019\u00e9v\u00e9nement \u00ab\u2009Petit moment\u2009\u00bb<\/strong>. \u00ab\u2009Des week-ends conviviaux pour se retrouver, <strong>partager autour de jeux et de musique, et d\u00e9couvrir le site \u00e0 travers des propositions majoritairement gratuites<\/strong>\u2009\u00bb, le d\u00e9crivent-ils. Voici les premi\u00e8res dates\u2009:<\/p>\n<ul class=\" wall-content\">\n<li>du vendredi\u00a020 au dimanche 22\u00a0mars<\/li>\n<li>du vendredi\u00a017 au dimanche 19\u00a0avril<\/li>\n<li>du vendredi\u00a019 au dimanche 21\u00a0juin<\/li>\n<\/ul>\n<p class=\" wall-content\">Toute la programmation est \u00e0 d\u00e9couvrir sur <a href=\"https:\/\/lautrecanalnancy.fr\/agenda\" target=\"_blank\" rel=\"noopener\">le site de L\u2019Autre Canal<\/a>.<\/p>\n<p class=\" wall-content\">Personnalisez votre actualit\u00e9 en ajoutant vos villes et m\u00e9dias en favori avec <a href=\"https:\/\/moncompte.actu.fr\" title=\"D\u00e9couvez Mon Actu\" rel=\"nofollow noopener\" data-trk=\"{&quot;cta&quot;:{&quot;action&quot;:&quot;https:\\\/\\\/moncompte.actu.fr&quot;,&quot;category&quot;:&quot;mon compte&quot;,&quot;from&quot;:&quot;article footer&quot;,&quot;name&quot;:&quot;Mon actu&quot;,&quot;type&quot;:&quot;cta&quot;}}\" target=\"_blank\">Mon Actu<\/a>.<\/p>\n","protected":false},"excerpt":{"rendered":"Par Paul-Emile Bouchy Publi\u00e9 le 25 janv. 2026 \u00e0 18h02 Jeudi 22\u00a0janvier, la Ville de Nancy, L\u2019Autre Canal&hellip;\n","protected":false},"author":2,"featured_media":688809,"comment_status":"","ping_status":"","sticky":false,"template":"","format":"standard","meta":{"footnotes":""},"categories":[9635],"tags":[1111,11,1063,1777,674,1011,27,775,1652,873,1702,12,25],"class_list":{"0":"post-688808","1":"post","2":"type-post","3":"status-publish","4":"format-standard","5":"has-post-thumbnail","7":"category-nancy","8":"tag-actu","9":"tag-actualites","10":"tag-animations","11":"tag-eu","12":"tag-europe","13":"tag-fr","14":"tag-france","15":"tag-grand-est","16":"tag-loisirs-culture","17":"tag-musique","18":"tag-nancy","19":"tag-news","20":"tag-republique-francaise"},"share_on_mastodon":{"url":"https:\/\/pubeurope.com\/@fr\/115957353833022092","error":""},"_links":{"self":[{"href":"https:\/\/www.europesays.com\/fr\/wp-json\/wp\/v2\/posts\/688808","targetHints":{"allow":["GET"]}}],"collection":[{"href":"https:\/\/www.europesays.com\/fr\/wp-json\/wp\/v2\/posts"}],"about":[{"href":"https:\/\/www.europesays.com\/fr\/wp-json\/wp\/v2\/types\/post"}],"author":[{"embeddable":true,"href":"https:\/\/www.europesays.com\/fr\/wp-json\/wp\/v2\/users\/2"}],"replies":[{"embeddable":true,"href":"https:\/\/www.europesays.com\/fr\/wp-json\/wp\/v2\/comments?post=688808"}],"version-history":[{"count":0,"href":"https:\/\/www.europesays.com\/fr\/wp-json\/wp\/v2\/posts\/688808\/revisions"}],"wp:featuredmedia":[{"embeddable":true,"href":"https:\/\/www.europesays.com\/fr\/wp-json\/wp\/v2\/media\/688809"}],"wp:attachment":[{"href":"https:\/\/www.europesays.com\/fr\/wp-json\/wp\/v2\/media?parent=688808"}],"wp:term":[{"taxonomy":"category","embeddable":true,"href":"https:\/\/www.europesays.com\/fr\/wp-json\/wp\/v2\/categories?post=688808"},{"taxonomy":"post_tag","embeddable":true,"href":"https:\/\/www.europesays.com\/fr\/wp-json\/wp\/v2\/tags?post=688808"}],"curies":[{"name":"wp","href":"https:\/\/api.w.org\/{rel}","templated":true}]}}