{"id":688812,"date":"2026-01-25T19:21:11","date_gmt":"2026-01-25T19:21:11","guid":{"rendered":"https:\/\/www.europesays.com\/fr\/688812\/"},"modified":"2026-01-25T19:21:11","modified_gmt":"2026-01-25T19:21:11","slug":"quelles-sont-les-arteres-renovees-dans-le-centre-ancien-dun-village-au-nord-de-montpellier","status":"publish","type":"post","link":"https:\/\/www.europesays.com\/fr\/688812\/","title":{"rendered":"Quelles sont les art\u00e8res r\u00e9nov\u00e9es dans le centre ancien d&rsquo;un village au nord de Montpellier\u00a0?"},"content":{"rendered":"<p>                    Par<br \/>\n        <strong><br \/>\n            <a href=\"https:\/\/actu.fr\/auteur\/metropoop\" title=\"Consulter tous les articles de R\u00e9daction M\u00e9tropolitain\" target=\"_blank\" rel=\"noopener\">R\u00e9daction M\u00e9tropolitain<\/a><br \/>\n                    <\/strong><\/p>\n<p>        Publi\u00e9 le<\/p>\n<p>            25 janv. 2026 \u00e0 19h47        <\/p>\n<p>Le coeur de ville de <strong>Clapiers,<\/strong> aux portes nord de Montpellier \u00e9tait en f\u00eate, ce samedi 24 janvier 2026 : <strong>Micha\u00ebl Delafosse<\/strong>, pre\u0301sident de Montpellier Me\u0301diterrane\u0301e Me\u0301tropole et maire de Montpellier, <strong>\u00c9ric Penso<\/strong>, maire de Clapiers, vice-pre\u0301sident de Montpellier Me\u0301diterrane\u0301e Me\u0301tropole, <strong>Fr\u00e9d\u00e9ric Lafforgue<\/strong>, vice-pre\u0301sident de Montpellier Me\u0301diterrane\u0301e Me\u0301tropole, de\u0301le\u0301gue\u0301 aux voiries et a\u0300 l\u2019espace public et maire de Castelnau-le-Lez, <strong>Renaud Calvat,<\/strong> maire du village voisin de Jacou, vice-pr\u00e9sident de la M\u00e9tropole, en charge notamment des finances et du budget ont inaugure\u0301 le centre ancien r\u00e9nov\u00e9.<\/p>\n<p>    <a href=\"https:\/\/www.google.com\/maps\/embed?pb=!1m18!1m12!1m3!1d3072.35270588836!2d3.8869863212078126!3d43.65763368205139!2m3!1f0!2f0!3f0!3m2!1i1024!2i768!4f13.1!3m3!1m2!1s0x12b6a8b76163168b%3A0x1d7fe12419c08ff9!2zw4lnbGlzZQ!5e0!3m2!1sfr!2sfr!4v1769357831094!5m2!1sfr!2sfr\" title=\"Ouvrie le lien\" target=\"_blank\" rel=\"noopener\">Cliquez ici pour visualiser le contenu<\/a><\/p>\n<p class=\" wall-content\">Montpellier Me\u0301diterrane\u0301e Me\u0301tropole et la Ville de Clapiers ont poursuivi la requalification et l\u2019embellissement du centre ancien dans la continuite\u0301 des ame\u0301nagements de\u0301ja\u0300 re\u0301alise\u0301s, afin de valoriser le patrimoine, d\u2019ame\u0301liorer le cadre de vie et de rendre le c\u0153ur de village plus lisible, plus su\u0302r et attractif pour les habitants.<\/p>\n<p>    <img   decoding=\"async\" loading=\"lazy\" src=\"https:\/\/www.europesays.com\/fr\/wp-content\/uploads\/2026\/01\/unnamed-3-960x640.jpg\" alt=\"Ce samedi \u00e0 Clapiers, \u00e0 l'heure de l'inauguration\" width=\"960\" height=\"640\"\/><br \/>\n    Ce samedi \u00e0 Clapiers, \u00e0 l\u2019heure de l\u2019inauguration (\u00a9M\u00e9tropole de Montpellier)<\/p>\n<p class=\" wall-content\">Les travaux ont de\u0301marre\u0301 en juin 2025 et se sont acheve\u0301s fin de\u0301cembre 2025. Le projet a porte\u0301 sur la reprise inte\u0301grale des reve\u0302tements de chausse\u0301e et de trottoirs des rues.\u00a0L\u2019ope\u0301ration a porte\u0301 sur la requalification des reve\u0302tements de voirie et de trottoirs des rues du Calvaire, de Vendargues, de la Cantonade et de Saint-Antoine, qui ont e\u0301te\u0301 re\u0301alise\u0301s en pave\u0301s de pierre calcaire issus de la carrie\u0300re Cenia en Espagne, ainsi qu\u2019en be\u0301ton de\u0301sactive\u0301.<\/p>\n<p>Vid\u00e9os : en ce moment sur Actu<\/p>\n<p class=\" wall-content\">La rue du Calvaire a fait l\u2019objet d\u2019ame\u0301nagement spe\u0301cifique destine\u0301 a\u0300 se\u0301curiser et a\u0300 apaiser les abords de l\u2019e\u0301cole Victor Hugo.\u00a0Le parvis de l\u2019e\u0301glise Saint-Antoine a e\u0301te\u0301 entie\u0300rement valorise\u0301, gra\u0302ce a\u0300 la cre\u0301ation d\u2019un emmanchement impressionnant et largement ouvert sur la rue de Vendargues. Les bordures, marches et dallage ont e\u0301te\u0301 re\u0301alise\u0301s en pierre calcaire, renforc\u0327ant la valorisation du site patrimonial.<\/p>\n<p class=\" wall-content\">En accompagnement de ces ame\u0301nagements, l\u2019ensemble des re\u0301seaux ae\u0301riens Ennedis et Te\u0301le\u0301coms a e\u0301te\u0301 enfouis et l\u2019e\u0301clairage public a e\u0301te\u0301 modernis,e\u0301 gra\u0302ce a\u0300 l\u2019installation de dispositifs LED neufs. Enfin, de nouvelles zones de ve\u0301ge\u0301talisation ont e\u0301te\u0301 cre\u0301e\u0301es, avec la plantation de plusieurs arbres, dont un micocoulier, un fre\u0302ne a\u0300 fleurs et un sophora du Japon.<\/p>\n<p class=\" wall-content\">Personnalisez votre actualit\u00e9 en ajoutant vos villes et m\u00e9dias en favori avec <a href=\"https:\/\/moncompte.actu.fr\" title=\"D\u00e9couvez Mon Actu\" rel=\"nofollow noopener\" data-trk=\"{&quot;cta&quot;:{&quot;action&quot;:&quot;https:\\\/\\\/moncompte.actu.fr&quot;,&quot;category&quot;:&quot;mon compte&quot;,&quot;from&quot;:&quot;article footer&quot;,&quot;name&quot;:&quot;Mon actu&quot;,&quot;type&quot;:&quot;cta&quot;}}\" target=\"_blank\">Mon Actu<\/a>.<\/p>\n","protected":false},"excerpt":{"rendered":"Par R\u00e9daction M\u00e9tropolitain Publi\u00e9 le 25 janv. 2026 \u00e0 19h47 Le coeur de ville de Clapiers, aux portes&hellip;\n","protected":false},"author":2,"featured_media":688813,"comment_status":"","ping_status":"","sticky":false,"template":"","format":"standard","meta":{"footnotes":""},"categories":[9599],"tags":[1111,11,1771,33,1777,674,1011,27,2208,12,2680,2551,25],"class_list":{"0":"post-688812","1":"post","2":"type-post","3":"status-publish","4":"format-standard","5":"has-post-thumbnail","7":"category-montpellier","8":"tag-actu","9":"tag-actualites","10":"tag-btp","11":"tag-economie","12":"tag-eu","13":"tag-europe","14":"tag-fr","15":"tag-france","16":"tag-montpellier","17":"tag-news","18":"tag-occitanie","19":"tag-patrimoine","20":"tag-republique-francaise"},"share_on_mastodon":{"url":"https:\/\/pubeurope.com\/@fr\/115957365807916274","error":""},"_links":{"self":[{"href":"https:\/\/www.europesays.com\/fr\/wp-json\/wp\/v2\/posts\/688812","targetHints":{"allow":["GET"]}}],"collection":[{"href":"https:\/\/www.europesays.com\/fr\/wp-json\/wp\/v2\/posts"}],"about":[{"href":"https:\/\/www.europesays.com\/fr\/wp-json\/wp\/v2\/types\/post"}],"author":[{"embeddable":true,"href":"https:\/\/www.europesays.com\/fr\/wp-json\/wp\/v2\/users\/2"}],"replies":[{"embeddable":true,"href":"https:\/\/www.europesays.com\/fr\/wp-json\/wp\/v2\/comments?post=688812"}],"version-history":[{"count":0,"href":"https:\/\/www.europesays.com\/fr\/wp-json\/wp\/v2\/posts\/688812\/revisions"}],"wp:featuredmedia":[{"embeddable":true,"href":"https:\/\/www.europesays.com\/fr\/wp-json\/wp\/v2\/media\/688813"}],"wp:attachment":[{"href":"https:\/\/www.europesays.com\/fr\/wp-json\/wp\/v2\/media?parent=688812"}],"wp:term":[{"taxonomy":"category","embeddable":true,"href":"https:\/\/www.europesays.com\/fr\/wp-json\/wp\/v2\/categories?post=688812"},{"taxonomy":"post_tag","embeddable":true,"href":"https:\/\/www.europesays.com\/fr\/wp-json\/wp\/v2\/tags?post=688812"}],"curies":[{"name":"wp","href":"https:\/\/api.w.org\/{rel}","templated":true}]}}