{"id":688824,"date":"2026-01-25T19:29:13","date_gmt":"2026-01-25T19:29:13","guid":{"rendered":"https:\/\/www.europesays.com\/fr\/688824\/"},"modified":"2026-01-25T19:29:13","modified_gmt":"2026-01-25T19:29:13","slug":"la-circulation-des-trains-interrompue-dans-les-deux-sens-sur-la-ligne-rennes-quimper-reprise-annoncee-vers-20-h-30","status":"publish","type":"post","link":"https:\/\/www.europesays.com\/fr\/688824\/","title":{"rendered":"La circulation des trains \u00ab\u00a0interrompue dans les deux sens\u00a0\u00bb sur la ligne Rennes-Quimper, reprise annonc\u00e9e \u00ab\u00a0vers 20\u00a0h\u00a030\u00a0\u00bb"},"content":{"rendered":"<p>Sur son site internet SNCF Connect, la SNCF annonce que \u00ab la circulation des trains est interrompue dans les deux sens sur la ligne Rennes-Quimper \u00bb. En cause ? \u00ab Une absence d\u2019alimentation \u00e9lectrique est survenue vers Quimperl\u00e9 entre Lorient et Quimper \u00bb, d\u00e9taille la SNCF, dans une derni\u00e8re mise \u00e0 jour post\u00e9e ce dimanche soir, \u00e0 19 h 47.<\/p>\n<p>Reprise de la circulation vers 20 h 30<\/p>\n<p>Et d\u2019annoncer qu&rsquo;\u00ab une reconnaissance de la voie et des cat\u00e9naires est en cours par un train circulant \u00e0 faible vitesse sur la voie contigu\u00eb \u00bb. En attendant, \u00ab des retards et suppressions sont \u00e0 pr\u00e9voir \u00bb. La SNCF annonce ensuite que \u00ab la reprise de la circulation est estim\u00e9e vers 20 h 30 \u00bb. \ufeff<\/p>\n","protected":false},"excerpt":{"rendered":"Sur son site internet SNCF Connect, la SNCF annonce que \u00ab la circulation des trains est interrompue dans&hellip;\n","protected":false},"author":2,"featured_media":688825,"comment_status":"","ping_status":"","sticky":false,"template":"","format":"standard","meta":{"footnotes":""},"categories":[2821],"tags":[1111,11,829,765,1777,674,3321,1011,27,12,3319,11878,584,25,2215,2803,6917],"class_list":{"0":"post-688824","1":"post","2":"type-post","3":"status-publish","4":"format-standard","5":"has-post-thumbnail","7":"category-rennes","8":"tag-actu","9":"tag-actualites","10":"tag-bretagne","11":"tag-en-continu","12":"tag-eu","13":"tag-europe","14":"tag-finistere","15":"tag-fr","16":"tag-france","17":"tag-news","18":"tag-quimper","19":"tag-quimperle","20":"tag-rennes","21":"tag-republique-francaise","22":"tag-sncf","23":"tag-transport","24":"tag-transport-ferroviaire"},"share_on_mastodon":{"url":"https:\/\/pubeurope.com\/@fr\/115957397207880694","error":""},"_links":{"self":[{"href":"https:\/\/www.europesays.com\/fr\/wp-json\/wp\/v2\/posts\/688824","targetHints":{"allow":["GET"]}}],"collection":[{"href":"https:\/\/www.europesays.com\/fr\/wp-json\/wp\/v2\/posts"}],"about":[{"href":"https:\/\/www.europesays.com\/fr\/wp-json\/wp\/v2\/types\/post"}],"author":[{"embeddable":true,"href":"https:\/\/www.europesays.com\/fr\/wp-json\/wp\/v2\/users\/2"}],"replies":[{"embeddable":true,"href":"https:\/\/www.europesays.com\/fr\/wp-json\/wp\/v2\/comments?post=688824"}],"version-history":[{"count":0,"href":"https:\/\/www.europesays.com\/fr\/wp-json\/wp\/v2\/posts\/688824\/revisions"}],"wp:featuredmedia":[{"embeddable":true,"href":"https:\/\/www.europesays.com\/fr\/wp-json\/wp\/v2\/media\/688825"}],"wp:attachment":[{"href":"https:\/\/www.europesays.com\/fr\/wp-json\/wp\/v2\/media?parent=688824"}],"wp:term":[{"taxonomy":"category","embeddable":true,"href":"https:\/\/www.europesays.com\/fr\/wp-json\/wp\/v2\/categories?post=688824"},{"taxonomy":"post_tag","embeddable":true,"href":"https:\/\/www.europesays.com\/fr\/wp-json\/wp\/v2\/tags?post=688824"}],"curies":[{"name":"wp","href":"https:\/\/api.w.org\/{rel}","templated":true}]}}