{"id":688828,"date":"2026-01-25T19:31:19","date_gmt":"2026-01-25T19:31:19","guid":{"rendered":"https:\/\/www.europesays.com\/fr\/688828\/"},"modified":"2026-01-25T19:31:19","modified_gmt":"2026-01-25T19:31:19","slug":"en-direct-lille-strasbourg-le-losc-a-un-besoin-urgent-de-se-relancer-face-aux-alsaciens","status":"publish","type":"post","link":"https:\/\/www.europesays.com\/fr\/688828\/","title":{"rendered":"EN DIRECT &#8211; Lille-Strasbourg\u00a0: le LOSC a un besoin urgent de se relancer face aux Alsaciens"},"content":{"rendered":"<p class=\"fig-paragraph\">Le capitaine Benjamin Andr\u00e9 est donc absent pour ce match. Ethan Mbapp\u00e9 et Olivier Giroud sont quant \u00e0 eux bien l\u00e0 sur le front de l\u2019attaque. Ils seront accompagn\u00e9s du jeune Fernandez-Pardo, pas de surprise \u00e0 ce niveau-l\u00e0. La p\u00e9pite Bouaddi est \u00e9galement pr\u00e9sente.<\/p>\n<p class=\"fig-paragraph\"><strong>LOSC<\/strong>\u00a0: \u00d6zer &#8211; Santos, Mandi, Ngoy, Memba, Perraud &#8211; Bouaddi, Mukau, Mbapp\u00e9 &#8211; Fernandez-Pardo, Giroud<\/p>\n","protected":false},"excerpt":{"rendered":"Le capitaine Benjamin Andr\u00e9 est donc absent pour ce match. Ethan Mbapp\u00e9 et Olivier Giroud sont quant \u00e0&hellip;\n","protected":false},"author":2,"featured_media":688829,"comment_status":"","ping_status":"","sticky":false,"template":"","format":"standard","meta":{"footnotes":""},"categories":[2820],"tags":[1111,11,525,1981,814,1777,674,2257,63,1011,27,775,3309,66,1307,2267,955,12,1176,978,93,4448,25,1980,640],"class_list":{"0":"post-688828","1":"post","2":"type-post","3":"status-publish","4":"format-standard","5":"has-post-thumbnail","7":"category-strasbourg","8":"tag-actu","9":"tag-actualites","10":"tag-calendrier","11":"tag-classement","12":"tag-direct","13":"tag-eu","14":"tag-europe","15":"tag-foot","16":"tag-football","17":"tag-fr","18":"tag-france","19":"tag-grand-est","20":"tag-l1","21":"tag-ligue-1","22":"tag-lille","23":"tag-losc","24":"tag-match","25":"tag-news","26":"tag-olympique-de-marseille","27":"tag-olympique-lyonnais","28":"tag-psg","29":"tag-rc-strasbourg","30":"tag-republique-francaise","31":"tag-resultats","32":"tag-strasbourg"},"share_on_mastodon":{"url":"https:\/\/pubeurope.com\/@fr\/115957405062060180","error":""},"_links":{"self":[{"href":"https:\/\/www.europesays.com\/fr\/wp-json\/wp\/v2\/posts\/688828","targetHints":{"allow":["GET"]}}],"collection":[{"href":"https:\/\/www.europesays.com\/fr\/wp-json\/wp\/v2\/posts"}],"about":[{"href":"https:\/\/www.europesays.com\/fr\/wp-json\/wp\/v2\/types\/post"}],"author":[{"embeddable":true,"href":"https:\/\/www.europesays.com\/fr\/wp-json\/wp\/v2\/users\/2"}],"replies":[{"embeddable":true,"href":"https:\/\/www.europesays.com\/fr\/wp-json\/wp\/v2\/comments?post=688828"}],"version-history":[{"count":0,"href":"https:\/\/www.europesays.com\/fr\/wp-json\/wp\/v2\/posts\/688828\/revisions"}],"wp:featuredmedia":[{"embeddable":true,"href":"https:\/\/www.europesays.com\/fr\/wp-json\/wp\/v2\/media\/688829"}],"wp:attachment":[{"href":"https:\/\/www.europesays.com\/fr\/wp-json\/wp\/v2\/media?parent=688828"}],"wp:term":[{"taxonomy":"category","embeddable":true,"href":"https:\/\/www.europesays.com\/fr\/wp-json\/wp\/v2\/categories?post=688828"},{"taxonomy":"post_tag","embeddable":true,"href":"https:\/\/www.europesays.com\/fr\/wp-json\/wp\/v2\/tags?post=688828"}],"curies":[{"name":"wp","href":"https:\/\/api.w.org\/{rel}","templated":true}]}}