{"id":688847,"date":"2026-01-25T19:43:10","date_gmt":"2026-01-25T19:43:10","guid":{"rendered":"https:\/\/www.europesays.com\/fr\/688847\/"},"modified":"2026-01-25T19:43:10","modified_gmt":"2026-01-25T19:43:10","slug":"ne-nous-trompons-pas-de-cible-dans-notre-guerre-contre-les-trafics-a-marseille-estime-lancien-depute-philippe-san-marco","status":"publish","type":"post","link":"https:\/\/www.europesays.com\/fr\/688847\/","title":{"rendered":"\u00ab\u00a0Ne nous trompons pas de cible dans notre guerre contre les trafics \u00e0 Marseille\u00a0\u00bb, estime l&rsquo;ancien d\u00e9put\u00e9 Philippe San Marco"},"content":{"rendered":"<p>Les trag\u00e9dies permanentes qui <a href=\"https:\/\/www.laprovence.com\/article\/faits-divers-justice\/17044553611439\/mort-dun-homme-a-belsunce-sous-fond-de-narcotrafic-a-marseille-habitants-et-commercants-craignent-une-balle-perdue\" target=\"_blank\" rel=\"noopener\">ensanglantent Marseille <\/a>conduisent certains \u00e0 promouvoir une r\u00e9ponse polici\u00e8re exceptionnelle, voire \u00e0 envoyer l&rsquo;arm\u00e9e dans les cit\u00e9s. Cet appel est un constat d&rsquo;impuissance devant l&rsquo;\u00e9chec de tous les efforts faits depuis des ann\u00e9es. Il est vrai que la situation est inqui\u00e9tante et que plusieurs quartiers sont dans un processus de d\u00e9qualification. Pourtant il est mensonger de dire que rien n&rsquo;a \u00e9t\u00e9 fait. Des sommes consid\u00e9rables ont \u00e9t\u00e9 d\u00e9pens\u00e9es. Si le r\u00e9sultat est d\u00e9cevant, c&rsquo;est donc bien qu&rsquo;il ne s&rsquo;agit pas seulement de moyens financiers ni de bonne volont\u00e9. Refuser l&rsquo;\u00e9vocation d&rsquo;un appel \u00e0 l&rsquo;arm\u00e9e exige donc de reprendre un par un tous les dispositifs publics dont la d\u00e9faillance est patente.<\/p>\n<p>La R\u00e9publique par nature est celle de l&rsquo;inclusion<\/p>\n<p>Certes, la r\u00e9pression des trafics en tous genres rel\u00e8ve des services de police et de la justice de l&rsquo;\u00c9tat. Ils sont loin d&rsquo;avoir les r\u00e9sultats attendus et leur effort doit donc se poursuivre et s&rsquo;amplifier. Mais en rester l\u00e0, c&rsquo;est se cacher derri\u00e8re une \u00e9vidence et c&rsquo;est confondre les cons\u00e9quences avec les causes de la situation actuelle. Parmi les responsabilit\u00e9s qui ne rel\u00e8vent pas de la police, l&rsquo;aide personnalis\u00e9e au logement a conduit \u00e0 la concentration des pauvres, les destructions massives de grands ensembles ont aggrav\u00e9 la crise du logement social, l&rsquo;\u00e9chec retentissant de la r\u00e9habilitation du centre-ville de Marseille, le fait que<a href=\"https:\/\/www.laprovence.com\/article\/societe\/1929788472125814\/tu-te-retrouves-seul-sans-argent-ni-logement-une-greve-de-la-faim-pour-alerter-sur-la-difficulte-de-sortir-du-narcotrafic\" target=\"_blank\" rel=\"noopener\"> des enfants soient en dehors de leur domicile<\/a> la nuit, la s\u00e9gr\u00e9gation et la ghetto\u00efsation scolaires gangr\u00e8nent le syst\u00e8me,\u00a0etc.<\/p>\n<p>De m\u00eame, c&rsquo;est l&rsquo;immense tol\u00e9rance aux petites incivilit\u00e9s qui cr\u00e9e un espace pour une violence toujours plus grande. Aborder frontalement la question de la s\u00e9curit\u00e9 ne consiste donc pas \u00e0 se limiter \u00e0 des op\u00e9rations de maintien de l&rsquo;ordre ou de \u00ab\u00a0pacification\u00a0\u00bb spectaculaires. La R\u00e9publique par nature est celle de l&rsquo;inclusion, pas de l&rsquo;exclusion.<\/p>\n<p>Ceux qui veulent s&rsquo;exclure, et il y en a, ceux qui veulent consommer les avantages de notre syst\u00e8me social sans en assumer la charge, abuser des droits en se moquant des devoirs, ceux qui n&rsquo;adh\u00e8rent pas aux valeurs de ce pays et qui \u00ab\u00a0niquent la France\u00a0\u00bb, ceux-l\u00e0, qui sont bien minoritaires, sont l&rsquo;arbre qui cache la for\u00eat. Tant qu&rsquo;ils respectent les lois et l&rsquo;ordre public, tant mieux ou tant pis pour eux. Par contre, aucune d\u00e9viance ne doit \u00eatre tol\u00e9r\u00e9e au nom de soi-disant \u00ab\u00a0respect\u00a0\u00bb de traditions \u00e9trang\u00e8res aux n\u00f4tres. Quant aux voyous, tous \u00ab\u00a0bien connus des services de police\u00a0\u00bb, une guerre, oui, une guerre est en cours contre eux. Elle va \u00eatre longue. Mais ne nous trompons pas de cible. Si l&rsquo;on veut vraiment lutter contre les formes multiples de stigmatisation et d&rsquo;exclusion, mieux vaudrait ne pas sans arr\u00eat d\u00e9finir les gens par leur religion, la couleur de leur peau, leur origine, leur sexualit\u00e9, leur adresse,\u00a0etc. Et se limiter \u00e0 ce qu&rsquo;ils sont, \u00e0 ce qu&rsquo;ils font, \u00e0 leurs talents qu&rsquo;il faut valoriser ou \u00e0 leurs m\u00e9faits qu&rsquo;il faut punir, les leurs, pas ceux de leurs parents ou de leurs voisins.<\/p>\n<p>Tout peut s&rsquo;effondrer faute de valeurs communes<\/p>\n<p>Dans ce contexte, la pr\u00e9sence des responsables politiques lors des c\u00e9r\u00e9monies religieuses organis\u00e9es par certains cultes est contre-productive en ce qu&rsquo;elle reconna\u00eet des individus au travers d&rsquo;une appartenance suppos\u00e9e \u00e0 un groupe. \u00c0 l&rsquo;inverse, l&rsquo;affirmation visible de sa religion devient bien souvent la r\u00e9ponse au sentiment d&rsquo;exclusion, car il ne peut y avoir citoyennet\u00e9 ou civisme chez ceux qui se vivent comme les \u00ab\u00a0indig\u00e8nes de la R\u00e9publique\u00a0\u00bb. Le fait que la violence dans les rapports sociaux fasse partie de l&rsquo;\u00e9ducation de certains va-t-il n\u00e9cessiter que la police soit partout pr\u00e9sente, jour et nuit, dans les bureaux de poste, dans les bus,<a href=\"https:\/\/www.laprovence.com\/article\/region\/187533113802314\/face-au-narcotrafic-la-cite-de-la-cayolle-dans-le-sud-de-marseille-en-equilibre-instable\" target=\"_blank\" rel=\"noopener\"> dans les \u00e9coles et les coll\u00e8ges<\/a>, dans les h\u00f4pitaux\u00a0? Police ou pas, tout peut s&rsquo;effondrer faute de valeurs communes, faute de l&rsquo;envie de fabriquer ensemble un avenir commun pour nos enfants, faute d&rsquo;aimer la R\u00e9publique et ses symboles que sont sa devise, l&rsquo;hymne national et le drapeau tricolore.<\/p>\n","protected":false},"excerpt":{"rendered":"Les trag\u00e9dies permanentes qui ensanglantent Marseille conduisent certains \u00e0 promouvoir une r\u00e9ponse polici\u00e8re exceptionnelle, voire \u00e0 envoyer l&rsquo;arm\u00e9e&hellip;\n","protected":false},"author":2,"featured_media":688848,"comment_status":"","ping_status":"","sticky":false,"template":"","format":"standard","meta":{"footnotes":""},"categories":[2814],"tags":[5734,1111,11,48090,1446,1777,674,1011,27,12347,884,16285,12,14455,3946,5261,882,25,5431],"class_list":{"0":"post-688847","1":"post","2":"type-post","3":"status-publish","4":"format-standard","5":"has-post-thumbnail","7":"category-marseille","8":"tag-5734","9":"tag-actu","10":"tag-actualites","11":"tag-cible","12":"tag-dans","13":"tag-eu","14":"tag-europe","15":"tag-fr","16":"tag-france","17":"tag-idees-et-opinions","18":"tag-marseille","19":"tag-ne","20":"tag-news","21":"tag-notre","22":"tag-nous","23":"tag-pas","24":"tag-provence-alpes-cote-dazur","25":"tag-republique-francaise","26":"tag-trompons"},"share_on_mastodon":{"url":"https:\/\/pubeurope.com\/@fr\/115957452194222521","error":""},"_links":{"self":[{"href":"https:\/\/www.europesays.com\/fr\/wp-json\/wp\/v2\/posts\/688847","targetHints":{"allow":["GET"]}}],"collection":[{"href":"https:\/\/www.europesays.com\/fr\/wp-json\/wp\/v2\/posts"}],"about":[{"href":"https:\/\/www.europesays.com\/fr\/wp-json\/wp\/v2\/types\/post"}],"author":[{"embeddable":true,"href":"https:\/\/www.europesays.com\/fr\/wp-json\/wp\/v2\/users\/2"}],"replies":[{"embeddable":true,"href":"https:\/\/www.europesays.com\/fr\/wp-json\/wp\/v2\/comments?post=688847"}],"version-history":[{"count":0,"href":"https:\/\/www.europesays.com\/fr\/wp-json\/wp\/v2\/posts\/688847\/revisions"}],"wp:featuredmedia":[{"embeddable":true,"href":"https:\/\/www.europesays.com\/fr\/wp-json\/wp\/v2\/media\/688848"}],"wp:attachment":[{"href":"https:\/\/www.europesays.com\/fr\/wp-json\/wp\/v2\/media?parent=688847"}],"wp:term":[{"taxonomy":"category","embeddable":true,"href":"https:\/\/www.europesays.com\/fr\/wp-json\/wp\/v2\/categories?post=688847"},{"taxonomy":"post_tag","embeddable":true,"href":"https:\/\/www.europesays.com\/fr\/wp-json\/wp\/v2\/tags?post=688847"}],"curies":[{"name":"wp","href":"https:\/\/api.w.org\/{rel}","templated":true}]}}