{"id":688869,"date":"2026-01-25T19:55:13","date_gmt":"2026-01-25T19:55:13","guid":{"rendered":"https:\/\/www.europesays.com\/fr\/688869\/"},"modified":"2026-01-25T19:55:13","modified_gmt":"2026-01-25T19:55:13","slug":"tensions-avec-la-police-de-limmigration-aux-usa-les-valeurs-fondamentales-aux-etats-unis-sont-attaquees-denonce-obama","status":"publish","type":"post","link":"https:\/\/www.europesays.com\/fr\/688869\/","title":{"rendered":"Tensions avec la police de l&rsquo;immigration aux USA: les valeurs fondamentales aux \u00c9tats-Unis sont \u00ab\u00a0attaqu\u00e9es\u00a0\u00bb, d\u00e9nonce Obama"},"content":{"rendered":"<p class=\"ap-StoryElement ap-StoryElement--mb ap-StoryText\">\u00ab\u00a0Il revient \u00e0 chaque citoyen de s&rsquo;\u00e9lever contre l&rsquo;injustice, de prot\u00e9ger nos libert\u00e9s fondamentales, et de faire rendre des comptes \u00e0 notre gouvernement\u00a0\u00bb, \u00e9crit le d\u00e9mocrate dans un communiqu\u00e9 o\u00f9 il critique en outre l&rsquo;administration Trump, \u00ab\u00a0empress\u00e9e de faire escalader la situation\u00a0\u00bb.<\/p>\n<p class=\"ap-StoryElement ap-StoryElement--mb ap-StoryText\">Selon Barack Obama, accompagn\u00e9 de son \u00e9pouse Michelle qui signe \u00e9galement ce communiqu\u00e9, les explications de l&rsquo;administration Trump sur les d\u00e9c\u00e8s d&rsquo;Alex Pretti et de Renee Good \u00ab\u00a0ne sont \u00e9tay\u00e9es par aucune enqu\u00eate s\u00e9rieuse, et semblent \u00eatre contredits par des preuves en vid\u00e9o\u00a0\u00bb.<\/p>\n","protected":false},"excerpt":{"rendered":"\u00ab\u00a0Il revient \u00e0 chaque citoyen de s&rsquo;\u00e9lever contre l&rsquo;injustice, de prot\u00e9ger nos libert\u00e9s fondamentales, et de faire rendre&hellip;\n","protected":false},"author":2,"featured_media":688870,"comment_status":"","ping_status":"","sticky":false,"template":"","format":"standard","meta":{"footnotes":""},"categories":[1589],"tags":[11,73,1866,12,1072,1864,1865,1863,308,809],"class_list":{"0":"post-688869","1":"post","2":"type-post","3":"status-publish","4":"format-standard","5":"has-post-thumbnail","7":"category-etats-unis","8":"tag-actualites","9":"tag-etats-unis","10":"tag-etats-unis-damerique","11":"tag-news","12":"tag-police","13":"tag-united-states","14":"tag-united-states-of-america","15":"tag-us","16":"tag-usa","17":"tag-violence"},"share_on_mastodon":{"url":"https:\/\/pubeurope.com\/@fr\/115957499403131060","error":""},"_links":{"self":[{"href":"https:\/\/www.europesays.com\/fr\/wp-json\/wp\/v2\/posts\/688869","targetHints":{"allow":["GET"]}}],"collection":[{"href":"https:\/\/www.europesays.com\/fr\/wp-json\/wp\/v2\/posts"}],"about":[{"href":"https:\/\/www.europesays.com\/fr\/wp-json\/wp\/v2\/types\/post"}],"author":[{"embeddable":true,"href":"https:\/\/www.europesays.com\/fr\/wp-json\/wp\/v2\/users\/2"}],"replies":[{"embeddable":true,"href":"https:\/\/www.europesays.com\/fr\/wp-json\/wp\/v2\/comments?post=688869"}],"version-history":[{"count":0,"href":"https:\/\/www.europesays.com\/fr\/wp-json\/wp\/v2\/posts\/688869\/revisions"}],"wp:featuredmedia":[{"embeddable":true,"href":"https:\/\/www.europesays.com\/fr\/wp-json\/wp\/v2\/media\/688870"}],"wp:attachment":[{"href":"https:\/\/www.europesays.com\/fr\/wp-json\/wp\/v2\/media?parent=688869"}],"wp:term":[{"taxonomy":"category","embeddable":true,"href":"https:\/\/www.europesays.com\/fr\/wp-json\/wp\/v2\/categories?post=688869"},{"taxonomy":"post_tag","embeddable":true,"href":"https:\/\/www.europesays.com\/fr\/wp-json\/wp\/v2\/tags?post=688869"}],"curies":[{"name":"wp","href":"https:\/\/api.w.org\/{rel}","templated":true}]}}