{"id":688876,"date":"2026-01-25T19:59:12","date_gmt":"2026-01-25T19:59:12","guid":{"rendered":"https:\/\/www.europesays.com\/fr\/688876\/"},"modified":"2026-01-25T19:59:12","modified_gmt":"2026-01-25T19:59:12","slug":"la-russie-exclut-toute-negociation-avec-lue-et-cible-une-personne-avec-elle-nous-ne-negocierons-jamais-quoi-que-ce-soit","status":"publish","type":"post","link":"https:\/\/www.europesays.com\/fr\/688876\/","title":{"rendered":"La Russie exclut toute n\u00e9gociation avec l&rsquo;UE et cible une personne : \u00ab\u00a0Avec elle, nous ne n\u00e9gocierons jamais quoi que ce soit\u00a0\u00bb"},"content":{"rendered":"<p class=\"ap-StoryElement ap-StoryElement--mb ap-StoryText\">Le porte-parole du pr\u00e9sident russe Vladimir Poutine a surtout cibl\u00e9 la cheffe de la diplomatie europ\u00e9enne Kaja Kallas, qui est sur la liste noire de Moscou depuis son mandat de Premi\u00e8re ministre en Estonie. \u00ab\u00a0Avec elle, nous ne n\u00e9gocierons jamais quoi que ce soit, pas plus que les Am\u00e9ricains\u00a0\u00bb, a affirm\u00e9 M. Peskov. Moscou attendrait qu&rsquo;elle quitte ses fonctions. Son mandat court jusqu&rsquo;en 2029.<\/p>\n<p><a href=\"https:\/\/www.dhnet.be\/actu\/edito\/2026\/01\/11\/poutine-le-stratege-qui-perd-tous-ses-pions-WJWIY4MMQRDR5OUFFO5XE2QLNE\/\" target=\"_self\" class=\"ap-StoryInterstitialLink ap-StoryElement ap-StoryElement--mb\" rel=\"noopener\">Poutine\u200a: le strat\u00e8ge qui perd tous ses pions<\/a><\/p>\n<p class=\"ap-StoryElement ap-StoryElement--mb ap-StoryText\">Les \u00c9tats-Unis, la Russie et l&rsquo;Ukraine n\u00e9gocient depuis plusieurs jours aux \u00c9mirats arabes unis afin de mettre fin \u00e0 la guerre en Ukraine, pr\u00e8s de quatre ans apr\u00e8s l&rsquo;invasion men\u00e9e par les troupes russes.<\/p>\n<p class=\"ap-StoryElement ap-StoryElement--mb ap-StoryText\">Le pr\u00e9sident fran\u00e7ais Emmanuel Macron et la Premi\u00e8re ministre Georgia Meloni, entre autres, ont sugg\u00e9r\u00e9 ces derni\u00e8res semaines que l&rsquo;Europe doit \u00e9galement reprendre contact avec la Russie pour \u00eatre directement impliqu\u00e9e dans les n\u00e9gociations de paix.<\/p>\n","protected":false},"excerpt":{"rendered":"Le porte-parole du pr\u00e9sident russe Vladimir Poutine a surtout cibl\u00e9 la cheffe de la diplomatie europ\u00e9enne Kaja Kallas,&hellip;\n","protected":false},"author":2,"featured_media":688877,"comment_status":"","ping_status":"","sticky":false,"template":"","format":"standard","meta":{"footnotes":""},"categories":[1586],"tags":[11,2120,7714,73,1777,674,1779,1011,27,1146,12,25,132,1778,220,364],"class_list":{"0":"post-688876","1":"post","2":"type-post","3":"status-publish","4":"format-standard","5":"has-post-thumbnail","7":"category-europe","8":"tag-actualites","9":"tag-conflit","10":"tag-emirats-arabes-unis","11":"tag-etats-unis","12":"tag-eu","13":"tag-europe","14":"tag-european-union","15":"tag-fr","16":"tag-france","17":"tag-guerre","18":"tag-news","19":"tag-republique-francaise","20":"tag-russie","21":"tag-ue","22":"tag-ukraine","23":"tag-union-europeenne"},"share_on_mastodon":{"url":"https:\/\/pubeurope.com\/@fr\/115957515253850803","error":""},"_links":{"self":[{"href":"https:\/\/www.europesays.com\/fr\/wp-json\/wp\/v2\/posts\/688876","targetHints":{"allow":["GET"]}}],"collection":[{"href":"https:\/\/www.europesays.com\/fr\/wp-json\/wp\/v2\/posts"}],"about":[{"href":"https:\/\/www.europesays.com\/fr\/wp-json\/wp\/v2\/types\/post"}],"author":[{"embeddable":true,"href":"https:\/\/www.europesays.com\/fr\/wp-json\/wp\/v2\/users\/2"}],"replies":[{"embeddable":true,"href":"https:\/\/www.europesays.com\/fr\/wp-json\/wp\/v2\/comments?post=688876"}],"version-history":[{"count":0,"href":"https:\/\/www.europesays.com\/fr\/wp-json\/wp\/v2\/posts\/688876\/revisions"}],"wp:featuredmedia":[{"embeddable":true,"href":"https:\/\/www.europesays.com\/fr\/wp-json\/wp\/v2\/media\/688877"}],"wp:attachment":[{"href":"https:\/\/www.europesays.com\/fr\/wp-json\/wp\/v2\/media?parent=688876"}],"wp:term":[{"taxonomy":"category","embeddable":true,"href":"https:\/\/www.europesays.com\/fr\/wp-json\/wp\/v2\/categories?post=688876"},{"taxonomy":"post_tag","embeddable":true,"href":"https:\/\/www.europesays.com\/fr\/wp-json\/wp\/v2\/tags?post=688876"}],"curies":[{"name":"wp","href":"https:\/\/api.w.org\/{rel}","templated":true}]}}