{"id":688882,"date":"2026-01-25T20:02:39","date_gmt":"2026-01-25T20:02:39","guid":{"rendered":"https:\/\/www.europesays.com\/fr\/688882\/"},"modified":"2026-01-25T20:02:39","modified_gmt":"2026-01-25T20:02:39","slug":"la-france-arrete-le-capitaine-dun-bateau-russe-soupconne-de-transporter-du-petrole-2","status":"publish","type":"post","link":"https:\/\/www.europesays.com\/fr\/688882\/","title":{"rendered":"La France arr\u00eate le capitaine d&rsquo;un bateau russe soup\u00e7onn\u00e9 de transporter du p\u00e9trole"},"content":{"rendered":"<p class=\"mb-4 text-lg md:leading-8 break-words\">Le capitaine d&rsquo;un p\u00e9trolier intercept\u00e9 en M\u00e9diterran\u00e9e par la marine fran\u00e7aise, soup\u00e7onn\u00e9 d&rsquo;avoir transport\u00e9 du p\u00e9trole en violation des sanctions contre la Russie, a \u00e9t\u00e9 mis en d\u00e9tention afin d\u2019\u00eatre interrog\u00e9 dimanche.<\/p>\n<p class=\"mb-4 text-lg md:leading-8 break-words\">Le capitaine indien du navire, \u00e2g\u00e9 de 58 ans, a \u00e9t\u00e9 remis aux autorit\u00e9s judiciaires apr\u00e8s le d\u00e9tournement du p\u00e9trolier Grinch et son arriv\u00e9e au mouillage dans le golfe de Fos-sur-Mer, a indiqu\u00e9 le parquet de Marseille dans un communiqu\u00e9.<\/p>\n<p class=\"mb-4 text-lg md:leading-8 break-words\">L&rsquo;enqu\u00eate est men\u00e9e par la brigade maritime de Toulon, en collaboration avec le centre de s\u00e9curit\u00e9 maritime de Marseille, pour non-respect du pavillon, selon le communiqu\u00e9, qui ajoute que l&rsquo;\u00e9quipage, \u00e9galement de nationalit\u00e9 indienne, est retenu \u00e0 bord.<\/p>\n<p class=\"mb-4 text-lg md:leading-8 break-words\">\u00abL&rsquo;enqu\u00eate a pour but de v\u00e9rifier la validit\u00e9 du pavillon arbor\u00e9 par le p\u00e9trolier et les documents requis pour sa navigation\u00bb, pr\u00e9cise le communiqu\u00e9.<\/p>\n<p class=\"mb-4 text-lg md:leading-8 break-words\">Le Grinch venait de Mourmansk, dans le nord-ouest de la Russie, et est soup\u00e7onn\u00e9 de faire partie de la \u00abflotte fant\u00f4me\u00bb russe soumise \u00e0 des sanctions. Une vid\u00e9o fournie par l&rsquo;arm\u00e9e fran\u00e7aise au d\u00e9but de la semaine montrait des membres de la marine montant \u00e0 bord du navire depuis un h\u00e9licopt\u00e8re.<\/p>\n<p class=\"mb-4 text-lg md:leading-8 break-words\">La Russie utiliserait une flotte de plus de 400 navires pour contourner les sanctions li\u00e9es \u00e0 sa guerre contre l&rsquo;Ukraine. La France et d&rsquo;autres pays se sont engag\u00e9s \u00e0 s\u00e9vir.<\/p>\n<p class=\"mb-4 text-lg md:leading-8 break-words\">La flotte est compos\u00e9e de navires et de p\u00e9troliers vieillissants appartenant \u00e0 des entit\u00e9s opaques dont les adresses se trouvent dans des pays non sanctionn\u00e9s, et battant pavillon de ces pays.<\/p>\n<p class=\"mb-4 text-lg md:leading-8 break-words\">En septembre dernier, les forces navales fran\u00e7aises ont arraisonn\u00e9 un autre p\u00e9trolier au large de la c\u00f4te atlantique fran\u00e7aise, que le pr\u00e9sident Emmanuel Macron a \u00e9galement li\u00e9 \u00e0 la \u00abflotte fant\u00f4me\u00bb. Le pr\u00e9sident russe Vladimir Poutine a d\u00e9nonc\u00e9 cette interception, la qualifiant d\u2019\u00abacte de piraterie\u00bb.<\/p>\n<p class=\"mb-4 text-lg md:leading-8 break-words\">Le capitaine de ce p\u00e9trolier sera jug\u00e9 en f\u00e9vrier pour le refus pr\u00e9sum\u00e9 de coop\u00e9rer de son \u00e9quipage, selon les autorit\u00e9s judiciaires fran\u00e7aises.<\/p>\n<p class=\"mb-4 text-lg md:leading-8 break-words\">The Associated Press<\/p>\n","protected":false},"excerpt":{"rendered":"Le capitaine d&rsquo;un p\u00e9trolier intercept\u00e9 en M\u00e9diterran\u00e9e par la marine fran\u00e7aise, soup\u00e7onn\u00e9 d&rsquo;avoir transport\u00e9 du p\u00e9trole en violation&hellip;\n","protected":false},"author":2,"featured_media":688883,"comment_status":"","ping_status":"","sticky":false,"template":"","format":"standard","meta":{"footnotes":""},"categories":[4],"tags":[78541,11,3398,1011,27,2489,73453,54712,12,25,14136,33171],"class_list":{"0":"post-688882","1":"post","2":"type-post","3":"status-publish","4":"format-standard","5":"has-post-thumbnail","7":"category-france","8":"tag-acte-de-piraterie","9":"tag-actualites","10":"tag-capitaine","11":"tag-fr","12":"tag-france","13":"tag-la-russie","14":"tag-le-grinch","15":"tag-marine-francaise","16":"tag-news","17":"tag-republique-francaise","18":"tag-sanctions-contre-la-russie","19":"tag-securite-maritime"},"share_on_mastodon":{"url":"https:\/\/pubeurope.com\/@fr\/115957526840122038","error":""},"_links":{"self":[{"href":"https:\/\/www.europesays.com\/fr\/wp-json\/wp\/v2\/posts\/688882","targetHints":{"allow":["GET"]}}],"collection":[{"href":"https:\/\/www.europesays.com\/fr\/wp-json\/wp\/v2\/posts"}],"about":[{"href":"https:\/\/www.europesays.com\/fr\/wp-json\/wp\/v2\/types\/post"}],"author":[{"embeddable":true,"href":"https:\/\/www.europesays.com\/fr\/wp-json\/wp\/v2\/users\/2"}],"replies":[{"embeddable":true,"href":"https:\/\/www.europesays.com\/fr\/wp-json\/wp\/v2\/comments?post=688882"}],"version-history":[{"count":0,"href":"https:\/\/www.europesays.com\/fr\/wp-json\/wp\/v2\/posts\/688882\/revisions"}],"wp:featuredmedia":[{"embeddable":true,"href":"https:\/\/www.europesays.com\/fr\/wp-json\/wp\/v2\/media\/688883"}],"wp:attachment":[{"href":"https:\/\/www.europesays.com\/fr\/wp-json\/wp\/v2\/media?parent=688882"}],"wp:term":[{"taxonomy":"category","embeddable":true,"href":"https:\/\/www.europesays.com\/fr\/wp-json\/wp\/v2\/categories?post=688882"},{"taxonomy":"post_tag","embeddable":true,"href":"https:\/\/www.europesays.com\/fr\/wp-json\/wp\/v2\/tags?post=688882"}],"curies":[{"name":"wp","href":"https:\/\/api.w.org\/{rel}","templated":true}]}}