{"id":688892,"date":"2026-01-25T20:12:10","date_gmt":"2026-01-25T20:12:10","guid":{"rendered":"https:\/\/www.europesays.com\/fr\/688892\/"},"modified":"2026-01-25T20:12:10","modified_gmt":"2026-01-25T20:12:10","slug":"quand-les-medecins-ont-dit","status":"publish","type":"post","link":"https:\/\/www.europesays.com\/fr\/688892\/","title":{"rendered":"\u00ab\u00a0quand les m\u00e9decins ont dit\u2026\u00a0\u00bb &#8230;"},"content":{"rendered":"<p>EN BREF<\/p>\n<ul class=\"bloc_resume_post_list\">\n<li>La saison 21 de L\u00a0\u00bbamour est dans le pr\u00e9 a d\u00e9marr\u00e9 sur M6<br \/>\navec la diffusion des portraits des 14 agriculteurs et<br \/>\nagricultrices de cette nouvelle \u00e9dition.<\/li>\n<li>Parmi les candidats de cette saison se trouve Manon, la<br \/>\nbenjamine \u00e2g\u00e9e de 24 ans qui explique qu&rsquo;elle souffre d&rsquo;une maladie<br \/>\nrare.<\/li>\n<li>Face \u00e0 Karine Le Marchand, elle revient sur la fa\u00e7on dont<br \/>\nsa vie est impact\u00e9e par sa maladie.<\/li>\n<\/ul>\n<p>La saison 20 de L\u2019amour est dans le pr\u00e9 est \u00e0 peine termin\u00e9e<br \/>\nqu\u2019il est d\u00e9j\u00e0 temps de faire connaissance avec les nouveaux<br \/>\ncandidats. Eh oui, <strong>les portraits de la saison 21 sont en<br \/>\npleine diffusion sur M6<\/strong> et les plus curieux peuvent<br \/>\nd\u00e9couvrir les \u00e9pisodes avec une semaine d\u2019avance sur M6+. Comme<br \/>\ntoujours, Karine Le Marchand va \u00e0 la rencontre des agriculteurs et<br \/>\nagricultrices en mal d\u2019amour &#8211; <a href=\"https:\/\/www.telestar.fr\/tele_realite\/lamour-est-dans-le-pre-pourquoi-karine-le-marchand-nest-elle-pas-allee-chez-certains-agriculteurs-1751402\" rel=\"noopener\" target=\"_blank\">m\u00eame si elle n\u2019a pas fait le d\u00e9placement pour tous les<br \/>\ncandidats<\/a> &#8211; et leur demande de se pr\u00e9senter mais aussi de<br \/>\npr\u00e9ciser ce qu\u2019ils recherchent chez une ou un partenaire.<\/p>\n<p>Parmi les inscrits de cette ann\u00e9e et <a href=\"https:\/\/www.telestar.fr\/actu_tv\/lamour-est-dans-le-pre-cette-drole-danecdote-sentimentale-qui-lie-les-deux-freres-agriculteurs-1750922\" target=\"_blank\" rel=\"noopener\"><br \/>\npour la premi\u00e8re fois dans l\u2019\u00e9mission, deux fr\u00e8res<\/a> participent<br \/>\n\u00e0 L\u2019amour est dans le pr\u00e9 en m\u00eame temps, Etienne et Fabien. Mais<br \/>\nleur histoire n\u2019est pas la seule qui risque de marquer les<br \/>\nt\u00e9l\u00e9spectateurs. En effet le parcours de <strong>la benjamine de la<br \/>\nsaison, Manon<\/strong>, devrait en marquer plus d\u2019un. La jeune<br \/>\n\u00e9leveuse de chevaux de 24 ans d\u00e9voile dans son portrait qu\u2019elle est<br \/>\natteinte d\u2019une maladie grave : la mucoviscidose. Cette maladie est<br \/>\ncaract\u00e9ris\u00e9e par un mucus plus \u00e9pais que la normale chez les<br \/>\npersonnes atteintes, ce qui complique l\u2019\u00e9vacuation des germes.<\/p>\n<p>L\u2019amour est dans le pr\u00e9 : Manon se confie sur la<br \/>\nmucoviscidose<\/p>\n<p>Diagnostiqu\u00e9e \u00e0 l\u2019\u00e2ge de 3 ans, Manon explique avoir fait<br \/>\nbeaucoup de s\u00e9jours \u00e0 l\u2019h\u00f4pital quand elle \u00e9tait enfant. \u00ab\u00a0Quand<br \/>\nj\u2019\u00e9tais petite, j\u2019\u00e9tais souvent hospitalis\u00e9e parce que j\u2019attrapais<br \/>\ndes germes et des bact\u00e9ries. (&#8230;) A l\u2019\u00e9poque, les m\u00e9decins<br \/>\ndisaient que je ne d\u00e9passerais pas 18 ans. Quand les m\u00e9decins<br \/>\ndisaient \u00e0 ma m\u00e8re que de toute fa\u00e7on sa fille ne conna\u00eetrait pas<br \/>\nla vie adulte, c\u2019\u00e9tait vraiment compliqu\u00e9\u2026\u00a0\u00bb. Gr\u00e2ce aux progr\u00e8s<br \/>\nde la m\u00e9decine cependant, <strong>Manon suit un traitement qui lui<br \/>\npermet de vivre normalement<\/strong> et a m\u00eame r\u00e9ussi \u00e0 gagner 20%<br \/>\nde capacit\u00e9s respiratoires. \u00ab\u00a0J\u2019ai une vie beaucoup plus<br \/>\nnormale, et j\u2019ai juste deux cachets par jour \u00e0 prendre\u00a0\u00bb<br \/>\npr\u00e9cise-t-elle \u00e0 Karine Le Marchand.<\/p>\n<p>L\u2019\u00e9leveuse ajoute : \u00ab\u00a0Vu que je suis en ext\u00e9rieur tout le<br \/>\ntemps et que je fais du sport avec les chevaux, je n\u2019ai pas besoin<br \/>\nde kin\u00e9sith\u00e9rapie\u00a0\u00bb. Manon peut donc dire que ses journ\u00e9es sont<br \/>\nnormales, m\u00eame si elle fatigue un peu plus vite. De quoi rassurer<br \/>\nses pr\u00e9tendants potentiels qui peuvent lui \u00e9crire sans crainte. Et<br \/>\nsi Manon a tant progress\u00e9 au fil des ans, c\u2019est notamment<br \/>\n<strong>gr\u00e2ce au soutien de ses proches<\/strong> et des<br \/>\nassociations pour les personnes atteintes de mucoviscidose.<\/p>\n<p>Manon a rencontr\u00e9 la m\u00e8re de Gr\u00e9gory<br \/>\nLemarchal<\/p>\n<p>C\u2019est le cas de l\u2019association fond\u00e9e par les parents de <a href=\"https:\/\/www.telestar.fr\/tele_realite\/star-academy-gregory-lemarchal-le-premier-a-faire-des-conneries-malgre-la-maladie-qui-la-emporte-1699157\" target=\"_blank\" rel=\"noopener\"><br \/>\nGr\u00e9gory Lemarchal, gagnant de la Star Academy<\/a> en 2004 d\u00e9c\u00e9d\u00e9<br \/>\ndes suites de sa maladie. Manon explique en effet qu\u2019elle a<br \/>\nrencontr\u00e9 Laurence Lemarchal, la m\u00e8re du chanteur, et que<br \/>\n<strong>c\u2019est cette derni\u00e8re qui l\u2019a encourag\u00e9e \u00e0 poursuivre sa<br \/>\npassion.<\/strong> Gr\u00e2ce aux dons de plusieurs associations, la<br \/>\njeune femme a pu prendre des cours d\u2019\u00e9quitation, passer des<br \/>\nconcours et avoir son premier cheval. \u00ab\u00a0Si j\u2019en suis l\u00e0, c\u2019est<br \/>\ngr\u00e2ce \u00e0 eux et aux dons\u00a0\u00bb conclut-elle. Des dons qu\u2019il est<br \/>\n<a href=\"https:\/\/don.association-gregorylemarchal.org\/\" rel=\"nofollow noopener\" target=\"_blank\">possible de faire juste ici<\/a> pour continuer de faire<br \/>\nprogresser la recherche.<\/p>\n","protected":false},"excerpt":{"rendered":"EN BREF La saison 21 de L\u00a0\u00bbamour est dans le pr\u00e9 a d\u00e9marr\u00e9 sur M6 avec la diffusion&hellip;\n","protected":false},"author":2,"featured_media":688893,"comment_status":"","ping_status":"","sticky":false,"template":"","format":"standard","meta":{"footnotes":""},"categories":[1359],"tags":[548,58,59,1011,27,9307,973,65861],"class_list":{"0":"post-688892","1":"post","2":"type-post","3":"status-publish","4":"format-standard","5":"has-post-thumbnail","7":"category-people","8":"tag-article-simple","9":"tag-divertissement","10":"tag-entertainment","11":"tag-fr","12":"tag-france","13":"tag-lamour-est-dans-le-pre","14":"tag-people","15":"tag-trend"},"share_on_mastodon":{"url":"https:\/\/pubeurope.com\/@fr\/115957567383381035","error":""},"_links":{"self":[{"href":"https:\/\/www.europesays.com\/fr\/wp-json\/wp\/v2\/posts\/688892","targetHints":{"allow":["GET"]}}],"collection":[{"href":"https:\/\/www.europesays.com\/fr\/wp-json\/wp\/v2\/posts"}],"about":[{"href":"https:\/\/www.europesays.com\/fr\/wp-json\/wp\/v2\/types\/post"}],"author":[{"embeddable":true,"href":"https:\/\/www.europesays.com\/fr\/wp-json\/wp\/v2\/users\/2"}],"replies":[{"embeddable":true,"href":"https:\/\/www.europesays.com\/fr\/wp-json\/wp\/v2\/comments?post=688892"}],"version-history":[{"count":0,"href":"https:\/\/www.europesays.com\/fr\/wp-json\/wp\/v2\/posts\/688892\/revisions"}],"wp:featuredmedia":[{"embeddable":true,"href":"https:\/\/www.europesays.com\/fr\/wp-json\/wp\/v2\/media\/688893"}],"wp:attachment":[{"href":"https:\/\/www.europesays.com\/fr\/wp-json\/wp\/v2\/media?parent=688892"}],"wp:term":[{"taxonomy":"category","embeddable":true,"href":"https:\/\/www.europesays.com\/fr\/wp-json\/wp\/v2\/categories?post=688892"},{"taxonomy":"post_tag","embeddable":true,"href":"https:\/\/www.europesays.com\/fr\/wp-json\/wp\/v2\/tags?post=688892"}],"curies":[{"name":"wp","href":"https:\/\/api.w.org\/{rel}","templated":true}]}}