{"id":688921,"date":"2026-01-25T20:33:12","date_gmt":"2026-01-25T20:33:12","guid":{"rendered":"https:\/\/www.europesays.com\/fr\/688921\/"},"modified":"2026-01-25T20:33:12","modified_gmt":"2026-01-25T20:33:12","slug":"top-14-toulon-enchaine-contre-montpellier","status":"publish","type":"post","link":"https:\/\/www.europesays.com\/fr\/688921\/","title":{"rendered":"Top 14 : Toulon encha\u00eene contre Montpellier"},"content":{"rendered":"<p>Il faut remonter au mois de f\u00e9vrier 2025 pour retrouver trois victoires d&rsquo;affil\u00e9e du Rugby Club Toulonnais. Ce dimanche, devant son public, le club varois est venu \u00e0 bout de Montpellier (30-27) pour remporter un troisi\u00e8me match de rang apr\u00e8s ses deux succ\u00e8s en Champions Cup face au <a href=\"https:\/\/www.laprovence.com\/article\/sports\/37948347644736\/rugby-champions-cup-dans-la-douleur-toulon-simpose-contre-le-munster-et-disputera-un-match-couperet\" target=\"_blank\" rel=\"noopener\">Munster<\/a> et \u00e0 Gloucester. Un succ\u00e8s acquis dans la douleur par les hommes de Pierre Mignoni gr\u00e2ce notamment \u00e0 une nouvelle \u00e9tincelle de l&rsquo;ailier Ga\u00ebl Dr\u00e9an, auteur de douze essais cette saison et logiquement r\u00e9compens\u00e9 par une convocation en \u00e9quipe de France d\u00e8s ce lundi.<\/p>\n<p>\u00ab\u00a0Il y a beaucoup de soulagement car c&rsquo;\u00e9tait un match tr\u00e8s difficile, a assur\u00e9 le coach du RCT. C&rsquo;est une victoire significative car on n&rsquo;a pas abdiqu\u00e9 et on a fait preuve de caract\u00e8re.\u00a0\u00bb En effet, l&rsquo;\u00e9quipe varoise n&rsquo;a rien l\u00e2ch\u00e9 alors qu&rsquo;elle \u00e9tait men\u00e9e \u00e0 la pause (16-17) et qu&rsquo;elle a vu son adversaire revenir en fin de rencontre. Elle aurait m\u00eame pu conc\u00e9der un match nul ou une d\u00e9faite sans un ultime ballon vol\u00e9 en touche pour lib\u00e9rer le public du stade Mayol. \u00ab\u00a0On ne fait pas tout bien mais on s&rsquo;accroche et on reste solidaires, a repris le manager. Ce groupe s&rsquo;accroche jusqu&rsquo;au bout.\u00a0\u00bb<\/p>\n<p>Invaincu \u00e0 Mayol en Top 14 depuis le 15\u00a0juin\u00a02024<\/p>\n<p>Alors&#8230;<\/p>\n","protected":false},"excerpt":{"rendered":"Il faut remonter au mois de f\u00e9vrier 2025 pour retrouver trois victoires d&rsquo;affil\u00e9e du Rugby Club Toulonnais. Ce&hellip;\n","protected":false},"author":2,"featured_media":688922,"comment_status":"","ping_status":"","sticky":false,"template":"","format":"standard","meta":{"footnotes":""},"categories":[9619],"tags":[5734,1111,11,1444,4284,1777,674,1011,27,2208,12,882,25,479,60,3030,2310],"class_list":{"0":"post-688921","1":"post","2":"type-post","3":"status-publish","4":"format-standard","5":"has-post-thumbnail","7":"category-toulon","8":"tag-5734","9":"tag-actu","10":"tag-actualites","11":"tag-contre","12":"tag-enchaine","13":"tag-eu","14":"tag-europe","15":"tag-fr","16":"tag-france","17":"tag-montpellier","18":"tag-news","19":"tag-provence-alpes-cote-dazur","20":"tag-republique-francaise","21":"tag-rugby","22":"tag-sports","23":"tag-top","24":"tag-toulon"},"share_on_mastodon":{"url":"https:\/\/pubeurope.com\/@fr\/115957648820713664","error":""},"_links":{"self":[{"href":"https:\/\/www.europesays.com\/fr\/wp-json\/wp\/v2\/posts\/688921","targetHints":{"allow":["GET"]}}],"collection":[{"href":"https:\/\/www.europesays.com\/fr\/wp-json\/wp\/v2\/posts"}],"about":[{"href":"https:\/\/www.europesays.com\/fr\/wp-json\/wp\/v2\/types\/post"}],"author":[{"embeddable":true,"href":"https:\/\/www.europesays.com\/fr\/wp-json\/wp\/v2\/users\/2"}],"replies":[{"embeddable":true,"href":"https:\/\/www.europesays.com\/fr\/wp-json\/wp\/v2\/comments?post=688921"}],"version-history":[{"count":0,"href":"https:\/\/www.europesays.com\/fr\/wp-json\/wp\/v2\/posts\/688921\/revisions"}],"wp:featuredmedia":[{"embeddable":true,"href":"https:\/\/www.europesays.com\/fr\/wp-json\/wp\/v2\/media\/688922"}],"wp:attachment":[{"href":"https:\/\/www.europesays.com\/fr\/wp-json\/wp\/v2\/media?parent=688921"}],"wp:term":[{"taxonomy":"category","embeddable":true,"href":"https:\/\/www.europesays.com\/fr\/wp-json\/wp\/v2\/categories?post=688921"},{"taxonomy":"post_tag","embeddable":true,"href":"https:\/\/www.europesays.com\/fr\/wp-json\/wp\/v2\/tags?post=688921"}],"curies":[{"name":"wp","href":"https:\/\/api.w.org\/{rel}","templated":true}]}}