{"id":688999,"date":"2026-01-25T21:26:14","date_gmt":"2026-01-25T21:26:14","guid":{"rendered":"https:\/\/www.europesays.com\/fr\/688999\/"},"modified":"2026-01-25T21:26:14","modified_gmt":"2026-01-25T21:26:14","slug":"suisse-a-la-fondation-beyeler-de-bale-paul-cezanne-sexpose-en-80-oeuvres-rarement-vues","status":"publish","type":"post","link":"https:\/\/www.europesays.com\/fr\/688999\/","title":{"rendered":"Suisse. \u00c0 la Fondation Beyeler de B\u00e2le, Paul Cezanne s\u2019expose en 80 \u0153uvres rarement vues"},"content":{"rendered":"<p>Tout a certainement \u00e9t\u00e9 dit sur Paul Cezanne &#8211; enlever l\u2019accent de son patronyme semble d\u00e9sormais faire consensus, en fid\u00e9lit\u00e9 \u00e0 la mani\u00e8re qu\u2019avait l\u2019int\u00e9ress\u00e9 de l\u2019\u00e9crire et ainsi que le souhaitent ses descendants, la prononciation, elle, ne change pas. Il suffirait presque de mettre son nom sur une affiche pour faire \u00e9v\u00e9nement. Et pour cause, figure incontournable de l\u2019art moderne, il reste \u00ab\u00a0leur p\u00e8re \u00e0 tous\u00a0\u00bb, rappelle volontiers la Fondation Beyeler en citant Picasso.<\/p>\n<p>Mais que montrer\u00a0? Ulf K\u00fcster, conservateur et commissaire de l\u2019exposition, a choisi de resserrer le propos sur les derni\u00e8res ann\u00e9es du peintre, \u00e0 partir du milieu des ann\u00e9es 1880. Une&#8230;<\/p>\n","protected":false},"excerpt":{"rendered":"Tout a certainement \u00e9t\u00e9 dit sur Paul Cezanne &#8211; enlever l\u2019accent de son patronyme semble d\u00e9sormais faire consensus,&hellip;\n","protected":false},"author":2,"featured_media":689000,"comment_status":"","ping_status":"","sticky":false,"template":"","format":"standard","meta":{"footnotes":""},"categories":[1358],"tags":[2389,1348,1384,1385,1687,1386,58,59,2271,107,1011,27,5325,2798,4604,3067],"class_list":{"0":"post-688999","1":"post","2":"type-post","3":"status-publish","4":"format-standard","5":"has-post-thumbnail","7":"category-arts-et-design","8":"tag-alsace","9":"tag-arts","10":"tag-arts-and-design","11":"tag-arts-et-design","12":"tag-culture-loisirs","13":"tag-design","14":"tag-divertissement","15":"tag-entertainment","16":"tag-exposition-arts-plastiques","17":"tag-fil-info","18":"tag-fr","19":"tag-france","20":"tag-galerie-media","21":"tag-galerie-photo","22":"tag-selection-abonne","23":"tag-suisse"},"share_on_mastodon":{"url":"https:\/\/pubeurope.com\/@fr\/115957857157760997","error":""},"_links":{"self":[{"href":"https:\/\/www.europesays.com\/fr\/wp-json\/wp\/v2\/posts\/688999","targetHints":{"allow":["GET"]}}],"collection":[{"href":"https:\/\/www.europesays.com\/fr\/wp-json\/wp\/v2\/posts"}],"about":[{"href":"https:\/\/www.europesays.com\/fr\/wp-json\/wp\/v2\/types\/post"}],"author":[{"embeddable":true,"href":"https:\/\/www.europesays.com\/fr\/wp-json\/wp\/v2\/users\/2"}],"replies":[{"embeddable":true,"href":"https:\/\/www.europesays.com\/fr\/wp-json\/wp\/v2\/comments?post=688999"}],"version-history":[{"count":0,"href":"https:\/\/www.europesays.com\/fr\/wp-json\/wp\/v2\/posts\/688999\/revisions"}],"wp:featuredmedia":[{"embeddable":true,"href":"https:\/\/www.europesays.com\/fr\/wp-json\/wp\/v2\/media\/689000"}],"wp:attachment":[{"href":"https:\/\/www.europesays.com\/fr\/wp-json\/wp\/v2\/media?parent=688999"}],"wp:term":[{"taxonomy":"category","embeddable":true,"href":"https:\/\/www.europesays.com\/fr\/wp-json\/wp\/v2\/categories?post=688999"},{"taxonomy":"post_tag","embeddable":true,"href":"https:\/\/www.europesays.com\/fr\/wp-json\/wp\/v2\/tags?post=688999"}],"curies":[{"name":"wp","href":"https:\/\/api.w.org\/{rel}","templated":true}]}}