{"id":689005,"date":"2026-01-25T21:30:20","date_gmt":"2026-01-25T21:30:20","guid":{"rendered":"https:\/\/www.europesays.com\/fr\/689005\/"},"modified":"2026-01-25T21:30:20","modified_gmt":"2026-01-25T21:30:20","slug":"cocorico-ce-film-francais-se-classe-parmi-les-20-longs-metrages-les-plus-vus-sur-netflix-en-2025","status":"publish","type":"post","link":"https:\/\/www.europesays.com\/fr\/689005\/","title":{"rendered":"Cocorico, ce film fran\u00e7ais se classe parmi les 20 longs m\u00e9trages les plus vus sur Netflix en 2025"},"content":{"rendered":"<p>Ce film fran\u00e7ais se classe parmi les 20 longs m\u00e9trages les plus vus sur Netflix en 2025. Avec 80,3 millions de visionnages, il s\u2019agit donc du plus gros succ\u00e8s hexagonale sur la plateforme de streaming l&rsquo;an pass\u00e9.<\/p>\n<p>Avec 518,3 millions de visionnages,<a href=\"https:\/\/www.programme-tv.net\/news\/cinema\/396283-netflix-saurez-vous-deviner-quel-film-est-le-plus-vu-de-2025-avec-518-millions-de-visionnages\/\" data-api-deeplink=\"teleloisirs:\/\/news\/396283\" target=\"_blank\" rel=\"noopener\"> le film le plus vu de l&rsquo;ann\u00e9e dans le monde sur Netflix n&rsquo;est autre que K-Pop Demon Hunters<\/a>. Un succ\u00e8s qui laisse esp\u00e9rer qu&rsquo;une suite puisse bien voir le jour. Mais, pour le moment,<a href=\"https:\/\/www.programme-tv.net\/news\/cinema\/395483-k-pop-demon-hunters-2-pourquoi-la-suite-na-toujours-pas-ete-confirmee-par-netflix\/\" data-api-deeplink=\"teleloisirs:\/\/news\/395483\" target=\"_blank\" rel=\"noopener\"> le g\u00e9ant de la SVOD n&rsquo;a pas confirm\u00e9 de deuxi\u00e8me volet de K-Pop Demon Hunters <\/a>pour le moment. Le deuxi\u00e8me film le plus vu de l&rsquo;ann\u00e9e 2025 est Back in Action, qui signe le grand retour de <a href=\"https:\/\/www.programme-tv.net\/biographie\/14520-diaz-cameron\/\" data-link-people=\"38aa15b2-0873-4e64-bfb5-920c8dccb1de\" target=\"_blank\" rel=\"noopener\">Cameron Diaz<\/a> sur les \u00e9crans. La troisi\u00e8me marche du podium, elle, est occup\u00e9e par <a href=\"https:\/\/www.programme-tv.net\/news\/cinema\/384013-happy-gilmore-2-netflix-le-film-a-du-etre-reecrit-apres-la-mort-d-un-acteur\/\" data-api-deeplink=\"teleloisirs:\/\/news\/384013\" target=\"_blank\" rel=\"noopener\">Happy Gilmore 2, qui a d\u00fb \u00eatre r\u00e9\u00e9crit apr\u00e8s la mort d&rsquo;un com\u00e9dien.<\/a><\/p>\n<p>Quel est le film fran\u00e7ais qui a \u00e9t\u00e9 le plus vu dans le monde en 2025 sur Netflix ?<\/p>\n<p>Un seul film fran\u00e7ais figure parmi les 20 longs m\u00e9trages les plus vus sur Netflix au cours de l&rsquo;ann\u00e9e 2025. Il s&rsquo;agit d\u2019Ad Vitam, qui est \u00e0 la quatorzi\u00e8me place avec 80,3 millions de visionnages. Dans ce film, Guillaume Canet joue Franck Lazarev, qui doit retrouver sa femme L\u00e9o, kidnapp\u00e9e par un myst\u00e9rieux groupe d&rsquo;hommes arm\u00e9s. Ancien membre du GIGN, il est rattrap\u00e9 par son pass\u00e9 et se retrouve dans une affaire d&rsquo;\u00c9tat qui le d\u00e9passe totalement. <a href=\"https:\/\/www.programme-tv.net\/news\/cinema\/369020-exclu-une-suite-d-ad-vitam-avec-guillaume-canet-est-elle-possible-sur-netflix-la-reponse-cash-du-realisateur\/\" data-api-deeplink=\"teleloisirs:\/\/news\/369020\" target=\"_blank\" rel=\"noopener\">Avec un tel succ\u00e8s, le r\u00e9alisateur Rodolphe Lauga a \u00e9t\u00e9 interrog\u00e9 sur une suite \u00e9ventuelle et il a donn\u00e9 une r\u00e9ponse cash.<\/a><\/p>\n<p>Ad Vitam est, par cons\u00e9quent, num\u00e9ro un du classement des films fran\u00e7ais les plus vus de 2025 sur la plateforme de streaming Netflix. Mais qui sont les suivants ? Voici la r\u00e9ponse selon les calculs de T\u00e9l\u00e9-Loisirs, bas\u00e9s sur les rapports semestriels What We Watched d\u00e9voil\u00e9s par Netflix.<\/p>\n<p>Le classement des films fran\u00e7ais les plus vus sur Netflix dans le monde en 2025<\/p>\n<ol>\n<li>Ad Vitam, avec 80,3 millions de visionnages<\/li>\n<li>Balle perdue 3, avec 40,3 millions de visionnages<\/li>\n<li>Bastion 36, avec 35,7 de visionnages<\/li>\n<li>French Lover, avec 33,4 millions de visionnages<\/li>\n<li>Lune de miel avec ma m\u00e8re, avec 4,7 millions de visionnages<\/li>\n<li>Banger, avec 3,7 millions de visionnages<\/li>\n<\/ol>\n<p>Article \u00e9crit avec la collaboration de 6m\u00e9dias.<\/p>\n","protected":false},"excerpt":{"rendered":"Ce film fran\u00e7ais se classe parmi les 20 longs m\u00e9trages les plus vus sur Netflix en 2025. Avec&hellip;\n","protected":false},"author":2,"featured_media":689006,"comment_status":"","ping_status":"","sticky":false,"template":"","format":"standard","meta":{"footnotes":""},"categories":[1354],"tags":[78567,244,58,59,6214,1346,1011,27,12574,1360,127,1722,129],"class_list":{"0":"post-689005","1":"post","2":"type-post","3":"status-publish","4":"format-standard","5":"has-post-thumbnail","7":"category-films","8":"tag-ad-vitam","9":"tag-commentaire","10":"tag-divertissement","11":"tag-entertainment","12":"tag-film-netflix","13":"tag-films","14":"tag-fr","15":"tag-france","16":"tag-guillaume-canet","17":"tag-movies","18":"tag-netflix","19":"tag-pub-streaming-netflix","20":"tag-svod"},"share_on_mastodon":{"url":"https:\/\/pubeurope.com\/@fr\/115957873282715299","error":""},"_links":{"self":[{"href":"https:\/\/www.europesays.com\/fr\/wp-json\/wp\/v2\/posts\/689005","targetHints":{"allow":["GET"]}}],"collection":[{"href":"https:\/\/www.europesays.com\/fr\/wp-json\/wp\/v2\/posts"}],"about":[{"href":"https:\/\/www.europesays.com\/fr\/wp-json\/wp\/v2\/types\/post"}],"author":[{"embeddable":true,"href":"https:\/\/www.europesays.com\/fr\/wp-json\/wp\/v2\/users\/2"}],"replies":[{"embeddable":true,"href":"https:\/\/www.europesays.com\/fr\/wp-json\/wp\/v2\/comments?post=689005"}],"version-history":[{"count":0,"href":"https:\/\/www.europesays.com\/fr\/wp-json\/wp\/v2\/posts\/689005\/revisions"}],"wp:featuredmedia":[{"embeddable":true,"href":"https:\/\/www.europesays.com\/fr\/wp-json\/wp\/v2\/media\/689006"}],"wp:attachment":[{"href":"https:\/\/www.europesays.com\/fr\/wp-json\/wp\/v2\/media?parent=689005"}],"wp:term":[{"taxonomy":"category","embeddable":true,"href":"https:\/\/www.europesays.com\/fr\/wp-json\/wp\/v2\/categories?post=689005"},{"taxonomy":"post_tag","embeddable":true,"href":"https:\/\/www.europesays.com\/fr\/wp-json\/wp\/v2\/tags?post=689005"}],"curies":[{"name":"wp","href":"https:\/\/api.w.org\/{rel}","templated":true}]}}