{"id":689011,"date":"2026-01-25T21:33:10","date_gmt":"2026-01-25T21:33:10","guid":{"rendered":"https:\/\/www.europesays.com\/fr\/689011\/"},"modified":"2026-01-25T21:33:10","modified_gmt":"2026-01-25T21:33:10","slug":"a-peine-eliminee-sarah-va-deja-faire-son","status":"publish","type":"post","link":"https:\/\/www.europesays.com\/fr\/689011\/","title":{"rendered":"\u00e0 peine \u00e9limin\u00e9e, Sarah va (d\u00e9j\u00e0 !) faire son &#8230;"},"content":{"rendered":"<p>EN BREF<\/p>\n<ul class=\"bloc_resume_post_list\">\n<li>Le 18 octobre 2025, Nikos Aliagas et Karima Charni ont<br \/>\nlanc\u00e9 la nouvelle saison de la Star Academy sur TF1.<\/li>\n<li>L\u00e9a a \u00e9t\u00e9 pr\u00e9f\u00e9r\u00e9e \u00e0 Sarah lors de la premi\u00e8re<br \/>\ndemi-finale de la Star Academy 2025.<\/li>\n<li>Victor a choisi Sarah pour chanter en duo lors de la<br \/>\nseconde demi-finale, permettant son retour au ch\u00e2teau.<\/li>\n<\/ul>\n<p>Samedi 18 octobre 2025, Nikos Aliagas et Karima Charni ont<br \/>\npr\u00e9sent\u00e9 le <a href=\"https:\/\/www.telestar.fr\/tele_realite\/star-academy-2025-qui-sont-les-dix-sept-eleves-de-la-saison-1742154\" target=\"_blank\" rel=\"noopener\"><br \/>\nlancement de la nouvelle saison de la\u00a0Star Academy<\/a>\u00a0en<br \/>\nprime time sur TF1. \u00ab\u00a0Le ch\u00e2teau de la Star Academy rouvre ses<br \/>\nportes pour accueillir la promotion 2025 !\u00a0<strong>Ils ont<br \/>\nentre 18 et 25 ans.<\/strong>\u00a0Talentueux, passionn\u00e9s,<br \/>\nd\u00e9termin\u00e9s, ils ont d\u00e9croch\u00e9 leur place au ch\u00e2teau de<br \/>\nDammarie-les-Lys\u00a0\u00bb, avait tout d\u00a0\u00bbabord indiqu\u00e9 la premi\u00e8re<br \/>\ncha\u00eene dans un communiqu\u00e9.<\/p>\n<p>\u00ab\u00a0<strong>Qui succ\u00e9dera \u00e0 Marine<\/strong>, grande gagnante de<br \/>\nla saison 2024 avec son album d\u00e9j\u00e0 disque d&rsquo;or, et remportera un<br \/>\ncontrat d&rsquo;enregistrement exclusif avec Sony Music Entertainment<br \/>\nFrance, la production d&rsquo;un premier album, ainsi que 100.000 euros<br \/>\n?<br \/>Le compte \u00e0 rebours est lanc\u00e9&#8230; et le r\u00eave ne fait que<br \/>\ncommencer !\u00a0\u00bb, avait \u00e9galement soulign\u00e9 TF1.<\/p>\n<p>Star Academy 2025 : Sarah ne remportera pas le t\u00e9l\u00e9-crochet de<br \/>\nTF1<\/p>\n<p>\u00ab\u00a0<a href=\"https:\/\/www.telestar.fr\/tele_realite\/star-academy-michael-goldman-annonce-un-grand-changement-pour-les-evaluations-1742366\" target=\"_blank\" rel=\"noopener\">Michael<br \/>\nGoldman<\/a>\u00a0revient en tant que Directeur de la Star Academy<br \/>\npour la quatri\u00e8me ann\u00e9e. Il sera entour\u00e9 d&rsquo;une \u00e9quipe<br \/>\np\u00e9dagogique,\u00a0<strong>compos\u00e9e de cinq professeurs et deux<br \/>\nr\u00e9p\u00e9titrices.<\/strong>\u00a0Et il accueillera dans ses rangs deux<br \/>\nnouveaux professeurs reconnus dans leur domaine\u00a0\u00bb, avait par<br \/>\nailleurs ajout\u00e9 la premi\u00e8re cha\u00eene. Samedi 24 janvier 2026, Nikos<br \/>\nAliagas \u00e9tait aux commandes de la premi\u00e8re demi-finale de la Star<br \/>\nAcademy 2025 sur TF1.<\/p>\n<p>Ce jour-l\u00e0, L\u00e9a et Sarah se sont affront\u00e9es pour une place en<br \/>\nfinale. \u00c0 l&rsquo;issue du prime, <a href=\"https:\/\/www.telestar.fr\/actu_tv\/star-academy-2025-qui-de-lea-ou-sarah-est-la-premiere-qualifiee-pour-la-grande-finale-1751954\" target=\"_blank\" rel=\"noopener\"><br \/>\nle public a majoritairement vot\u00e9 pour L\u00e9a<\/a>, \u00e9liminant Sarah par<br \/>\nla m\u00eame occasion. La candidate a ensuite adress\u00e9 un message \u00e0 ses<br \/>\nfans sur le plateau de la Star Academy. \u00ab\u00a0Je vous vois<br \/>\ntous avec des petites t\u00eates toutes tristes&#8230; <strong>S\u2019il vous<br \/>\npla\u00eet, mettez un petit sourire<\/strong> car moi, je suis trop<br \/>\ncontente, arr\u00eatez d\u2019\u00eatre tristes\u00a0! Je veux voir des<br \/>\nsourires et j\u2019ai h\u00e2te de vous revoir\u00a0\u00bb, a-t-elle ainsi<br \/>\nlanc\u00e9.<\/p>\n<p>Victor va permettre \u00e0 Sarah de revenir<br \/>\ntr\u00e8s vite au ch\u00e2teau de Dammarie-les-Lys<\/p>\n<p>\u00ab\u00a0Je suis encore plus s\u00e9rieuse. J\u2019ai d\u00e9couvert que j\u2019adore<br \/>\napprendre et je me suis tellement amus\u00e9e tout au long de cette<br \/>\naventure. J\u2019ai juste h\u00e2te de chanter avec toute mon \u00e2me, tout mon<br \/>\n\u00eatre ! <strong>Je ressors grandie de cette \u00e9mission<\/strong>, j\u2019ai<br \/>\ntellement confiance en moi ! Et j\u2019adore la personne que je suis, ma<br \/>\nd\u00e9termination&#8230; Je pourrais pleurer ou \u00eatre triste mais je suis<br \/>\ntrop contente de mon aventure. D\u2019avoir fait autant de rencontres,<br \/>\nje peux \u00eatre copain-copine avec plein de gens !\u00a0\u00bb, a aussi<br \/>\nindiqu\u00e9 la demi-finaliste malheureuse de la Star Academy 2025.<\/p>\n<p>Cependant, Sarah va tr\u00e8s rapidement effectuer son retour au sein<br \/>\ndu ch\u00e2teau de Dammarie-les-Lys. Pour rappel, Victor et Ambre vont<br \/>\ns&rsquo;affronter durant la seconde demi-finale pr\u00e9vue le samedi 31<br \/>\njanvier 2026 sur TF1. Comme L\u00e9a et Sarah avant eux, ils auront la<br \/>\npossibilit\u00e9 de\u00a0chanter en duo avec l&rsquo;un de leurs anciens<br \/>\ncamarades de promotion. <strong>Victor a ainsi choisi<br \/>\nSarah<\/strong>. De son c\u00f4t\u00e9, Ambre a jet\u00e9 son d\u00e9volu sur Bastiaan,<br \/>\n\u00e9limin\u00e9 juste avant les demi-finales.<\/p>\n","protected":false},"excerpt":{"rendered":"EN BREF Le 18 octobre 2025, Nikos Aliagas et Karima Charni ont lanc\u00e9 la nouvelle saison de la&hellip;\n","protected":false},"author":2,"featured_media":689012,"comment_status":"","ping_status":"","sticky":false,"template":"","format":"standard","meta":{"footnotes":""},"categories":[8],"tags":[548,58,59,1011,27,199,65861],"class_list":{"0":"post-689011","1":"post","2":"type-post","3":"status-publish","4":"format-standard","5":"has-post-thumbnail","7":"category-divertissement","8":"tag-article-simple","9":"tag-divertissement","10":"tag-entertainment","11":"tag-fr","12":"tag-france","13":"tag-tf1","14":"tag-trend"},"share_on_mastodon":{"url":"https:\/\/pubeurope.com\/@fr\/115957884795533018","error":""},"_links":{"self":[{"href":"https:\/\/www.europesays.com\/fr\/wp-json\/wp\/v2\/posts\/689011","targetHints":{"allow":["GET"]}}],"collection":[{"href":"https:\/\/www.europesays.com\/fr\/wp-json\/wp\/v2\/posts"}],"about":[{"href":"https:\/\/www.europesays.com\/fr\/wp-json\/wp\/v2\/types\/post"}],"author":[{"embeddable":true,"href":"https:\/\/www.europesays.com\/fr\/wp-json\/wp\/v2\/users\/2"}],"replies":[{"embeddable":true,"href":"https:\/\/www.europesays.com\/fr\/wp-json\/wp\/v2\/comments?post=689011"}],"version-history":[{"count":0,"href":"https:\/\/www.europesays.com\/fr\/wp-json\/wp\/v2\/posts\/689011\/revisions"}],"wp:featuredmedia":[{"embeddable":true,"href":"https:\/\/www.europesays.com\/fr\/wp-json\/wp\/v2\/media\/689012"}],"wp:attachment":[{"href":"https:\/\/www.europesays.com\/fr\/wp-json\/wp\/v2\/media?parent=689011"}],"wp:term":[{"taxonomy":"category","embeddable":true,"href":"https:\/\/www.europesays.com\/fr\/wp-json\/wp\/v2\/categories?post=689011"},{"taxonomy":"post_tag","embeddable":true,"href":"https:\/\/www.europesays.com\/fr\/wp-json\/wp\/v2\/tags?post=689011"}],"curies":[{"name":"wp","href":"https:\/\/api.w.org\/{rel}","templated":true}]}}