{"id":689037,"date":"2026-01-25T21:52:54","date_gmt":"2026-01-25T21:52:54","guid":{"rendered":"https:\/\/www.europesays.com\/fr\/689037\/"},"modified":"2026-01-25T21:52:54","modified_gmt":"2026-01-25T21:52:54","slug":"pro-d2-le-retour-du-roi-steeve-blanc-mappaz-victorieux-dans-son-ancienne-maison","status":"publish","type":"post","link":"https:\/\/www.europesays.com\/fr\/689037\/","title":{"rendered":"Pro D2 &#8211; \u00ab\u00a0Le retour du roi Steeve\u00a0\u00bb : Blanc-Mappaz victorieux dans son ancienne maison"},"content":{"rendered":"<p>\n                Sans \u00eatre parfaits, les Bretons ont au moins su faire preuve d\u2019une belle ma\u00eetrise dans le money-time, au bout de 80 minutes durant lesquelles le choix de confier le capitanat \u00e0 l\u2019ex-leader is\u00e9rois Steeve Blanc-Mappaz n\u2019a \u00e9videmment pas \u00e9t\u00e9 anodin.<br \/>\u00a0\n            <\/p>\n<p>Le manager vannetais Jean-No\u00ebl Spitzer a \u00e9t\u00e9 le premier \u00e0 le reconna\u00eetre : oui, les quatre points de son \u00e9quipe \u00e9taient bien pay\u00e9s, au vu du sc\u00e9nario rocambolesque de cette rencontre. \u00ab\u00a0On ne peut pas dire que c\u2019est une victoire m\u00e9rit\u00e9e, il n\u2019y a pas un secteur o\u00f9 on a vraiment domin\u00e9. On aurait pu c\u00e9der mais on a r\u00e9ussi \u00e0 rester connect\u00e9s entre nous, \u00e0 d\u00e9faut d\u2019\u00eatre disciplin\u00e9s. On a \u00e9t\u00e9 p\u00e9nalis\u00e9s 18 fois. En g\u00e9n\u00e9ral, tu perds le match quand tu es p\u00e9nalis\u00e9 18 fois\u2026\u00a0\u00bb\u00a0Or, justement, les Bretons ont r\u00e9ussi \u00e0 surmonter cet \u00e9cueil. Et \u00e0 aller chercher la victoire \u00e0 15 contre 14, alors que le Stade des Alpes commen\u00e7ait \u00e0 s\u2019enflammer, preuve de ressources mentales r\u00e9elles. \u00ab\u00a0C\u2019est une force de cette \u00e9quipe, personne ne s\u2019affole\u00a0\u00bb, racontait le capitaine Steeve Blanc-Mappaz. \u00c0 la 76e, sous les poteaux, Pierre Boudehent a pris la parole en disant : \u00ab\u00a0Restons calmes, on va encore avoir une opportunit\u00e9.\u00a0Mike Ruru nous a aussi rassur\u00e9s. On tape le renvoi, on met une bonne pression et le ballon nous revient dans les mains. Et on score tout de suite\u2026 On a une moyenne d\u2019\u00e2ge assez \u00e9lev\u00e9e, des joueurs d\u2019exp\u00e9rience, et je pense que \u00e7a nous aide sur ces matchs comme \u00e7a, avec beaucoup d\u2019enjeux et beaucoup de pression.\u00a0\u00bb<\/p>\n<blockquote><p>\nSpitzer : \u00ab\u00a0Je voulais avoir la meilleure relation possible avec l\u2019arbitre\u00a0\u00bb\n<\/p><\/blockquote>\n<p>Un atout dont Spitzer \u00e9tait \u00e9videmment bien conscient, qui n\u2019avait pas par hasard fait de Blanc-Mappaz, historique capitaine du FCG, son leader pour la premi\u00e8re fois de la saison\u2026 \u00ab\u00a0Steeve, il a d\u00e9j\u00e0 \u00e9t\u00e9 capitaine \u00e0 Vannes avant de l\u2019\u00eatre \u00e0 Grenoble. Je serais idiot si je ne m\u2019appuyais pas sur lui. Sione (Kalamafoni, N.D.L.R.) \u00e9tait sur le banc et je voulais avoir la meilleure relation possible avec l\u2019arbitre. Steeve \u00e9tait le joueur le plus exp\u00e9riment\u00e9 que j\u2019avais. Ce choix \u00e9tait ind\u00e9pendant de l\u2019adversaire, c\u2019est juste lui qui s\u2019est impos\u00e9.\u00a0\u00bb\u00a0Le hasard ayant une dr\u00f4le de mani\u00e8re de faire les choses, Blanc-Mappaz a ainsi effectu\u00e9 son retour comme capitaine au Stade des Alpes sous la direction de M. Trainini, arbitre du fameux access-match Grenoble-Montpellier qui avait fait couler beaucoup d\u2019encre pour sa derni\u00e8re sous le maillot alpin. \u00ab\u00a0C\u2019est le premier truc que je me suis dit quand on a fait la pr\u00e9sentation du match, souriait Blanc-Mappaz. Quand j\u2019ai su que c\u2019\u00e9tait M. Trainini, je me suis dit que c\u2019\u00e9tait marrant, quand m\u00eame\u2026 Avoir un peu d\u2019exp\u00e9rience, \u00e7a peut toujours un peu aider vis-\u00e0-vis d\u2019eux.\u00a0\u00bb<\/p>\n<p>Choix manifestement gagnant, donc, que Blanc-Mappaz ne pouvait que savourer, malgr\u00e9 des pens\u00e9es toujours tourn\u00e9es envers ses ex-co\u00e9quipiers. \u00ab\u00a0J\u2019ai de la chance de vivre des moments pareils, prolongeait l\u2019int\u00e9ress\u00e9. Je ne pensais jamais revenir ici, mais le chemin \u00e9tait comme \u00e7a\u2026 J\u2019\u00e9tais tr\u00e8s content d\u2019\u00eatre l\u00e0 pour le centi\u00e8me match de Romain Trouilloud, d\u2019avoir une bonne petite bataille avec Anto Berruyer\u2026 Je sais la saison qu\u2019ils vivent, mais je sais aussi ce qu\u2019ils ont dans le ventre et ce qu\u2019ils sont capables de faire quand ils sont au pied du mur. Je leur souhaite juste de retrouver du plaisir et d\u2019accrocher ces phases finales.\u00a0\u00bb\u00a0Quand bien m\u00eame, dans cette optique, les Vannetais ont sacr\u00e9ment contrecarr\u00e9 les intentions des locaux\u2026<\/p>\n","protected":false},"excerpt":{"rendered":"Sans \u00eatre parfaits, les Bretons ont au moins su faire preuve d\u2019une belle ma\u00eetrise dans le money-time, au&hellip;\n","protected":false},"author":2,"featured_media":689038,"comment_status":"","ping_status":"","sticky":false,"template":"","format":"standard","meta":{"footnotes":""},"categories":[9566],"tags":[1111,11,2430,1777,674,1011,27,2731,12,2308,25,68796],"class_list":{"0":"post-689037","1":"post","2":"type-post","3":"status-publish","4":"format-standard","5":"has-post-thumbnail","7":"category-grenoble","8":"tag-actu","9":"tag-actualites","10":"tag-auvergne-rhone-alpes","11":"tag-eu","12":"tag-europe","13":"tag-fr","14":"tag-france","15":"tag-grenoble","16":"tag-news","17":"tag-pro-d2","18":"tag-republique-francaise","19":"tag-rugby-u00e0-xv"},"share_on_mastodon":{"url":"https:\/\/pubeurope.com\/@fr\/115957963373576163","error":""},"_links":{"self":[{"href":"https:\/\/www.europesays.com\/fr\/wp-json\/wp\/v2\/posts\/689037","targetHints":{"allow":["GET"]}}],"collection":[{"href":"https:\/\/www.europesays.com\/fr\/wp-json\/wp\/v2\/posts"}],"about":[{"href":"https:\/\/www.europesays.com\/fr\/wp-json\/wp\/v2\/types\/post"}],"author":[{"embeddable":true,"href":"https:\/\/www.europesays.com\/fr\/wp-json\/wp\/v2\/users\/2"}],"replies":[{"embeddable":true,"href":"https:\/\/www.europesays.com\/fr\/wp-json\/wp\/v2\/comments?post=689037"}],"version-history":[{"count":0,"href":"https:\/\/www.europesays.com\/fr\/wp-json\/wp\/v2\/posts\/689037\/revisions"}],"wp:featuredmedia":[{"embeddable":true,"href":"https:\/\/www.europesays.com\/fr\/wp-json\/wp\/v2\/media\/689038"}],"wp:attachment":[{"href":"https:\/\/www.europesays.com\/fr\/wp-json\/wp\/v2\/media?parent=689037"}],"wp:term":[{"taxonomy":"category","embeddable":true,"href":"https:\/\/www.europesays.com\/fr\/wp-json\/wp\/v2\/categories?post=689037"},{"taxonomy":"post_tag","embeddable":true,"href":"https:\/\/www.europesays.com\/fr\/wp-json\/wp\/v2\/tags?post=689037"}],"curies":[{"name":"wp","href":"https:\/\/api.w.org\/{rel}","templated":true}]}}