{"id":68904,"date":"2025-05-02T08:35:15","date_gmt":"2025-05-02T08:35:15","guid":{"rendered":"https:\/\/www.europesays.com\/fr\/68904\/"},"modified":"2025-05-02T08:35:15","modified_gmt":"2025-05-02T08:35:15","slug":"direct-basket-suivez-le-match-sluc-nancy","status":"publish","type":"post","link":"https:\/\/www.europesays.com\/fr\/68904\/","title":{"rendered":"Direct. Basket : suivez le match SLUC Nancy"},"content":{"rendered":"<p>        &#13;<br \/>\n        <a href=\"https:\/\/www.europesays.com\/fr\/wp-content\/uploads\/2025\/05\/image-1746108321.jpg\" title=\"Le classement de Betclic Elite.\" class=\"chocolat-image GA-tracking\" data-ga_type=\"click\" data-ga_category=\"D\u00e9tail\" data-ga_action=\"zoomer\" data-ga_label=\"agrandir image\">&#13;<br \/>\n            <img loading=\"lazy\" decoding=\"async\" src=\"https:\/\/www.europesays.com\/fr\/wp-content\/uploads\/2025\/05\/image-1746108321.jpg\" alt=\"Le classement de Betclic Elite.\"\/>&#13;<br \/>\n        <\/a>&#13;<br \/>\n                Le classement de Betclic Elite.&#13;<\/p>\n<p>A trois journ\u00e9es de la fin de la saison r\u00e9guli\u00e8re, le SLUC Nancy re\u00e7oit Nanterre (ce vendredi, 20h, \u00e0 Gentilly), avec la possibilit\u00e9 de faire un pas de g\u00e9ant en direction du play-in (places de 7 \u00e0 10), en cas de victoire.<br \/>Pour cela, les Nanc\u00e9iens devront montr\u00e9 un tout autre visage que lors du match aller, en d\u00e9cembre dernier (d\u00e9faite 97 \u00e0 75). Mais depuis, l&rsquo;eau a coul\u00e9 sous les ponts. Le SLUC n&rsquo;a plus conc\u00e9d\u00e9 deux d\u00e9faites cons\u00e9cutives en championnat depuis plus de trois mois&#8230;<br \/>Une belle occasion \u00e0 saisir, avant le d\u00e9placement \u00e0 Cholet (le 10 mai), puis la r\u00e9ception de Paris (le 17 mai)&#8230;\u00a0<\/p>\n","protected":false},"excerpt":{"rendered":"&#13; &#13; &#13; &#13; Le classement de Betclic Elite.&#13; A trois journ\u00e9es de la fin de la saison&hellip;\n","protected":false},"author":2,"featured_media":68905,"comment_status":"","ping_status":"","sticky":false,"template":"","format":"standard","meta":{"footnotes":""},"categories":[9635],"tags":[1111,11,1791,3545,1777,674,107,1701,1795,1011,27,775,3457,1702,12,25,11567,517,1700],"class_list":{"0":"post-68904","1":"post","2":"type-post","3":"status-publish","4":"format-standard","5":"has-post-thumbnail","7":"category-nancy","8":"tag-actu","9":"tag-actualites","10":"tag-basket-ball","11":"tag-direct-sport","12":"tag-eu","13":"tag-europe","14":"tag-fil-info","15":"tag-fil-info-sport","16":"tag-fil-web","17":"tag-fr","18":"tag-france","19":"tag-grand-est","20":"tag-meurthe-et-moselle","21":"tag-nancy","22":"tag-news","23":"tag-republique-francaise","24":"tag-sluc","25":"tag-sport","26":"tag-sport-lorrain"},"share_on_mastodon":{"url":"https:\/\/pubeurope.com\/@fr\/114437326294060092","error":""},"_links":{"self":[{"href":"https:\/\/www.europesays.com\/fr\/wp-json\/wp\/v2\/posts\/68904","targetHints":{"allow":["GET"]}}],"collection":[{"href":"https:\/\/www.europesays.com\/fr\/wp-json\/wp\/v2\/posts"}],"about":[{"href":"https:\/\/www.europesays.com\/fr\/wp-json\/wp\/v2\/types\/post"}],"author":[{"embeddable":true,"href":"https:\/\/www.europesays.com\/fr\/wp-json\/wp\/v2\/users\/2"}],"replies":[{"embeddable":true,"href":"https:\/\/www.europesays.com\/fr\/wp-json\/wp\/v2\/comments?post=68904"}],"version-history":[{"count":0,"href":"https:\/\/www.europesays.com\/fr\/wp-json\/wp\/v2\/posts\/68904\/revisions"}],"wp:featuredmedia":[{"embeddable":true,"href":"https:\/\/www.europesays.com\/fr\/wp-json\/wp\/v2\/media\/68905"}],"wp:attachment":[{"href":"https:\/\/www.europesays.com\/fr\/wp-json\/wp\/v2\/media?parent=68904"}],"wp:term":[{"taxonomy":"category","embeddable":true,"href":"https:\/\/www.europesays.com\/fr\/wp-json\/wp\/v2\/categories?post=68904"},{"taxonomy":"post_tag","embeddable":true,"href":"https:\/\/www.europesays.com\/fr\/wp-json\/wp\/v2\/tags?post=68904"}],"curies":[{"name":"wp","href":"https:\/\/api.w.org\/{rel}","templated":true}]}}