{"id":689041,"date":"2026-01-25T21:55:20","date_gmt":"2026-01-25T21:55:20","guid":{"rendered":"https:\/\/www.europesays.com\/fr\/689041\/"},"modified":"2026-01-25T21:55:20","modified_gmt":"2026-01-25T21:55:20","slug":"on-y-pensera-plus-tard-les-rennais-sinteressent-ils-aux-municipales","status":"publish","type":"post","link":"https:\/\/www.europesays.com\/fr\/689041\/","title":{"rendered":"\u00ab\u00a0On y pensera plus tard\u00a0\u00bb\u00a0: les Rennais s\u2019int\u00e9ressent-ils aux municipales\u00a0?"},"content":{"rendered":"<p>Apr\u00e8s l\u2019annonce en novembre dernier de sa volont\u00e9 \u00ab <a href=\"https:\/\/www.letelegramme.fr\/ille-et-vilaine\/rennes-35000\/le-moment-venu-je-serai-candidate-la-maire-de-rennes-nathalie-appere-ne-lance-pas-encore-sa-campagne-mais-6932148.php\" target=\"_blank\" rel=\"nofollow noopener\">d\u2019entrer en campagne en janvier<\/a> \u00bb, c\u2019est sans suspens que Nathalie App\u00e9r\u00e9 vient <a href=\"https:\/\/www.letelegramme.fr\/ille-et-vilaine\/rennes-35000\/en-attendant-lentree-de-nathalie-appere-dans-la-course-une-campagne-municipale-au-point-mort-a-rennes-6964797.php\" target=\"_blank\" rel=\"nofollow noopener\">d\u2019officialiser sa candidature<\/a> \u00e0 un troisi\u00e8me mandat \u00e0 la t\u00eate de la ville de Rennes. Un lancement de campagne qui devrait se faire d\u00e9but f\u00e9vrier lors d\u2019un meeting avec ses soutiens* pour pr\u00e9senter le projet d\u00e9fini et ses colistiers. Elle rejoint ainsi, enfin, <a href=\"https:\/\/www.letelegramme.fr\/ille-et-vilaine\/rennes-35000\/municipales-a-rennes-voici-les-sept-candidats-qui-croiseront-le-fer-dans-un-remake-de-2020-epice-de-quelques-nouveautes-6941327.php\" target=\"_blank\" rel=\"nofollow noopener\">les autres candidats<\/a> \u00e0 la mairie d\u00e9j\u00e0 d\u00e9clar\u00e9s : l\u2019\u00e9lu d\u2019opposition Charles Compagnon (Horizons), Marie Mesmeur (LFI), Thomas Rousseau (LR), Julien Masson (RN), Ulysse Rabatt\u00e9 pr\u00e9sident de l\u2019association Rennes commune n\u2019a pas eu l\u2019investiture des insoumis et Erell Duclos, communiste r\u00e9volutionnaire R\u00e9volution Permanente.<\/p>\n<p>\u00ab On ne pense pas vraiment aux \u00e9lections \u00bb<\/p>\n<p>\u00ab Si les acteurs de ces \u00e9lections sont mobilis\u00e9s depuis quelques semaines, les \u00e9lecteurs devraient, eux, s\u2019en pr\u00e9occuper qu\u2019\u00e0 partir de la mi-f\u00e9vrier, au moment o\u00f9 les m\u00e9dias auront relay\u00e9 les prises de position diff\u00e9rentes et que des clivages \u00e9mergeront. On commence \u00e0 voir un peu sur les r\u00e9seaux sociaux, dans la presse, une campagne qui se met en place mais qui reste pour l\u2019instant un peu lointaine pour les \u00e9lecteurs \u00bb explique Romain Pasquier, politologue et directeur de recherche au CNRS et \u00e0 Science Po Rennes. \u00c0 50 jours du premier tour du scrutin les \u00e9lecteurs rennais sont appel\u00e9s aux urnes, dans un contexte o\u00f9 la crise politique s\u2019est install\u00e9e dans l\u2019Hexagone et la situation internationale se durcit. De quoi, pour certains, revoir, pour l\u2019heure, les priorit\u00e9s. \u00ab Avec tout ce qui se passe dans le monde et en France, on ne sait pas vraiment o\u00f9 l\u2019on va. On ne pense pas vraiment aux \u00e9lections qui arrivent. On pense h\u00e9las \u00e0 2027 qui est encore loin et de coup les prochaines \u00e9lections municipales passent actuellement un peu \u00e0 travers les mailles du filet \u00bb explique Monique.<\/p>\n<p>\u00ab Pas le sujet du moment \u00bb<\/p>\n<p>Pour d\u2019autres malgr\u00e9 les consid\u00e9rations g\u00e9opolitiques actuelles le scrutin \u00e0 venir ne doit pas passer au second plan et suivent d\u00e9j\u00e0 les d\u00e9clarations des uns et des autres. \u00ab C\u2019est important d\u2019aller voter pour les municipales. Ce sont des \u00e9lections qui touchent plus directement la population. Il y a plein d\u2019enjeux qui en d\u00e9coulent pour les actions locales. J\u2019essaie de m\u2019informer d\u00e8s maintenant, m\u00eame si je sais d\u00e9j\u00e0 que mon choix est fait \u00bb explique Mathilde. Un int\u00e9r\u00eat pour ces \u00e9lections locales partag\u00e9 par Fran\u00e7oise et Claude : \u00ab On suit un peu pour l\u2019instant ce que disent les diff\u00e9rents candidats dans les m\u00e9dias. On lit aussi les tracts sur les march\u00e9s. Les d\u00e9cisions qui sont prises et qui touchent la vie quotidienne sont importantes pour tout le monde \u00bb. Wendy et Thibault, eux, se sentent loin de ces \u00e9lections : \u00ab On ne croit pas que la politique va changer notre vie. \u00c7a ne nous parle pas trop. En tout cas ce n\u2019est quelque chose qui nous questionne \u00e0 l\u2019heure actuelle. On pense s\u2019y int\u00e9resser que lorsque l\u2019on aura les programmes et les listes en main \u00bb. M\u00eame constat pour Aymeric : \u00ab Les \u00e9lections pour moi ce n\u2019est pas le sujet du moment. On y pensera plus tard. Je vote r\u00e9guli\u00e8rement, mais bon il n\u2019y a pas trop de suspens \u00bb.<\/p>\n<p>Un constat que pointe \u00e9galement Romain Pasquier pour ces prochaines \u00e9lections municipales : \u00ab Il n\u2019y aura pas de r\u00e9volution dans les villes bretonnes. On s\u2019attend \u00e0 pas mal de stabilit\u00e9 dans l\u2019Ouest de la France \u00bb. La campagne \u00e9lectorale qui \u00e9tait jusqu\u2019alors au point mort devrait pouvoir d\u00e9coller dans les jours \u00e0 venir avant les \u00e9lections qui se d\u00e9rouleront le 15 et le 22 mars prochain.<\/p>\n","protected":false},"excerpt":{"rendered":"Apr\u00e8s l\u2019annonce en novembre dernier de sa volont\u00e9 \u00ab d\u2019entrer en campagne en janvier \u00bb, c\u2019est sans suspens&hellip;\n","protected":false},"author":2,"featured_media":689042,"comment_status":"","ping_status":"","sticky":false,"template":"","format":"standard","meta":{"footnotes":"","_share_on_mastodon":"0"},"categories":[2821],"tags":[1111,11,829,765,1777,674,1011,27,848,12,584,25],"class_list":["post-689041","post","type-post","status-publish","format-standard","has-post-thumbnail","category-rennes","tag-actu","tag-actualites","tag-bretagne","tag-en-continu","tag-eu","tag-europe","tag-fr","tag-france","tag-ille-et-vilaine","tag-news","tag-rennes","tag-republique-francaise"],"share_on_mastodon":{"url":"https:\/\/pubeurope.com\/@fr\/115957971326888863","error":""},"_links":{"self":[{"href":"https:\/\/www.europesays.com\/fr\/wp-json\/wp\/v2\/posts\/689041","targetHints":{"allow":["GET"]}}],"collection":[{"href":"https:\/\/www.europesays.com\/fr\/wp-json\/wp\/v2\/posts"}],"about":[{"href":"https:\/\/www.europesays.com\/fr\/wp-json\/wp\/v2\/types\/post"}],"author":[{"embeddable":true,"href":"https:\/\/www.europesays.com\/fr\/wp-json\/wp\/v2\/users\/2"}],"replies":[{"embeddable":true,"href":"https:\/\/www.europesays.com\/fr\/wp-json\/wp\/v2\/comments?post=689041"}],"version-history":[{"count":0,"href":"https:\/\/www.europesays.com\/fr\/wp-json\/wp\/v2\/posts\/689041\/revisions"}],"wp:featuredmedia":[{"embeddable":true,"href":"https:\/\/www.europesays.com\/fr\/wp-json\/wp\/v2\/media\/689042"}],"wp:attachment":[{"href":"https:\/\/www.europesays.com\/fr\/wp-json\/wp\/v2\/media?parent=689041"}],"wp:term":[{"taxonomy":"category","embeddable":true,"href":"https:\/\/www.europesays.com\/fr\/wp-json\/wp\/v2\/categories?post=689041"},{"taxonomy":"post_tag","embeddable":true,"href":"https:\/\/www.europesays.com\/fr\/wp-json\/wp\/v2\/tags?post=689041"}],"curies":[{"name":"wp","href":"https:\/\/api.w.org\/{rel}","templated":true}]}}