{"id":689064,"date":"2026-01-25T22:08:12","date_gmt":"2026-01-25T22:08:12","guid":{"rendered":"https:\/\/www.europesays.com\/fr\/689064\/"},"modified":"2026-01-25T22:08:12","modified_gmt":"2026-01-25T22:08:12","slug":"une-femme-agresse-6-personnes-en-moins-dune-heure-et-casse-le-nez-dune-passante-sur-le-vieux-port-a-marseille","status":"publish","type":"post","link":"https:\/\/www.europesays.com\/fr\/689064\/","title":{"rendered":"Une femme agresse 6 personnes en moins d&rsquo;une heure et casse le nez d&rsquo;une passante sur le Vieux-Port \u00e0 Marseille"},"content":{"rendered":"<p>Le p\u00e9riple insens\u00e9 s&rsquo;est termin\u00e9 sur le Vieux-Port vers 7h du matin, ce samedi 24 janvier 2026, lorsque des policiers municipaux ont interpell\u00e9 une quadrag\u00e9naire qui venait de casser le nez d&rsquo;une passante sur le quai du Port apr\u00e8s avoir agress\u00e9 une demi-douzaine de personnes au cours de la nuit.<\/p>\n<p>Un peu plus t\u00f4t, c&rsquo;est d&rsquo;abord \u00e0 la gare Saint-Charles que la suspecte, v\u00eatue d&rsquo;une longue robe violette et dor\u00e9e, avait agress\u00e9 une autre femme, tentant de lui voler ses bagages pour finalement lui porter un coup de couteau au visage.<\/p>\n<p>Une demi-douzaine de victimes\u00a0<\/p>\n<p>Alors que les policiers du service de s\u00e9curisation des transports (SISTC) tentaient de la localiser, c&rsquo;est finalement sur le vieux-port que la femme en robe violette est r\u00e9apparue, se jetant encore sur plusieurs passants, toujours pour tenter de les d\u00e9pouiller. C&rsquo;est en s&rsquo;interposant apr\u00e8s avoir assist\u00e9 \u00e0 une agression qu&rsquo;une femme a eu le nez cass\u00e9. Localis\u00e9e par les agents du centre de supervision urbain et interpell\u00e9e sur le cours Jean-Ballard par une patrouille de policiers municipaux \u00a0\u00e0 scooter, la suspecte de 42 ans, qui avait tent\u00e9 de prendre la fuite, a \u00e9t\u00e9 amen\u00e9e au commissariat o\u00f9 six plaintes pour autant d&rsquo;agressions subies en moins d&rsquo;une heure ont \u00e9t\u00e9 d\u00e9pos\u00e9es.<\/p>\n<p>Le visage en sang, la derni\u00e8re victime a d\u00fb \u00eatre hospitalis\u00e9e.<\/p>\n<p>Plac\u00e9e en garde \u00e0 vue, la quadrag\u00e9naire s&rsquo;en est aussi longuement prise aux policiers, cibl\u00e9s par des jets d&rsquo;excr\u00e9ments dans les ge\u00f4les.<\/p>\n","protected":false},"excerpt":{"rendered":"Le p\u00e9riple insens\u00e9 s&rsquo;est termin\u00e9 sur le Vieux-Port vers 7h du matin, ce samedi 24 janvier 2026, lorsque&hellip;\n","protected":false},"author":2,"featured_media":689065,"comment_status":"","ping_status":"","sticky":false,"template":"","format":"standard","meta":{"footnotes":""},"categories":[2814],"tags":[5734,1111,11,8058,4440,1777,674,274,1294,1011,27,3838,884,379,12,3744,882,25,96],"class_list":{"0":"post-689064","1":"post","2":"type-post","3":"status-publish","4":"format-standard","5":"has-post-thumbnail","7":"category-marseille","8":"tag-5734","9":"tag-actu","10":"tag-actualites","11":"tag-agresse","12":"tag-dune","13":"tag-eu","14":"tag-europe","15":"tag-faits-divers-justice","16":"tag-femme","17":"tag-fr","18":"tag-france","19":"tag-heure","20":"tag-marseille","21":"tag-moins","22":"tag-news","23":"tag-personnes","24":"tag-provence-alpes-cote-dazur","25":"tag-republique-francaise","26":"tag-une"},"share_on_mastodon":{"url":"https:\/\/pubeurope.com\/@fr\/115958022395024533","error":""},"_links":{"self":[{"href":"https:\/\/www.europesays.com\/fr\/wp-json\/wp\/v2\/posts\/689064","targetHints":{"allow":["GET"]}}],"collection":[{"href":"https:\/\/www.europesays.com\/fr\/wp-json\/wp\/v2\/posts"}],"about":[{"href":"https:\/\/www.europesays.com\/fr\/wp-json\/wp\/v2\/types\/post"}],"author":[{"embeddable":true,"href":"https:\/\/www.europesays.com\/fr\/wp-json\/wp\/v2\/users\/2"}],"replies":[{"embeddable":true,"href":"https:\/\/www.europesays.com\/fr\/wp-json\/wp\/v2\/comments?post=689064"}],"version-history":[{"count":0,"href":"https:\/\/www.europesays.com\/fr\/wp-json\/wp\/v2\/posts\/689064\/revisions"}],"wp:featuredmedia":[{"embeddable":true,"href":"https:\/\/www.europesays.com\/fr\/wp-json\/wp\/v2\/media\/689065"}],"wp:attachment":[{"href":"https:\/\/www.europesays.com\/fr\/wp-json\/wp\/v2\/media?parent=689064"}],"wp:term":[{"taxonomy":"category","embeddable":true,"href":"https:\/\/www.europesays.com\/fr\/wp-json\/wp\/v2\/categories?post=689064"},{"taxonomy":"post_tag","embeddable":true,"href":"https:\/\/www.europesays.com\/fr\/wp-json\/wp\/v2\/tags?post=689064"}],"curies":[{"name":"wp","href":"https:\/\/api.w.org\/{rel}","templated":true}]}}