{"id":689081,"date":"2026-01-25T22:18:14","date_gmt":"2026-01-25T22:18:14","guid":{"rendered":"https:\/\/www.europesays.com\/fr\/689081\/"},"modified":"2026-01-25T22:18:14","modified_gmt":"2026-01-25T22:18:14","slug":"zelensky-reclame-davantage-de-defense-aerienne-alors-que-la-russie-plonge-kyiv-dans-le-froid-2","status":"publish","type":"post","link":"https:\/\/www.europesays.com\/fr\/689081\/","title":{"rendered":"Zelensky r\u00e9clame davantage de d\u00e9fense a\u00e9rienne alors que la Russie plonge Kyiv dans le froid"},"content":{"rendered":"<p class=\"mb-4 text-lg md:leading-8 break-words\">Le pr\u00e9sident ukrainien Volodymyr Zelensky a sollicit\u00e9 dimanche un renforcement de la d\u00e9fense a\u00e9rienne aupr\u00e8s de ses alli\u00e9s, alors que des centaines de b\u00e2timents \u00e0 Kyiv \u00e9taient priv\u00e9s de chauffage pour la deuxi\u00e8me journ\u00e9e cons\u00e9cutive, suite aux frappes russes et aux temp\u00e9ratures glaciales.<\/p>\n<p class=\"mb-4 text-lg md:leading-8 break-words\">La Russie a cibl\u00e9 les infrastructures \u00e9nerg\u00e9tiques ukrainiennes tout au long des presque quatre ann\u00e9es de guerre, mais Kyiv affirme que cet hiver a \u00e9t\u00e9 le plus difficile, avec des centaines de drones et de missiles russes submergeant les d\u00e9fenses a\u00e9riennes lors de gel\u00e9es particuli\u00e8rement intenses.<\/p>\n<p class=\"mb-4 text-lg md:leading-8 break-words\">\u00ab Rien que cette semaine, les Russes ont lanc\u00e9 plus de 1 700 drones d&rsquo;attaque, plus de 1 380 bombes a\u00e9riennes guid\u00e9es et 69 missiles de diff\u00e9rents types \u00bb, a d\u00e9clar\u00e9 le pr\u00e9sident \u00e0 son arriv\u00e9e \u00e0 Vilnius.<\/p>\n<p class=\"mb-4 text-lg md:leading-8 break-words\">\u00ab C&rsquo;est pourquoi des missiles pour les syst\u00e8mes de d\u00e9fense a\u00e9rienne sont n\u00e9cessaires quotidiennement, et nous continuons de travailler avec les \u00c9tats-Unis et l&rsquo;Europe pour assurer une meilleure protection de notre espace a\u00e9rien \u00bb, a-t-il ajout\u00e9.<\/p>\n<p class=\"mb-4 text-lg md:leading-8 break-words\">\u00ab Les principales cibles vis\u00e9es actuellement par la Russie sont nos infrastructures \u00e9nerg\u00e9tiques, critiques et r\u00e9sidentielles\u2026 Chaque frappe massive de la Russie peut \u00eatre d\u00e9vastatrice. C\u2019est pourquoi des missiles pour les syst\u00e8mes de d\u00e9fense a\u00e9rienne sont n\u00e9cessaires quotidiennement, et nous continuons de travailler avec les \u00c9tats-Unis et l\u2019Europe pour renforcer la protection de notre espace a\u00e9rien \u00bb, a d\u00e9clar\u00e9 Zelensky.<\/p>\n<p class=\"mb-4 text-lg md:leading-8 break-words\">Les bombardements russes ont particuli\u00e8rement touch\u00e9 Kyiv, for\u00e7ant un demi-million de personnes \u00e0 \u00e9vacuer.<\/p>\n<p class=\"mb-4 text-lg md:leading-8 break-words\">\u00ab \u00c0 Kyiv, 1 676 immeubles d&rsquo;habitation sont actuellement priv\u00e9s de chauffage suite \u00e0 l&rsquo;attaque ennemie du 24 janvier \u00bb, a d\u00e9clar\u00e9 le maire de la capitale ukrainienne Vitali Klitschko.<\/p>\n<p class=\"mb-4 text-lg md:leading-8 break-words\">Les temp\u00e9ratures glaciales et les frappes a\u00e9riennes r\u00e9p\u00e9t\u00e9es ont ralenti le travail des \u00e9quipes de r\u00e9paration qui s&rsquo;efforcent de r\u00e9tablir le chauffage et l&rsquo;\u00e9lectricit\u00e9.<\/p>\n<p>Comm\u00e9moration d&rsquo;une r\u00e9volte anti-tsariste<\/p>\n<p class=\"mb-4 text-lg md:leading-8 break-words\">\u00c0 Vilnius, Zelensky participait \u00e0 une c\u00e9r\u00e9monie comm\u00e9morant le soul\u00e8vement de 1863 en Pologne et en Lituanie contre la Russie tsariste.<\/p>\n<p class=\"mb-4 text-lg md:leading-8 break-words\">Le pr\u00e9sident ukrainien a \u00e9voqu\u00e9 le soutien au syst\u00e8me \u00e9nerg\u00e9tique ukrainien lors d&rsquo;une rencontre avec son homologue lituanien Gitanas Nauseda \u00e0 Vilnius.<\/p>\n<p class=\"mb-4 text-lg md:leading-8 break-words\">Zelensky a inform\u00e9 Nauseda de l&rsquo;\u00e9tat du syst\u00e8me \u00e9nerg\u00e9tique ukrainien apr\u00e8s les attaques russes et a \u00e9galement \u00e9voqu\u00e9 les besoins de l&rsquo;Ukraine en mati\u00e8re de durabilit\u00e9 \u00e9nerg\u00e9tique et de renforcement de sa d\u00e9fense a\u00e9rienne.<\/p>\n<p class=\"mb-4 text-lg md:leading-8 break-words\">Le pr\u00e9sident a exprim\u00e9 sa gratitude pour la d\u00e9cision de la Lituanie de faire don de pr\u00e8s d&rsquo;une centaine de g\u00e9n\u00e9rateurs \u00e0 des villes et des communaut\u00e9s ukrainiennes.<\/p>\n<p class=\"mb-4 text-lg md:leading-8 break-words\">Les dirigeants ont \u00e9galement \u00e9voqu\u00e9 la coop\u00e9ration militaire bilat\u00e9rale, les projets de d\u00e9fense conjoints et la coop\u00e9ration dans le cadre des programmes PURL et SAFE. Ils ont aussi discut\u00e9 de la proposition lituanienne d&rsquo;ouvrir une plateforme d&rsquo;exportation d&rsquo;armements \u00e0 Vilnius.<\/p>\n<p class=\"mb-4 text-lg md:leading-8 break-words\">Le pr\u00e9sident polonais Karol Nawrocki, \u00e9galement pr\u00e9sent, a \u00e9tabli un parall\u00e8le entre l&rsquo;invasion russe de l&rsquo;Ukraine et les luttes pass\u00e9es pour la libert\u00e9 men\u00e9es par les peuples de l&#8217;empire russe.<\/p>\n<p class=\"mb-4 text-lg md:leading-8 break-words\">\u00ab Le message de ces comm\u00e9morations est qu&rsquo;en nous tournant vers le pass\u00e9 pour trouver ce que nous avons en commun, il est plus facile aujourd&rsquo;hui d&rsquo;affronter les probl\u00e8mes qui nous attendent. Surtout \u00e0 l&rsquo;heure o\u00f9 l&rsquo;on observe une renaissance de la Russie imp\u00e9riale \u00bb, a d\u00e9clar\u00e9 son cabinet sur X.<\/p>\n<p class=\"mb-4 text-lg md:leading-8 break-words\">La Pologne et la Lituanie comptent parmi les plus fervents soutiens de Kyiv au sein de l&rsquo;Union europ\u00e9enne et ont r\u00e9cemment fourni des centaines de g\u00e9n\u00e9rateurs \u00e0 ce pays ravag\u00e9 par la guerre.<\/p>\n<p class=\"mb-4 text-lg md:leading-8 break-words\">Les pourparlers men\u00e9s sous l&rsquo;\u00e9gide des \u00c9tats-Unis entre la Russie et l&rsquo;Ukraine concernant le plan de Washington pour mettre fin \u00e0 la guerre se sont termin\u00e9s samedi sans avanc\u00e9e notable.<\/p>\n<p class=\"mb-4 text-lg md:leading-8 break-words\">Malgr\u00e9 tout, Zelensky a d\u00e9clar\u00e9 que les n\u00e9gociations \u00e9taient \u00ab constructives \u00bb et les deux parties ont convenu de se rencontrer \u00e0 nouveau \u00e0 Abou Dhabi la semaine prochaine.<\/p>\n","protected":false},"excerpt":{"rendered":"Le pr\u00e9sident ukrainien Volodymyr Zelensky a sollicit\u00e9 dimanche un renforcement de la d\u00e9fense a\u00e9rienne aupr\u00e8s de ses alli\u00e9s,&hellip;\n","protected":false},"author":2,"featured_media":689082,"comment_status":"","ping_status":"","sticky":false,"template":"","format":"standard","meta":{"footnotes":""},"categories":[1591],"tags":[11,15470,1887,17915,2489,78568,12,1885,1886,132,134],"class_list":{"0":"post-689081","1":"post","2":"type-post","3":"status-publish","4":"format-standard","5":"has-post-thumbnail","7":"category-russie","8":"tag-actualites","9":"tag-defense-aerienne","10":"tag-federation-de-russie","11":"tag-kyiv","12":"tag-la-russie","13":"tag-les-systemes-de-defense-aerienne","14":"tag-news","15":"tag-russia","16":"tag-russian-federation","17":"tag-russie","18":"tag-volodymyr-zelensky"},"share_on_mastodon":{"url":"https:\/\/pubeurope.com\/@fr\/115958061716152131","error":""},"_links":{"self":[{"href":"https:\/\/www.europesays.com\/fr\/wp-json\/wp\/v2\/posts\/689081","targetHints":{"allow":["GET"]}}],"collection":[{"href":"https:\/\/www.europesays.com\/fr\/wp-json\/wp\/v2\/posts"}],"about":[{"href":"https:\/\/www.europesays.com\/fr\/wp-json\/wp\/v2\/types\/post"}],"author":[{"embeddable":true,"href":"https:\/\/www.europesays.com\/fr\/wp-json\/wp\/v2\/users\/2"}],"replies":[{"embeddable":true,"href":"https:\/\/www.europesays.com\/fr\/wp-json\/wp\/v2\/comments?post=689081"}],"version-history":[{"count":0,"href":"https:\/\/www.europesays.com\/fr\/wp-json\/wp\/v2\/posts\/689081\/revisions"}],"wp:featuredmedia":[{"embeddable":true,"href":"https:\/\/www.europesays.com\/fr\/wp-json\/wp\/v2\/media\/689082"}],"wp:attachment":[{"href":"https:\/\/www.europesays.com\/fr\/wp-json\/wp\/v2\/media?parent=689081"}],"wp:term":[{"taxonomy":"category","embeddable":true,"href":"https:\/\/www.europesays.com\/fr\/wp-json\/wp\/v2\/categories?post=689081"},{"taxonomy":"post_tag","embeddable":true,"href":"https:\/\/www.europesays.com\/fr\/wp-json\/wp\/v2\/tags?post=689081"}],"curies":[{"name":"wp","href":"https:\/\/api.w.org\/{rel}","templated":true}]}}